{"id":20483,"date":"2025-03-27T23:10:04","date_gmt":"2025-03-28T03:10:04","guid":{"rendered":"https:\/\/noticiasveraces.com\/?p=20483"},"modified":"2025-03-27T23:10:04","modified_gmt":"2025-03-28T03:10:04","slug":"primer-ministro-de-australia-convoca-a-elecciones-generales-dw-28-03-2025","status":"publish","type":"post","link":"https:\/\/noticiasveraces.com\/?p=20483","title":{"rendered":"Primer ministro de Australia convoca a elecciones generales \u2013 DW \u2013 28\/03\/2025"},"content":{"rendered":"<p> \n<\/p>\n<div>\n<p>El primer ministro de Australia, Anthony Albanese, anunci\u00f3 este viernes (28.03.2025) la convocatoria de elecciones generales para el pr\u00f3ximo 3 de mayo, dando inicio a una campa\u00f1a electoral de cinco semanas que se espera se centre en la econom\u00eda.<\/p>\n<p>Albanese, que logr\u00f3 el poder en los comicios de 2022, buscar\u00e1 la reelecci\u00f3n para un mandato de tres a\u00f1os al frente del Partido Laborista, mientras que el conservador Peter Dutton ser\u00e1 el candidato de la coalici\u00f3n Libertal-Nacional.<\/p>\n<p>Las encuestas de opini\u00f3n reflejan un resultado muy igualado, que incluso podr\u00eda derivar en la necesidad de apoyo de partidos minoritarios y candidatos independientes, apunta el canal p\u00fablico ABC.<\/p>\n<p>\u00abQuiero una campa\u00f1a con contenido pol\u00edtico, esperanza y optimismo para nuestro pa\u00eds. Soy optimista respecto a Australia\u00bb, declar\u00f3 Albanese durante la rueda de prensa para el anuncio electoral. <\/p>\n<h2>Presupuestos nacionales<\/h2>\n<p>Seg\u00fan los expertos, la campa\u00f1a de ambas formaciones estar\u00e1 dominada por las presiones en el coste de vida, tales como el aumento de los precios de la luz, vivienda y algunos alimentos.<\/p>\n<p>Antes de la llamada a las urnas, el Gobierno de Albanese aprovech\u00f3 para aprobar el martes unos presupuestos nacionales con varios gui\u00f1os electorales disimuladas en rebajas fiscales y otras ayudas, entre ellas destinadas a educaci\u00f3n y sanidad.<\/p>\n<p>De acuerdo con el plan, el Ejecutivo reducir\u00e1 el impuesto a las rentas m\u00e1s bajas del 16 % al 15 % a mediados de 2026, y despu\u00e9s hasta el 14 % a mediados de 2027.<\/p>\n<p>Otras medidas incluyen un recorte del 20 % de la deuda total de universitarios, la entrega de 150 d\u00f3lares extra a cada australiano para facturas energ\u00e9ticas y la apertura de cl\u00ednicas de asistencia universal.<\/p>\n<p>MG (Efe, Reuters)<\/p>\n<\/p>\n<\/div>\n\n","protected":false},"excerpt":{"rendered":"<p>El primer ministro de Australia, Anthony Albanese, anunci\u00f3 este viernes (28.03.2025) la convocatoria de elecciones generales para el pr\u00f3ximo 3 de mayo, dando inicio a una campa\u00f1a electoral de cinco semanas que se espera se centre en la econom\u00eda. Albanese, que logr\u00f3 el poder en los comicios de 2022, buscar\u00e1 la reelecci\u00f3n para un mandato &hellip;<\/p>\n","protected":false},"author":1,"featured_media":20484,"comment_status":"open","ping_status":"open","sticky":false,"template":"","format":"standard","meta":{"fifu_image_url":"https:\/\/static.dw.com\/image\/69650301_6.jpg","fifu_image_alt":"","footnotes":""},"categories":[13],"tags":[],"class_list":["post-20483","post","type-post","status-publish","format-standard","has-post-thumbnail","","category-mundo"],"_links":{"self":[{"href":"https:\/\/noticiasveraces.com\/index.php?rest_route=\/wp\/v2\/posts\/20483","targetHints":{"allow":["GET"]}}],"collection":[{"href":"https:\/\/noticiasveraces.com\/index.php?rest_route=\/wp\/v2\/posts"}],"about":[{"href":"https:\/\/noticiasveraces.com\/index.php?rest_route=\/wp\/v2\/types\/post"}],"author":[{"embeddable":true,"href":"https:\/\/noticiasveraces.com\/index.php?rest_route=\/wp\/v2\/users\/1"}],"replies":[{"embeddable":true,"href":"https:\/\/noticiasveraces.com\/index.php?rest_route=%2Fwp%2Fv2%2Fcomments&post=20483"}],"version-history":[{"count":0,"href":"https:\/\/noticiasveraces.com\/index.php?rest_route=\/wp\/v2\/posts\/20483\/revisions"}],"wp:featuredmedia":[{"embeddable":true,"href":"https:\/\/noticiasveraces.com\/index.php?rest_route=\/wp\/v2\/media\/20484"}],"wp:attachment":[{"href":"https:\/\/noticiasveraces.com\/index.php?rest_route=%2Fwp%2Fv2%2Fmedia&parent=20483"}],"wp:term":[{"taxonomy":"category","embeddable":true,"href":"https:\/\/noticiasveraces.com\/index.php?rest_route=%2Fwp%2Fv2%2Fcategories&post=20483"},{"taxonomy":"post_tag","embeddable":true,"href":"https:\/\/noticiasveraces.com\/index.php?rest_route=%2Fwp%2Fv2%2Ftags&post=20483"}],"curies":[{"name":"wp","href":"https:\/\/api.w.org\/{rel}","templated":true}]}}