{"id":20462,"date":"2025-03-27T20:05:33","date_gmt":"2025-03-28T00:05:33","guid":{"rendered":"https:\/\/noticiasveraces.com\/?p=20462"},"modified":"2025-03-27T20:05:33","modified_gmt":"2025-03-28T00:05:33","slug":"el-primer-ministro-canadiense-mark-carney-dice-que-la-relacion-antigua-con-nosotros-ha-terminado","status":"publish","type":"post","link":"https:\/\/noticiasveraces.com\/?p=20462","title":{"rendered":"El primer ministro canadiense, Mark Carney, dice que la &#8216;relaci\u00f3n antigua&#8217; con nosotros ha terminado"},"content":{"rendered":"<p> \n<\/p>\n<div>\n<p class=\"speakable\">El primer ministro canadiense Mark Carney dijo el jueves que la \u00abantigua relaci\u00f3n\u00bb con Estados Unidos \u00abha terminado\u00bb mientras promet\u00eda participar en una renegociaci\u00f3n sobre un acuerdo comercial. <\/p>\n<p class=\"speakable\">Carney, de 60 a\u00f1os, quien gan\u00f3 el liderazgo liberal este mes con el 86% de los votos despu\u00e9s de que el ex primer ministro Justin Trudeau se retir\u00f3, habl\u00f3 en Ottawa despu\u00e9s de conocer a los ministros provinciales de la naci\u00f3n cuando habl\u00f3 sobre las nuevas tarifas del presidente Donald Trump. <\/p>\n<p><strong><u>La &#8216;sala de ira&#8217; de Canad\u00e1 permite a los visitantes aplastar a Trump, Vance, retratos de almizcle para lanzar la angustia de la tarifa<\/u><\/strong><\/p>\n<div class=\"image-ct inline\">\n<div class=\"m\"><picture><source media=\"(max-width: 767px)\" srcset=\"https:\/\/a57.foxnews.com\/static.foxnews.com\/foxnews.com\/content\/uploads\/2025\/03\/343\/192\/canadapm.jpg?ve=1&amp;tl=1, https:\/\/a57.foxnews.com\/static.foxnews.com\/foxnews.com\/content\/uploads\/2025\/03\/686\/384\/canadapm.jpg?ve=1&amp;tl=1 2x\" height=\"192\" width=\"343\"><source media=\"(min-width: 768px) and (max-width: 1023px)\" srcset=\"https:\/\/a57.foxnews.com\/static.foxnews.com\/foxnews.com\/content\/uploads\/2025\/03\/672\/378\/canadapm.jpg?ve=1&amp;tl=1, https:\/\/a57.foxnews.com\/static.foxnews.com\/foxnews.com\/content\/uploads\/2025\/03\/1344\/756\/canadapm.jpg?ve=1&amp;tl=1 2x\" height=\"378\" width=\"672\"><source media=\"(min-width: 1024px) and (max-width: 1279px)\" srcset=\"https:\/\/a57.foxnews.com\/static.foxnews.com\/foxnews.com\/content\/uploads\/2025\/03\/931\/523\/canadapm.jpg?ve=1&amp;tl=1, https:\/\/a57.foxnews.com\/static.foxnews.com\/foxnews.com\/content\/uploads\/2025\/03\/1862\/1046\/canadapm.jpg?ve=1&amp;tl=1 2x\" height=\"523\" width=\"931\"><source media=\"(min-width: 1280px)\" srcset=\"https:\/\/a57.foxnews.com\/static.foxnews.com\/foxnews.com\/content\/uploads\/2025\/03\/720\/405\/canadapm.jpg?ve=1&amp;tl=1, https:\/\/a57.foxnews.com\/static.foxnews.com\/foxnews.com\/content\/uploads\/2025\/03\/1440\/810\/canadapm.jpg?ve=1&amp;tl=1 2x\" height=\"405\" width=\"720\"><img loading=\"lazy\" decoding=\"async\" src=\"https:\/\/a57.foxnews.com\/static.foxnews.com\/foxnews.com\/content\/uploads\/2025\/03\/1200\/675\/canadapm.jpg?ve=1&amp;tl=1\" alt=\"Canad\u00e1, primer ministro, Mark Carney\" width=\"1200\" height=\"675\"\/><\/source><\/source><\/source><\/source><\/picture><\/div>\n<div class=\"info\">\n<div class=\"caption\">\n<p><span>El primer ministro canadiense Mark Carney habla con los medios de comunicaci\u00f3n en Parliament Hill despu\u00e9s de una reuni\u00f3n del Comit\u00e9 del Gabinete sobre Relaciones de Canad\u00e1 y Seguridad Nacional en Ottawa el jueves.<\/span> <span>(Adrian Wyld\/The Canadian Press a trav\u00e9s de AP)<\/span><\/p>\n<\/div>\n<\/div>\n<\/div>\n<p>\u00abLa antigua relaci\u00f3n que tuvimos con los Estados Unidos, basada en la profundizaci\u00f3n de la integraci\u00f3n de nuestras econom\u00edas y la estricta seguridad y cooperaciones militares, ha terminado\u00bb, dijo a los periodistas. \u00abLlegar\u00e1 el momento de una amplia renegociaci\u00f3n de nuestra relaci\u00f3n de seguridad y comercio\u00bb.<\/p>\n<p>Los comentarios de Carney no especificaron el futuro del Acuerdo de M\u00e9xico-Canada (USMCA) de los Estados Unidos (USMCA), que se renegoci\u00f3 durante el primer mandato de Trump en el cargo.<\/p>\n<p>Carney dijo que lo que Estados Unidos har\u00e1 a continuaci\u00f3n \u00abno est\u00e1 claro\u00bb. <\/p>\n<p><strong><u>El nuevo primer ministro de Canad\u00e1 y el cr\u00edtico de Trump, Mark Carney, acus\u00f3 a estar fuera de contacto con el &#8216;hombre com\u00fan&#8217;<\/u><\/strong><\/p>\n<div class=\"image-ct inline\">\n<div class=\"m\"><picture><source media=\"(max-width: 767px)\" srcset=\"https:\/\/a57.foxnews.com\/static.foxnews.com\/foxnews.com\/content\/uploads\/2025\/03\/343\/192\/trump-carney.jpg?ve=1&amp;tl=1, https:\/\/a57.foxnews.com\/static.foxnews.com\/foxnews.com\/content\/uploads\/2025\/03\/686\/384\/trump-carney.jpg?ve=1&amp;tl=1 2x\" height=\"192\" width=\"343\"><source media=\"(min-width: 768px) and (max-width: 1023px)\" srcset=\"https:\/\/a57.foxnews.com\/static.foxnews.com\/foxnews.com\/content\/uploads\/2025\/03\/672\/378\/trump-carney.jpg?ve=1&amp;tl=1, https:\/\/a57.foxnews.com\/static.foxnews.com\/foxnews.com\/content\/uploads\/2025\/03\/1344\/756\/trump-carney.jpg?ve=1&amp;tl=1 2x\" height=\"378\" width=\"672\"><source media=\"(min-width: 1024px) and (max-width: 1279px)\" srcset=\"https:\/\/a57.foxnews.com\/static.foxnews.com\/foxnews.com\/content\/uploads\/2025\/03\/931\/523\/trump-carney.jpg?ve=1&amp;tl=1, https:\/\/a57.foxnews.com\/static.foxnews.com\/foxnews.com\/content\/uploads\/2025\/03\/1862\/1046\/trump-carney.jpg?ve=1&amp;tl=1 2x\" height=\"523\" width=\"931\"><source media=\"(min-width: 1280px)\" srcset=\"https:\/\/a57.foxnews.com\/static.foxnews.com\/foxnews.com\/content\/uploads\/2025\/03\/720\/405\/trump-carney.jpg?ve=1&amp;tl=1, https:\/\/a57.foxnews.com\/static.foxnews.com\/foxnews.com\/content\/uploads\/2025\/03\/1440\/810\/trump-carney.jpg?ve=1&amp;tl=1 2x\" height=\"405\" width=\"720\"><img loading=\"lazy\" decoding=\"async\" src=\"https:\/\/a57.foxnews.com\/static.foxnews.com\/foxnews.com\/content\/uploads\/2025\/03\/1200\/675\/trump-carney.jpg?ve=1&amp;tl=1\" alt=\"Presidente Trump y Mark Carney\" width=\"1200\" height=\"675\"\/><\/source><\/source><\/source><\/source><\/picture><\/div>\n<div class=\"info\">\n<div class=\"caption\">\n<p><span>El presidente Donald Trump y el primer ministro canadiense Mark Carney<\/span> <span>(Getty Images)<\/span><\/p>\n<\/div>\n<\/div>\n<\/div>\n<p>\u00abLo que est\u00e1 claro es que nosotros como canadienses tenemos agencia. Tenemos poder. Somos maestros en nuestra propia casa\u00bb, dijo. \u00abControlamos nuestro destino. Podemos darnos mucho m\u00e1s que cualquier gobierno extranjero, incluido Estados Unidos, puede quitarse\u00bb.<\/p>\n<p>Los aranceles y los comentarios de Trump sobre hacer de Canad\u00e1 el 51\u00ba estado han inestable a los l\u00edderes canadienses y alterado a muchos canadienses. <\/p>\n<p><strong><u>Haga clic aqu\u00ed para obtener la aplicaci\u00f3n Fox News<\/u><\/strong><\/p>\n<p>El mi\u00e9rcoles, Trump dijo que impondr\u00eda una tarifa del 25% a las importaciones de autom\u00f3viles de fabricaci\u00f3n extranjera, un movimiento destinado a impulsar la industria automotriz de los Estados Unidos. Hizo una pausa en los aranceles sobre los bienes cubiertos por la USMCA.<\/p>\n<p> <!----> <\/div>\n\n","protected":false},"excerpt":{"rendered":"<p>El primer ministro canadiense Mark Carney dijo el jueves que la \u00abantigua relaci\u00f3n\u00bb con Estados Unidos \u00abha terminado\u00bb mientras promet\u00eda participar en una renegociaci\u00f3n sobre un acuerdo comercial. Carney, de 60 a\u00f1os, quien gan\u00f3 el liderazgo liberal este mes con el 86% de los votos despu\u00e9s de que el ex primer ministro Justin Trudeau se &hellip;<\/p>\n","protected":false},"author":1,"featured_media":20464,"comment_status":"open","ping_status":"open","sticky":false,"template":"","format":"standard","meta":{"fifu_image_url":"https:\/\/static.foxnews.com\/foxnews.com\/content\/uploads\/2025\/03\/canadapm.jpg","fifu_image_alt":"","footnotes":""},"categories":[13],"tags":[],"class_list":["post-20462","post","type-post","status-publish","format-standard","has-post-thumbnail","","category-mundo"],"_links":{"self":[{"href":"https:\/\/noticiasveraces.com\/index.php?rest_route=\/wp\/v2\/posts\/20462","targetHints":{"allow":["GET"]}}],"collection":[{"href":"https:\/\/noticiasveraces.com\/index.php?rest_route=\/wp\/v2\/posts"}],"about":[{"href":"https:\/\/noticiasveraces.com\/index.php?rest_route=\/wp\/v2\/types\/post"}],"author":[{"embeddable":true,"href":"https:\/\/noticiasveraces.com\/index.php?rest_route=\/wp\/v2\/users\/1"}],"replies":[{"embeddable":true,"href":"https:\/\/noticiasveraces.com\/index.php?rest_route=%2Fwp%2Fv2%2Fcomments&post=20462"}],"version-history":[{"count":0,"href":"https:\/\/noticiasveraces.com\/index.php?rest_route=\/wp\/v2\/posts\/20462\/revisions"}],"wp:featuredmedia":[{"embeddable":true,"href":"https:\/\/noticiasveraces.com\/index.php?rest_route=\/wp\/v2\/media\/20464"}],"wp:attachment":[{"href":"https:\/\/noticiasveraces.com\/index.php?rest_route=%2Fwp%2Fv2%2Fmedia&parent=20462"}],"wp:term":[{"taxonomy":"category","embeddable":true,"href":"https:\/\/noticiasveraces.com\/index.php?rest_route=%2Fwp%2Fv2%2Fcategories&post=20462"},{"taxonomy":"post_tag","embeddable":true,"href":"https:\/\/noticiasveraces.com\/index.php?rest_route=%2Fwp%2Fv2%2Ftags&post=20462"}],"curies":[{"name":"wp","href":"https:\/\/api.w.org\/{rel}","templated":true}]}}