{"id":20454,"date":"2025-03-27T19:04:24","date_gmt":"2025-03-27T23:04:24","guid":{"rendered":"https:\/\/noticiasveraces.com\/?p=20454"},"modified":"2025-03-27T19:04:24","modified_gmt":"2025-03-27T23:04:24","slug":"el-hombre-que-empuja-un-cuchillo-hiere-a-varias-personas-en-amsterdam-incluidos-2-estadounidenses","status":"publish","type":"post","link":"https:\/\/noticiasveraces.com\/?p=20454","title":{"rendered":"El hombre que empuja un cuchillo hiere a varias personas en Amsterdam, incluidos 2 estadounidenses"},"content":{"rendered":"<p> \n<\/p>\n<div>\n<p class=\"speakable\">Un hombre que empu\u00f1aba un cuchillo hiri\u00f3 gravemente a cinco personas en Amsterdam, incluidas dos de los Estados Unidos, durante un apu\u00f1alamiento en un distrito comercial el jueves, seg\u00fan la polic\u00eda holandesa.<\/p>\n<p class=\"speakable\">Associated Press dijo que la polic\u00eda not\u00f3 que el ataque, que dur\u00f3 varios minutos, termin\u00f3 cuando el sospechoso fue detenido por un transe\u00fante cerca de la plaza de la presa de la ciudad el jueves por la tarde.<\/p>\n<p>La polic\u00eda cerr\u00f3 el \u00e1rea, a la que fue atendida por equipos de emergencia que respondieron en ambulancias y un helic\u00f3ptero de trauma.<\/p>\n<p>En un comunicado, las autoridades dijeron que el motivo del ataque no se hab\u00eda establecido, aunque la polic\u00eda estaba investigando una situaci\u00f3n en la que el sospechoso apunt\u00f3 al azar a las v\u00edctimas.<\/p>\n<p><strong>El tranv\u00eda incendiado cuando Amsterdam se enfurece en<\/strong><\/p>\n<div class=\"image-ct inline\">\n<div class=\"m\"><picture><source media=\"(max-width: 767px)\" srcset=\"https:\/\/a57.foxnews.com\/static.foxnews.com\/foxnews.com\/content\/uploads\/2025\/03\/343\/192\/ap25086595837123.jpg?ve=1&amp;tl=1, https:\/\/a57.foxnews.com\/static.foxnews.com\/foxnews.com\/content\/uploads\/2025\/03\/686\/384\/ap25086595837123.jpg?ve=1&amp;tl=1 2x\" height=\"192\" width=\"343\"><source media=\"(min-width: 768px) and (max-width: 1023px)\" srcset=\"https:\/\/a57.foxnews.com\/static.foxnews.com\/foxnews.com\/content\/uploads\/2025\/03\/672\/378\/ap25086595837123.jpg?ve=1&amp;tl=1, https:\/\/a57.foxnews.com\/static.foxnews.com\/foxnews.com\/content\/uploads\/2025\/03\/1344\/756\/ap25086595837123.jpg?ve=1&amp;tl=1 2x\" height=\"378\" width=\"672\"><source media=\"(min-width: 1024px) and (max-width: 1279px)\" srcset=\"https:\/\/a57.foxnews.com\/static.foxnews.com\/foxnews.com\/content\/uploads\/2025\/03\/931\/523\/ap25086595837123.jpg?ve=1&amp;tl=1, https:\/\/a57.foxnews.com\/static.foxnews.com\/foxnews.com\/content\/uploads\/2025\/03\/1862\/1046\/ap25086595837123.jpg?ve=1&amp;tl=1 2x\" height=\"523\" width=\"931\"><source media=\"(min-width: 1280px)\" srcset=\"https:\/\/a57.foxnews.com\/static.foxnews.com\/foxnews.com\/content\/uploads\/2025\/03\/720\/405\/ap25086595837123.jpg?ve=1&amp;tl=1, https:\/\/a57.foxnews.com\/static.foxnews.com\/foxnews.com\/content\/uploads\/2025\/03\/1440\/810\/ap25086595837123.jpg?ve=1&amp;tl=1 2x\" height=\"405\" width=\"720\"><img loading=\"lazy\" decoding=\"async\" src=\"https:\/\/a57.foxnews.com\/static.foxnews.com\/foxnews.com\/content\/uploads\/2025\/03\/1200\/675\/ap25086595837123.jpg?ve=1&amp;tl=1\" alt=\"Pa\u00edses Bajos apu\u00f1alados\" width=\"1200\" height=\"675\"\/><\/source><\/source><\/source><\/source><\/picture><\/div>\n<div class=\"info\">\n<div class=\"caption\">\n<p><span>Los oficiales de polic\u00eda se re\u00fanen no lejos del \u00e1rea despu\u00e9s de un apu\u00f1alamiento cerca de Dam Square en el centro de Amsterdam, jueves 27 de marzo de 2025.<\/span> <span>(Photo AP\/Peter Delong)<\/span><\/p>\n<\/div>\n<\/div>\n<\/div>\n<p>Las autoridades identificaron a las v\u00edctimas como un hombre de 69 a\u00f1os y una mujer de 67 a\u00f1os de los Estados Unidos; una mujer de 73 a\u00f1os de B\u00e9lgica; un hombre de 26 a\u00f1os de Polonia; y una mujer de 19 a\u00f1os de Amsterdam.<\/p>\n<p><strong>Israel env\u00eda aviones de evacuaci\u00f3n a Amsterdam despu\u00e9s de &#8216;cambiar&#8217; el ataque a los fan\u00e1ticos del f\u00fatbol israel\u00ed<\/strong><\/p>\n<div class=\"image-ct inline\">\n<div class=\"m\"><picture><source media=\"(max-width: 767px)\" srcset=\"https:\/\/a57.foxnews.com\/static.foxnews.com\/foxnews.com\/content\/uploads\/2025\/03\/343\/192\/ap25086566617678.jpg?ve=1&amp;tl=1, https:\/\/a57.foxnews.com\/static.foxnews.com\/foxnews.com\/content\/uploads\/2025\/03\/686\/384\/ap25086566617678.jpg?ve=1&amp;tl=1 2x\" height=\"192\" width=\"343\"><source media=\"(min-width: 768px) and (max-width: 1023px)\" srcset=\"https:\/\/a57.foxnews.com\/static.foxnews.com\/foxnews.com\/content\/uploads\/2025\/03\/672\/378\/ap25086566617678.jpg?ve=1&amp;tl=1, https:\/\/a57.foxnews.com\/static.foxnews.com\/foxnews.com\/content\/uploads\/2025\/03\/1344\/756\/ap25086566617678.jpg?ve=1&amp;tl=1 2x\" height=\"378\" width=\"672\"><source media=\"(min-width: 1024px) and (max-width: 1279px)\" srcset=\"https:\/\/a57.foxnews.com\/static.foxnews.com\/foxnews.com\/content\/uploads\/2025\/03\/931\/523\/ap25086566617678.jpg?ve=1&amp;tl=1, https:\/\/a57.foxnews.com\/static.foxnews.com\/foxnews.com\/content\/uploads\/2025\/03\/1862\/1046\/ap25086566617678.jpg?ve=1&amp;tl=1 2x\" height=\"523\" width=\"931\"><source media=\"(min-width: 1280px)\" srcset=\"https:\/\/a57.foxnews.com\/static.foxnews.com\/foxnews.com\/content\/uploads\/2025\/03\/720\/405\/ap25086566617678.jpg?ve=1&amp;tl=1, https:\/\/a57.foxnews.com\/static.foxnews.com\/foxnews.com\/content\/uploads\/2025\/03\/1440\/810\/ap25086566617678.jpg?ve=1&amp;tl=1 2x\" height=\"405\" width=\"720\"><img loading=\"lazy\" decoding=\"async\" src=\"https:\/\/a57.foxnews.com\/static.foxnews.com\/foxnews.com\/content\/uploads\/2025\/03\/1200\/675\/ap25086566617678.jpg?ve=1&amp;tl=1\" alt=\"Pa\u00edses Bajos apu\u00f1alados\" width=\"1200\" height=\"675\"\/><\/source><\/source><\/source><\/source><\/picture><\/div>\n<div class=\"info\">\n<div class=\"caption\">\n<p><span>Los agentes de polic\u00eda acordonan un \u00e1rea despu\u00e9s de un apu\u00f1alamiento cerca de Dam Square en el centro de Amsterdam, jueves 27 de marzo de 2025.<\/span> <span>(Photo AP\/Peter Delong)<\/span><\/p>\n<\/div>\n<\/div>\n<\/div>\n<p>\u00abLa investigaci\u00f3n policial est\u00e1 en pleno apogeo y tiene plena prioridad en este momento. Esperamos obtener m\u00e1s claridad sobre los antecedentes de este horrible apu\u00f1alamiento\u00bb, dijo la alcaldesa de Amsterdam, Femke Halsema. \u00abNuestros corazones est\u00e1n con las v\u00edctimas, sus familias y seres queridos\u00bb.<\/p>\n<p>La polic\u00eda le dijo a la AP que el sospechoso result\u00f3 herido cuando un espectador lo venci\u00f3.<\/p>\n<p><strong>Los fan\u00e1ticos del f\u00fatbol israel\u00edes atacados en ola de violencia en Amsterdam<\/strong><\/p>\n<div class=\"image-ct inline\">\n<div class=\"m\"><picture><source media=\"(max-width: 767px)\" srcset=\"https:\/\/a57.foxnews.com\/static.foxnews.com\/foxnews.com\/content\/uploads\/2025\/03\/343\/192\/ap25086568764994.jpg?ve=1&amp;tl=1, https:\/\/a57.foxnews.com\/static.foxnews.com\/foxnews.com\/content\/uploads\/2025\/03\/686\/384\/ap25086568764994.jpg?ve=1&amp;tl=1 2x\" height=\"192\" width=\"343\"><source media=\"(min-width: 768px) and (max-width: 1023px)\" srcset=\"https:\/\/a57.foxnews.com\/static.foxnews.com\/foxnews.com\/content\/uploads\/2025\/03\/672\/378\/ap25086568764994.jpg?ve=1&amp;tl=1, https:\/\/a57.foxnews.com\/static.foxnews.com\/foxnews.com\/content\/uploads\/2025\/03\/1344\/756\/ap25086568764994.jpg?ve=1&amp;tl=1 2x\" height=\"378\" width=\"672\"><source media=\"(min-width: 1024px) and (max-width: 1279px)\" srcset=\"https:\/\/a57.foxnews.com\/static.foxnews.com\/foxnews.com\/content\/uploads\/2025\/03\/931\/523\/ap25086568764994.jpg?ve=1&amp;tl=1, https:\/\/a57.foxnews.com\/static.foxnews.com\/foxnews.com\/content\/uploads\/2025\/03\/1862\/1046\/ap25086568764994.jpg?ve=1&amp;tl=1 2x\" height=\"523\" width=\"931\"><source media=\"(min-width: 1280px)\" srcset=\"https:\/\/a57.foxnews.com\/static.foxnews.com\/foxnews.com\/content\/uploads\/2025\/03\/720\/405\/ap25086568764994.jpg?ve=1&amp;tl=1, https:\/\/a57.foxnews.com\/static.foxnews.com\/foxnews.com\/content\/uploads\/2025\/03\/1440\/810\/ap25086568764994.jpg?ve=1&amp;tl=1 2x\" height=\"405\" width=\"720\"><img loading=\"lazy\" decoding=\"async\" src=\"https:\/\/a57.foxnews.com\/static.foxnews.com\/foxnews.com\/content\/uploads\/2025\/03\/1200\/675\/ap25086568764994.jpg?ve=1&amp;tl=1\" alt=\"Pa\u00edses Bajos apu\u00f1alados\" width=\"1200\" height=\"675\"\/><\/source><\/source><\/source><\/source><\/picture><\/div>\n<div class=\"info\">\n<div class=\"caption\">\n<p><span>El personal de servicios de emergencia se re\u00fane cerca de la escena despu\u00e9s de un apu\u00f1alamiento cerca de Dam Square en el centro de Amsterdam, jueves 27 de marzo de 2025.<\/span> <span>(Photo AP\/Peter Delong)<\/span><\/p>\n<\/div>\n<\/div>\n<\/div>\n<p>\u00abEl sospechoso fue detenido con la ayuda de un civil\u00bb, dijo el portavoz de la polic\u00eda, Eline Roovers.<\/p>\n<p>Guido Oostorm, otro portavoz del departamento de polic\u00eda, dijo que las v\u00edctimas hab\u00edan sido llevadas a los hospitales del \u00e1rea para recibir tratamiento.<\/p>\n<p>Un portavoz del Departamento de Estado confirm\u00f3 a Fox News que dos ciudadanos estadounidenses resultaron heridos durante el incidente.<\/p>\n<p><strong><u>Haga clic aqu\u00ed para obtener la aplicaci\u00f3n Fox News<\/u><\/strong><\/p>\n<p>\u00abEl Departamento de Estado de los Estados Unidos no tiene mayor prioridad que la seguridad de los ciudadanos estadounidenses en el extranjero\u00bb, dijo el portavoz. \u00abEstamos siguiendo los informes de un apu\u00f1alamiento en Amsterdam, los Pa\u00edses Bajos. Extendemos nuestras simpat\u00edas a las v\u00edctimas y a las familias de los afectados. Podemos confirmar que dos ciudadanos estadounidenses resultaron heridos. Debido a la privacidad y otras consideraciones, no tenemos m\u00e1s comentarios\u00bb.<\/p>\n<p><i>Associated Press contribuy\u00f3 a este informe.<\/i><\/p>\n<p> <!----> <\/p>\n<div class=\"article-meta\">\n<div class=\"author-bio\">\n<p>Greg Wehner es un reportero de noticias de Fox News Digital.<\/p>\n<p>Los consejos e ideas de la historia se pueden enviar a greg.wehner@fox.com y en Twitter @Gregwehner.<\/p>\n<\/div>\n<\/div>\n<\/div>\n\n","protected":false},"excerpt":{"rendered":"<p>Un hombre que empu\u00f1aba un cuchillo hiri\u00f3 gravemente a cinco personas en Amsterdam, incluidas dos de los Estados Unidos, durante un apu\u00f1alamiento en un distrito comercial el jueves, seg\u00fan la polic\u00eda holandesa. Associated Press dijo que la polic\u00eda not\u00f3 que el ataque, que dur\u00f3 varios minutos, termin\u00f3 cuando el sospechoso fue detenido por un transe\u00fante &hellip;<\/p>\n","protected":false},"author":1,"featured_media":20456,"comment_status":"open","ping_status":"open","sticky":false,"template":"","format":"standard","meta":{"fifu_image_url":"https:\/\/static.foxnews.com\/foxnews.com\/content\/uploads\/2025\/03\/ap25086595837123.jpg","fifu_image_alt":"","footnotes":""},"categories":[13],"tags":[],"class_list":["post-20454","post","type-post","status-publish","format-standard","has-post-thumbnail","","category-mundo"],"_links":{"self":[{"href":"https:\/\/noticiasveraces.com\/index.php?rest_route=\/wp\/v2\/posts\/20454","targetHints":{"allow":["GET"]}}],"collection":[{"href":"https:\/\/noticiasveraces.com\/index.php?rest_route=\/wp\/v2\/posts"}],"about":[{"href":"https:\/\/noticiasveraces.com\/index.php?rest_route=\/wp\/v2\/types\/post"}],"author":[{"embeddable":true,"href":"https:\/\/noticiasveraces.com\/index.php?rest_route=\/wp\/v2\/users\/1"}],"replies":[{"embeddable":true,"href":"https:\/\/noticiasveraces.com\/index.php?rest_route=%2Fwp%2Fv2%2Fcomments&post=20454"}],"version-history":[{"count":0,"href":"https:\/\/noticiasveraces.com\/index.php?rest_route=\/wp\/v2\/posts\/20454\/revisions"}],"wp:featuredmedia":[{"embeddable":true,"href":"https:\/\/noticiasveraces.com\/index.php?rest_route=\/wp\/v2\/media\/20456"}],"wp:attachment":[{"href":"https:\/\/noticiasveraces.com\/index.php?rest_route=%2Fwp%2Fv2%2Fmedia&parent=20454"}],"wp:term":[{"taxonomy":"category","embeddable":true,"href":"https:\/\/noticiasveraces.com\/index.php?rest_route=%2Fwp%2Fv2%2Fcategories&post=20454"},{"taxonomy":"post_tag","embeddable":true,"href":"https:\/\/noticiasveraces.com\/index.php?rest_route=%2Fwp%2Fv2%2Ftags&post=20454"}],"curies":[{"name":"wp","href":"https:\/\/api.w.org\/{rel}","templated":true}]}}