{"id":20413,"date":"2025-03-27T12:21:19","date_gmt":"2025-03-27T16:21:19","guid":{"rendered":"https:\/\/noticiasveraces.com\/?p=20413"},"modified":"2025-03-27T12:21:19","modified_gmt":"2025-03-27T16:21:19","slug":"la-fiscalia-pide-18-meses-de-prision-para-gerard-depardieu-por-agresion-sexual-sociedad","status":"publish","type":"post","link":"https:\/\/noticiasveraces.com\/?p=20413","title":{"rendered":"La Fiscal\u00eda pide 18 meses de prisi\u00f3n para G\u00e9rard Depardieu por agresi\u00f3n sexual | Sociedad"},"content":{"rendered":"<p> \n<br \/><img decoding=\"async\" src=\"https:\/\/imagenes.elpais.com\/resizer\/v2\/GLJVQ5VFENGY5NVJTLTIFXBBUU.jpg?auth=6de312f30225976aadfb8bf217e9241b6e8de980170a2735a49858698cf1d017\" \/><\/p>\n<div data-dtm-region=\"articulo_cuerpo\">\n<p class=\"\">La fiscal\u00eda ha pedido este jueves 18 meses de prisi\u00f3n y 20.000 euros de multa para el actor franc\u00e9s G\u00e9rard Depardieu, al que se juzga desde el lunes por agresi\u00f3n sexual a dos mujeres con las que trabaj\u00f3 en el rodaje de la pel\u00edcula <i>Las persianas verdes<\/i>en 2021. Pide adem\u00e1s que se le inscriba en el registro de autores de infracciones sexuales por los presuntos delitos, que el int\u00e9rprete niega, a pesar del relato ayer de varios testigos, que corroboran la versi\u00f3n de las dos presuntas v\u00edctimas.<\/p>\n<p class=\"\">Hay \u201ctres testimonios visuales que prueban el contacto f\u00edsico del actor con una de ellas, lo que constituye incontestablemente una agresi\u00f3n sexual. Por ello, pido que se le declare culpable de agresi\u00f3n sexual. La cuesti\u00f3n es: cu\u00e1l es la motivaci\u00f3n. \u00bfEra una costumbre hablar de sexo y acompa\u00f1ar el gesto a la palabra? \u00bfEran pulsiones sexuales?\u201d, ha defendido el fiscal, dirigi\u00e9ndose al presidente del tribunal.<\/p>\n<p class=\"\">Por su estatus, G\u00e9rard Depardieu \u201ctiene un deber de ejemplaridad, de humanidad\u201d, prosigui\u00f3 el fiscal. \u201cHabr\u00e1 que dictar una sentencia adaptada a este aspecto, adaptada a la naturaleza de los hechos, una sentencia que tenga en cuenta esta ausencia total de cuestionamiento de los hechos\u201d, insisti\u00f3.<\/p>\n<p class=\"\">Depardieu, 76 a\u00f1os y 150 kilos, ha salido en un par de ocasiones de la sala, algo que se le permite debido a su delicado estado de salud. \u201cHoy se va a juzgar a G\u00e9rard Depardieu como a cualquier otro hombre\u201d, ha dicho el fiscal. \u201cAlgunos testigos han dicho que es un gran actor, sensible (\u2026) Se puede ser un excelente vecino, buen panadero, buen padre, y esto no tiene nada que ver con las infracciones que uno puede cometer. La conducci\u00f3n bajo los efectos del alcohol de un padre no anula sus buenas cualidades como padre\u201d.<\/p>\n<p class=\"\">En el tercer y \u00faltimo d\u00eda de juicio tocaba el turno de los alegatos finales, el de las abogadas de las presuntas v\u00edctimas y la defensa de Depardieu. Las primeras han destacado la posici\u00f3n de poder y de dominaci\u00f3n del int\u00e9rprete sobre las dos demandantes, una escen\u00f3grafa y la otra asistente de realizaci\u00f3n, con contratos inestables, pues iban enlazando rodajes. \u201c\u00c9l es fuerte con los d\u00e9biles y d\u00e9bil con los fuertes\u201d, ha dicho Carine Durrieu Diebolt, abogada de una de las dos mujeres, identificada como Am\u00e9lie.<\/p>\n<p class=\"\">Han hecho hincapi\u00e9 en el car\u00e1cter mis\u00f3gino del int\u00e9rprete, por la reiteraci\u00f3n de sus comentarios sexistas, normalizados por el entorno y admitidos por \u00e9l estos d\u00edas. \u201cEl caso P\u00e9licot, el caso Le Scouarnec, el caso Depardieu&#8230; Hay puntos en com\u00fan en todos estos casos de violencia sexual y es el silenciamiento de actos de agresi\u00f3n durante d\u00e9cadas\u201d, ha arrancado su alegato Carine Durrieu Diebolt. Se refiere a los \u00faltimos procesos judiciales, muy medi\u00e1ticos, que han tenido lugar en Francia estos meses.<\/p>\n<p class=\"\">Claude Vincent, abogada de la segunda mujer, ha denunciado la violencia vivida en el juicio, con sesiones tensas en las que se ha criticado la estrategia de los abogados del actor, intentando dilatar los tiempos con triqui\u00f1uelas legales y atacando a la otra parte. \u201cHemos asistido a la apolog\u00eda del sexismo\u201d, ha lamentado la letrada, que cree que \u201cse ha demostrado que no, no se puede separar al hombre del artista\u201d.<\/p>\n<p class=\"\">El juicio a uno de los emblemas del cine franc\u00e9s, que ha rodado m\u00e1s de 200 pel\u00edculas y en cuya defensa sali\u00f3 hace meses el presidente franc\u00e9s, Emmanuel Macron, se ha convertido en s\u00edmbolo del feminismo, que denuncia la banalizaci\u00f3n de las agresiones sexuales. El ejemplo, las declaraciones de Depardieu estos d\u00edas, escud\u00e1ndose en su comportamiento \u201cgrosero\u201d. Este mi\u00e9rcoles dijo que \u201cuna agresi\u00f3n sexual es algo m\u00e1s grave que lo que ella dice, poner una mano en el culo\u201d, en referencia al relato de una de las presuntas v\u00edctimas.<\/p>\n<p class=\"\">El fiscal ha recordado que una agresi\u00f3n sexual \u201cno es gran cosa en t\u00e9rminos de tiempo, puede ser cuesti\u00f3n de un segundo poner una mano en el culo, pero en t\u00e9rminos de violencia es fuerte para la persona que lo sufre\u201d.<\/p>\n<\/div>\n\n","protected":false},"excerpt":{"rendered":"<p>La fiscal\u00eda ha pedido este jueves 18 meses de prisi\u00f3n y 20.000 euros de multa para el actor franc\u00e9s G\u00e9rard Depardieu, al que se juzga desde el lunes por agresi\u00f3n sexual a dos mujeres con las que trabaj\u00f3 en el rodaje de la pel\u00edcula Las persianas verdesen 2021. Pide adem\u00e1s que se le inscriba en &hellip;<\/p>\n","protected":false},"author":1,"featured_media":20415,"comment_status":"open","ping_status":"open","sticky":false,"template":"","format":"standard","meta":{"fifu_image_url":"https:\/\/imagenes.elpais.com\/resizer\/v2\/GLJVQ5VFENGY5NVJTLTIFXBBUU.jpg?auth=6de312f30225976aadfb8bf217e9241b6e8de980170a2735a49858698cf1d017&width=1200","fifu_image_alt":"","footnotes":""},"categories":[11],"tags":[],"class_list":["post-20413","post","type-post","status-publish","format-standard","has-post-thumbnail","","category-viaje"],"_links":{"self":[{"href":"https:\/\/noticiasveraces.com\/index.php?rest_route=\/wp\/v2\/posts\/20413","targetHints":{"allow":["GET"]}}],"collection":[{"href":"https:\/\/noticiasveraces.com\/index.php?rest_route=\/wp\/v2\/posts"}],"about":[{"href":"https:\/\/noticiasveraces.com\/index.php?rest_route=\/wp\/v2\/types\/post"}],"author":[{"embeddable":true,"href":"https:\/\/noticiasveraces.com\/index.php?rest_route=\/wp\/v2\/users\/1"}],"replies":[{"embeddable":true,"href":"https:\/\/noticiasveraces.com\/index.php?rest_route=%2Fwp%2Fv2%2Fcomments&post=20413"}],"version-history":[{"count":0,"href":"https:\/\/noticiasveraces.com\/index.php?rest_route=\/wp\/v2\/posts\/20413\/revisions"}],"wp:featuredmedia":[{"embeddable":true,"href":"https:\/\/noticiasveraces.com\/index.php?rest_route=\/wp\/v2\/media\/20415"}],"wp:attachment":[{"href":"https:\/\/noticiasveraces.com\/index.php?rest_route=%2Fwp%2Fv2%2Fmedia&parent=20413"}],"wp:term":[{"taxonomy":"category","embeddable":true,"href":"https:\/\/noticiasveraces.com\/index.php?rest_route=%2Fwp%2Fv2%2Fcategories&post=20413"},{"taxonomy":"post_tag","embeddable":true,"href":"https:\/\/noticiasveraces.com\/index.php?rest_route=%2Fwp%2Fv2%2Ftags&post=20413"}],"curies":[{"name":"wp","href":"https:\/\/api.w.org\/{rel}","templated":true}]}}