{"id":20396,"date":"2025-03-27T08:50:41","date_gmt":"2025-03-27T12:50:41","guid":{"rendered":"https:\/\/noticiasveraces.com\/?p=20396"},"modified":"2025-03-27T08:50:41","modified_gmt":"2025-03-27T12:50:41","slug":"presidente-de-pro-israel-no-critico-a-la-onu-funcionario-durante-la-sesion-del-consejo-de-derechos-humanos-de-la-onu","status":"publish","type":"post","link":"https:\/\/noticiasveraces.com\/?p=20396","title":{"rendered":"Presidente de Pro-Israel no critic\u00f3 a la ONU funcionario durante la sesi\u00f3n del Consejo de Derechos Humanos de la ONU"},"content":{"rendered":"<p> \n<\/p>\n<div>\n<p class=\"speakable\">La sesi\u00f3n del Consejo de Derechos Humanos de las Naciones Unidas (AHRC) en Ginebra el mi\u00e9rcoles estuvo marcada por la interrupci\u00f3n y el rega\u00f1\u00f3n de los oradores pro-Israel.<\/p>\n<p class=\"speakable\">Mientras tanto, a los que hablaron contra el estado jud\u00edo se les permiti\u00f3 lanzar insultos y acusaciones de \u00abgenocidio\u00bb.<\/p>\n<p>El director ejecutivo de la ONU Watch, Hillel Neuer, fue interrumpido dos veces mientras hablaba contra el relator especial de las Naciones Unidas, Francesca Albanese, cuyo t\u00e9rmino est\u00e1 en renovaci\u00f3n. Fue interrumpido y finalmente bloqueado para entregar sus comentarios completos.<\/p>\n<p>El representante de observador permanente del estado de Palestina a la ONU Ibrahim Khraishi interrumpi\u00f3 por primera vez a Neuer con un \u00abpunto de orden\u00bb. Khraishi comenz\u00f3 sus comentarios diciendo que Neuer estaba fuera de orden y acus\u00f3 al jefe de vigilancia de la ONU de estar \u00abafiliado al Mossad\u00bb. Este reclamo no fue constilgado por los funcionarios que dirig\u00edan la sesi\u00f3n, quienes se quejaban repetidamente sobre \u00ablenguaje irrespetuoso\u00bb.<\/p>\n<div class=\"image-ct inline\">\n<div class=\"m\"><picture><source media=\"(max-width: 767px)\" srcset=\"https:\/\/a57.foxnews.com\/static.foxnews.com\/foxnews.com\/content\/uploads\/2025\/02\/343\/192\/un-human-rights.jpg?ve=1&amp;tl=1, https:\/\/a57.foxnews.com\/static.foxnews.com\/foxnews.com\/content\/uploads\/2025\/02\/686\/384\/un-human-rights.jpg?ve=1&amp;tl=1 2x\" height=\"192\" width=\"343\"><source media=\"(min-width: 768px) and (max-width: 1023px)\" srcset=\"https:\/\/a57.foxnews.com\/static.foxnews.com\/foxnews.com\/content\/uploads\/2025\/02\/672\/378\/un-human-rights.jpg?ve=1&amp;tl=1, https:\/\/a57.foxnews.com\/static.foxnews.com\/foxnews.com\/content\/uploads\/2025\/02\/1344\/756\/un-human-rights.jpg?ve=1&amp;tl=1 2x\" height=\"378\" width=\"672\"><source media=\"(min-width: 1024px) and (max-width: 1279px)\" srcset=\"https:\/\/a57.foxnews.com\/static.foxnews.com\/foxnews.com\/content\/uploads\/2025\/02\/931\/523\/un-human-rights.jpg?ve=1&amp;tl=1, https:\/\/a57.foxnews.com\/static.foxnews.com\/foxnews.com\/content\/uploads\/2025\/02\/1862\/1046\/un-human-rights.jpg?ve=1&amp;tl=1 2x\" height=\"523\" width=\"931\"><source media=\"(min-width: 1280px)\" srcset=\"https:\/\/a57.foxnews.com\/static.foxnews.com\/foxnews.com\/content\/uploads\/2025\/02\/720\/405\/un-human-rights.jpg?ve=1&amp;tl=1, https:\/\/a57.foxnews.com\/static.foxnews.com\/foxnews.com\/content\/uploads\/2025\/02\/1440\/810\/un-human-rights.jpg?ve=1&amp;tl=1 2x\" height=\"405\" width=\"720\"><img loading=\"lazy\" decoding=\"async\" src=\"https:\/\/a57.foxnews.com\/static.foxnews.com\/foxnews.com\/content\/uploads\/2025\/02\/1200\/675\/un-human-rights.jpg?ve=1&amp;tl=1\" alt=\"Consejo de Derechos Humanos de la ONU\" width=\"1200\" height=\"675\"\/><\/source><\/source><\/source><\/source><\/picture><\/div>\n<div class=\"info\">\n<div class=\"caption\">\n<p><span>Consejo de Derechos Humanos en las Naciones Unidas en Ginebra el 26 de febrero de 2025.<\/span> <span>(Reuters\/Denis Balibouse)<\/span><\/p>\n<\/div>\n<\/div>\n<\/div>\n<p><strong>El reh\u00e9n israel\u00ed liberado les dice a las Naciones Unidas que Hamas roba ayuda<\/strong><\/p>\n<p>Neuer calific\u00f3 el incidente \u00abcensura en su forma m\u00e1s cruda\u00bb y dijo que era \u00abun d\u00eda de verg\u00fcenza para las Naciones Unidas\u00bb en un comunicado a Fox News Digital.<\/p>\n<p>\u00abDejaron que la OLP vaya a la calumnia, pero cerr\u00f3 mi micr\u00f3fono cuando cit\u00e9 las palabras de Francia, Alemania, Canad\u00e1 y los Estados Unidos. \u00bfQu\u00e9 es m\u00e1s\u00bb irrespetuoso \u00ab, informando el hecho de que las democracias han condenado a Francesca Albanese por el antisemitismo, o permitiendo que un delegado no acreditado sea un delegado por los derechos humanos de ser un Mossad Operative?\u00bb \u00ab<\/p>\n<p>Despu\u00e9s de la primera interrupci\u00f3n, Neuer cit\u00f3 un precedente por presentar una queja contra un funcionario de la ONU en la sesi\u00f3n del consejo. Sin embargo, Khraishi se opuso una vez m\u00e1s y, en ese momento, el funcionario de la ONU que ejecuta la sesi\u00f3n se movi\u00f3 para proceder al pr\u00f3ximo orador en lugar de dejar que Neuer concluya.<\/p>\n<p>\u00abFui silenciado hoy, pero la verdad no lo ser\u00e1. Francia, Alemania, Canad\u00e1, Estados Unidos y los Pa\u00edses Bajos han hablado. Han condenado el antisemitismo de Francesca Albanese. La llamaron no apta. Es hora de que cada democracia encuentre su voz. El silencio es complicidad\u00bb, dijo Neuer a Fox News Digital.<\/p>\n<div class=\"image-ct inline\">\n<div class=\"m\"><picture><source media=\"(max-width: 767px)\" srcset=\"https:\/\/a57.foxnews.com\/static.foxnews.com\/foxnews.com\/content\/uploads\/2025\/03\/343\/192\/hillel-neuer.jpg?ve=1&amp;tl=1, https:\/\/a57.foxnews.com\/static.foxnews.com\/foxnews.com\/content\/uploads\/2025\/03\/686\/384\/hillel-neuer.jpg?ve=1&amp;tl=1 2x\" height=\"192\" width=\"343\"><source media=\"(min-width: 768px) and (max-width: 1023px)\" srcset=\"https:\/\/a57.foxnews.com\/static.foxnews.com\/foxnews.com\/content\/uploads\/2025\/03\/672\/378\/hillel-neuer.jpg?ve=1&amp;tl=1, https:\/\/a57.foxnews.com\/static.foxnews.com\/foxnews.com\/content\/uploads\/2025\/03\/1344\/756\/hillel-neuer.jpg?ve=1&amp;tl=1 2x\" height=\"378\" width=\"672\"><source media=\"(min-width: 1024px) and (max-width: 1279px)\" srcset=\"https:\/\/a57.foxnews.com\/static.foxnews.com\/foxnews.com\/content\/uploads\/2025\/03\/931\/523\/hillel-neuer.jpg?ve=1&amp;tl=1, https:\/\/a57.foxnews.com\/static.foxnews.com\/foxnews.com\/content\/uploads\/2025\/03\/1862\/1046\/hillel-neuer.jpg?ve=1&amp;tl=1 2x\" height=\"523\" width=\"931\"><source media=\"(min-width: 1280px)\" srcset=\"https:\/\/a57.foxnews.com\/static.foxnews.com\/foxnews.com\/content\/uploads\/2025\/03\/720\/405\/hillel-neuer.jpg?ve=1&amp;tl=1, https:\/\/a57.foxnews.com\/static.foxnews.com\/foxnews.com\/content\/uploads\/2025\/03\/1440\/810\/hillel-neuer.jpg?ve=1&amp;tl=1 2x\" height=\"405\" width=\"720\"><img loading=\"lazy\" decoding=\"async\" src=\"https:\/\/a57.foxnews.com\/static.foxnews.com\/foxnews.com\/content\/uploads\/2025\/03\/1200\/675\/hillel-neuer.jpg?ve=1&amp;tl=1\" alt=\"Director Ejecutivo de ONU Watch Hillel Neuer en Washington, DC\" width=\"1200\" height=\"675\"\/><\/source><\/source><\/source><\/source><\/picture><\/div>\n<div class=\"info\">\n<div class=\"caption\">\n<p><span>El director ejecutivo de la ONU, Hillel Neuer.<\/span> <span>(Alex Wong\/Getty Images)<\/span><\/p>\n<\/div>\n<\/div>\n<\/div>\n<p><strong>ONU culpa a los israel\u00edes por un ataque contra el complejo, pero no menciona a Hamas, dice obligado a reducir la huella de Gaza<\/strong><\/p>\n<p>Neuer no fue el \u00fanico orador pro-Israel que fue reprendido por su idioma. El Instituto de Derechos Humanos de Touro y la directora del Holocausto, Anne Bayefsky, tambi\u00e9n fue rega\u00f1ada. Despu\u00e9s de que su video se reprodujo en la sesi\u00f3n, fue condenada por lo que los funcionarios de la ONU que dirigen la sesi\u00f3n consideraron \u00abirrespetuoso\u00bb y fuera de los \u00abl\u00edmites aceptables\u00bb.<\/p>\n<p>\u00abNo definen el terrorismo. No nombran a Hamas. Albanese y [Navi] El piloto es inmune a la condena por sus atrocidades. No hay responsabilidad de la ONU. Y para eso, la nueva administraci\u00f3n estadounidense debe responsabilizarlos \u00ab, dijo Bayefsky a Fox News Digital.<\/p>\n<p>Albanese, quien fue nombrado Relator Especial en 2022, ha sido condenado por los gobiernos de m\u00faltiples pa\u00edses y enfrent\u00f3 acusaciones de antisemitismo. Seg\u00fan la Liga Anti-Defamaci\u00f3n (ADL), Albanese respondi\u00f3 a una conferencia organizada por Hamas en Gaza diciendo \u00abTienes derecho a resistir esta ocupaci\u00f3n\u00bb. Eso fue solo unos meses despu\u00e9s de su cita para el puesto de la ONU.<\/p>\n<p><strong><u>La pausa en la ayuda extranjera de los Estados Unidos tiene la ONU en p\u00e1nico por los recortes de fondos, Trump dice que el cuerpo mundial \u00abno est\u00e1 bien dirigido\u00bb<\/u><\/strong><\/p>\n<p>El mi\u00e9rcoles, Neuer envi\u00f3 una carta oficial al presidente del Consejo de Derechos Humanos, J\u00fcrg Lauber, inst\u00e1ndole a no volver a nombrar a Albanese. En la carta, Neuer acusa a Albanese de \u00abrutinariamente\u00bb violando el c\u00f3digo de conducta, caracterizando sus infracciones como \u00abgeneralizadas, sistem\u00e1ticas y graves\u00bb.<\/p>\n<p>\u00abEl incumplimiento de este problema socavar\u00eda gravemente la credibilidad del UNHRC y indicar\u00eda una tolerancia inaceptable para el antisemitismo dentro de sus filas\u00bb, advirti\u00f3 Neuer en la carta.<\/p>\n<p>La respuesta de Albanese al presidente franc\u00e9s Emmanuel Macron llamando a los ataques del 7 de octubre \u00abla masacre antisemita m\u00e1s grande de nuestro siglo\u00bb provoc\u00f3 una reacci\u00f3n violenta de Francia, Estados Unidos y Alemania.<\/p>\n<p>En febrero de 2024, Albanese dijo que los asesinados el 7 de octubre fueron asesinados \u00aben respuesta a la opresi\u00f3n de Israel\u00bb, y no porque fueran jud\u00edos.<\/p>\n<div class=\"image-ct inline\">\n<div class=\"m\"><picture><source media=\"(max-width: 767px)\" srcset=\"https:\/\/a57.foxnews.com\/static.foxnews.com\/foxnews.com\/content\/uploads\/2025\/03\/343\/192\/francesca-albanese.jpg?ve=1&amp;tl=1, https:\/\/a57.foxnews.com\/static.foxnews.com\/foxnews.com\/content\/uploads\/2025\/03\/686\/384\/francesca-albanese.jpg?ve=1&amp;tl=1 2x\" height=\"192\" width=\"343\"><source media=\"(min-width: 768px) and (max-width: 1023px)\" srcset=\"https:\/\/a57.foxnews.com\/static.foxnews.com\/foxnews.com\/content\/uploads\/2025\/03\/672\/378\/francesca-albanese.jpg?ve=1&amp;tl=1, https:\/\/a57.foxnews.com\/static.foxnews.com\/foxnews.com\/content\/uploads\/2025\/03\/1344\/756\/francesca-albanese.jpg?ve=1&amp;tl=1 2x\" height=\"378\" width=\"672\"><source media=\"(min-width: 1024px) and (max-width: 1279px)\" srcset=\"https:\/\/a57.foxnews.com\/static.foxnews.com\/foxnews.com\/content\/uploads\/2025\/03\/931\/523\/francesca-albanese.jpg?ve=1&amp;tl=1, https:\/\/a57.foxnews.com\/static.foxnews.com\/foxnews.com\/content\/uploads\/2025\/03\/1862\/1046\/francesca-albanese.jpg?ve=1&amp;tl=1 2x\" height=\"523\" width=\"931\"><source media=\"(min-width: 1280px)\" srcset=\"https:\/\/a57.foxnews.com\/static.foxnews.com\/foxnews.com\/content\/uploads\/2025\/03\/720\/405\/francesca-albanese.jpg?ve=1&amp;tl=1, https:\/\/a57.foxnews.com\/static.foxnews.com\/foxnews.com\/content\/uploads\/2025\/03\/1440\/810\/francesca-albanese.jpg?ve=1&amp;tl=1 2x\" height=\"405\" width=\"720\"><img loading=\"lazy\" decoding=\"async\" src=\"https:\/\/a57.foxnews.com\/static.foxnews.com\/foxnews.com\/content\/uploads\/2025\/03\/1200\/675\/francesca-albanese.jpg?ve=1&amp;tl=1\" alt=\"Relator especial de la ONU para los territorios palestinos ocupados Francesca Albanese\" width=\"1200\" height=\"675\"\/><\/source><\/source><\/source><\/source><\/picture><\/div>\n<div class=\"info\">\n<div class=\"caption\">\n<p><span>El relator especial de la ONU para los territorios palestinos ocupados Francesca Albanese ofrece una conferencia de prensa en la ciudad de las Naciones Unidas en Copenhague, Dinamarca, el 5 de febrero de 2025.<\/span> <span>(Ritzau Scanpix\/Ida Marie Odgaard a trav\u00e9s de Reuters)<\/span><\/p>\n<\/div>\n<\/div>\n<\/div>\n<p><strong><u>Haga clic aqu\u00ed para obtener la aplicaci\u00f3n Fox News<\/u><\/strong><\/p>\n<p>La misi\u00f3n francesa a la ONU conden\u00f3 la respuesta de Albanese en una publicaci\u00f3n sobre X. Seg\u00fan la traducci\u00f3n de la ADL, el Post dec\u00eda: \u00abLa masacre del 7 de octubre es la masacre antisemita m\u00e1s grande del siglo XXI. Denegar que es incorrecto. Parecer justificarlo, trayendo en el nombre de las Naciones Unidas, es una verg\u00fcenza\u00bb. Esto fue solo unos meses despu\u00e9s de que la misi\u00f3n conden\u00f3 su \u00abdiscurso de odio y antisemitismo\u00bb.<\/p>\n<p>La misi\u00f3n alemana a la ONU respald\u00f3 la condena de Francia. La oficina volvi\u00f3 a publicar el puesto de Francia y escribi\u00f3: \u00abJustificar los horribles ataques terroristas del 7\/10 y negar que su naturaleza antisemita es terrible. Hacer tales declaraciones en una capacidad de la ONU es una desgracia y va en contra de todo lo que las Naciones Unidas representan\u00bb.<\/p>\n<p>Mich\u00e8le Taylor, quien se desempe\u00f1aba como embajadora de los Estados Unidos en la UNHRC en ese momento, conden\u00f3 las declaraciones de Albanese \u00abjustificando, desestimando y negando los matices antisem\u00edticos del ataque del 7 de octubre de Hamas en s\u00ed mismos en s\u00ed mismos antisem\u00edticos\u00bb.<\/p>\n<p>Fox News Digital se comunic\u00f3 con la misi\u00f3n palestina a la ONU con respecto a la acusaci\u00f3n de Khraishi contra Neuer y a\u00fan no ha recibido una respuesta.<\/p>\n<p> <!----> <\/p>\n<div class=\"article-meta\">\n<div class=\"author-bio\">\n<p>Rachel Wolf es una escritora de noticias de Fox News Digital y Fox Business.<\/p>\n<\/div>\n<\/div>\n<\/div>\n\n","protected":false},"excerpt":{"rendered":"<p>La sesi\u00f3n del Consejo de Derechos Humanos de las Naciones Unidas (AHRC) en Ginebra el mi\u00e9rcoles estuvo marcada por la interrupci\u00f3n y el rega\u00f1\u00f3n de los oradores pro-Israel. Mientras tanto, a los que hablaron contra el estado jud\u00edo se les permiti\u00f3 lanzar insultos y acusaciones de \u00abgenocidio\u00bb. El director ejecutivo de la ONU Watch, Hillel &hellip;<\/p>\n","protected":false},"author":1,"featured_media":20398,"comment_status":"open","ping_status":"open","sticky":false,"template":"","format":"standard","meta":{"fifu_image_url":"https:\/\/static.foxnews.com\/foxnews.com\/content\/uploads\/2025\/02\/un-human-rights.jpg","fifu_image_alt":"","footnotes":""},"categories":[13],"tags":[],"class_list":["post-20396","post","type-post","status-publish","format-standard","has-post-thumbnail","","category-mundo"],"_links":{"self":[{"href":"https:\/\/noticiasveraces.com\/index.php?rest_route=\/wp\/v2\/posts\/20396","targetHints":{"allow":["GET"]}}],"collection":[{"href":"https:\/\/noticiasveraces.com\/index.php?rest_route=\/wp\/v2\/posts"}],"about":[{"href":"https:\/\/noticiasveraces.com\/index.php?rest_route=\/wp\/v2\/types\/post"}],"author":[{"embeddable":true,"href":"https:\/\/noticiasveraces.com\/index.php?rest_route=\/wp\/v2\/users\/1"}],"replies":[{"embeddable":true,"href":"https:\/\/noticiasveraces.com\/index.php?rest_route=%2Fwp%2Fv2%2Fcomments&post=20396"}],"version-history":[{"count":0,"href":"https:\/\/noticiasveraces.com\/index.php?rest_route=\/wp\/v2\/posts\/20396\/revisions"}],"wp:featuredmedia":[{"embeddable":true,"href":"https:\/\/noticiasveraces.com\/index.php?rest_route=\/wp\/v2\/media\/20398"}],"wp:attachment":[{"href":"https:\/\/noticiasveraces.com\/index.php?rest_route=%2Fwp%2Fv2%2Fmedia&parent=20396"}],"wp:term":[{"taxonomy":"category","embeddable":true,"href":"https:\/\/noticiasveraces.com\/index.php?rest_route=%2Fwp%2Fv2%2Fcategories&post=20396"},{"taxonomy":"post_tag","embeddable":true,"href":"https:\/\/noticiasveraces.com\/index.php?rest_route=%2Fwp%2Fv2%2Ftags&post=20396"}],"curies":[{"name":"wp","href":"https:\/\/api.w.org\/{rel}","templated":true}]}}