{"id":20394,"date":"2025-03-27T07:49:54","date_gmt":"2025-03-27T11:49:54","guid":{"rendered":"https:\/\/noticiasveraces.com\/?p=20394"},"modified":"2025-03-27T07:49:54","modified_gmt":"2025-03-27T11:49:54","slug":"israel-mata-al-portavoz-de-hamas-en-un-ataque-aereo-dw-27-03-2025","status":"publish","type":"post","link":"https:\/\/noticiasveraces.com\/?p=20394","title":{"rendered":"Israel mata al portavoz de Ham\u00e1s en un ataque a\u00e9reo \u2013 DW \u2013 27\/03\/2025"},"content":{"rendered":"<p> \n<\/p>\n<div>\n<p>El Ej\u00e9rcito israel\u00ed mat\u00f3 esta madrugada (27.03.2025) al portavoz de Ham\u00e1s, Abdul Latif al Qanou, en un ataque a\u00e9reo contra la tienda en la que se encontraba en Yabalia, norte de Gaza, confirm\u00f3 el grupo islamista con un comunicado en Telegram. Seg\u00fan fuentes m\u00e9dicas citadas por la televisi\u00f3n Al Aqsa, afiliada a Ham\u00e1s, otras personas resultaron heridas en el mismo ataque. Otro ataque mat\u00f3 a cuatro ni\u00f1os y a sus padres, seg\u00fan el servicio de emergencias del Ministerio de Salud de Gaza.<\/p>\n<p>\u00abLos ataques de la ocupaci\u00f3n contra los dirigentes y portavoces del movimiento no quebrantar\u00e1n nuestra voluntad, sino que fortalecer\u00e1n nuestra determinaci\u00f3n de continuar el camino hasta la liberaci\u00f3n de la tierra y los lugares sagrados\u00bb, a\u00f1adi\u00f3 el grupo, considerado una organizaci\u00f3n terrorista tanto por Israel como por otros pa\u00edses, incluidos Estados Unidos o la Uni\u00f3n Europea.<\/p>\n<p>El pasado d\u00eda 18, cuando Israel rompi\u00f3 el alto el fuego matando a m\u00e1s de 400 personas en Gaza,\u00a0muri\u00f3 tambi\u00e9n la familia y el portavoz del brazo armado de la Yihad Isl\u00e1mica Palestina, Naji Abu Saif (conocido como Abu Hamza), seg\u00fan confirm\u00f3 el grupo palestino en un comunicado.<\/p>\n<p>En total de v\u00edctimas mortales desde ese d\u00eda ya supera los 800, entre ellos m\u00e1s de 300 palestinos menores de 18 a\u00f1os, y hay adem\u00e1s otras 1.700 personas heridas, seg\u00fan los datos del Ministerio de Sanidad gazat\u00ed de ayer que no incluyen los bombardeos de esta madrugada a lo largo de toda la Franja. La cifra total desde que empez\u00f3 la guerra tras los ataques terroristas de Ham\u00e1s del 7 de octubre de 2023 supera desde hace d\u00edas los 50.000 muertos.<\/p>\n<p>LGC (EFE, AP)<\/p>\n<\/div>\n\n","protected":false},"excerpt":{"rendered":"<p>El Ej\u00e9rcito israel\u00ed mat\u00f3 esta madrugada (27.03.2025) al portavoz de Ham\u00e1s, Abdul Latif al Qanou, en un ataque a\u00e9reo contra la tienda en la que se encontraba en Yabalia, norte de Gaza, confirm\u00f3 el grupo islamista con un comunicado en Telegram. Seg\u00fan fuentes m\u00e9dicas citadas por la televisi\u00f3n Al Aqsa, afiliada a Ham\u00e1s, otras personas &hellip;<\/p>\n","protected":false},"author":1,"featured_media":20395,"comment_status":"open","ping_status":"open","sticky":false,"template":"","format":"standard","meta":{"fifu_image_url":"https:\/\/static.dw.com\/image\/72056065_6.jpg","fifu_image_alt":"","footnotes":""},"categories":[13],"tags":[],"class_list":["post-20394","post","type-post","status-publish","format-standard","has-post-thumbnail","","category-mundo"],"_links":{"self":[{"href":"https:\/\/noticiasveraces.com\/index.php?rest_route=\/wp\/v2\/posts\/20394","targetHints":{"allow":["GET"]}}],"collection":[{"href":"https:\/\/noticiasveraces.com\/index.php?rest_route=\/wp\/v2\/posts"}],"about":[{"href":"https:\/\/noticiasveraces.com\/index.php?rest_route=\/wp\/v2\/types\/post"}],"author":[{"embeddable":true,"href":"https:\/\/noticiasveraces.com\/index.php?rest_route=\/wp\/v2\/users\/1"}],"replies":[{"embeddable":true,"href":"https:\/\/noticiasveraces.com\/index.php?rest_route=%2Fwp%2Fv2%2Fcomments&post=20394"}],"version-history":[{"count":0,"href":"https:\/\/noticiasveraces.com\/index.php?rest_route=\/wp\/v2\/posts\/20394\/revisions"}],"wp:featuredmedia":[{"embeddable":true,"href":"https:\/\/noticiasveraces.com\/index.php?rest_route=\/wp\/v2\/media\/20395"}],"wp:attachment":[{"href":"https:\/\/noticiasveraces.com\/index.php?rest_route=%2Fwp%2Fv2%2Fmedia&parent=20394"}],"wp:term":[{"taxonomy":"category","embeddable":true,"href":"https:\/\/noticiasveraces.com\/index.php?rest_route=%2Fwp%2Fv2%2Fcategories&post=20394"},{"taxonomy":"post_tag","embeddable":true,"href":"https:\/\/noticiasveraces.com\/index.php?rest_route=%2Fwp%2Fv2%2Ftags&post=20394"}],"curies":[{"name":"wp","href":"https:\/\/api.w.org\/{rel}","templated":true}]}}