{"id":20387,"date":"2025-03-27T06:49:21","date_gmt":"2025-03-27T10:49:21","guid":{"rendered":"https:\/\/noticiasveraces.com\/?p=20387"},"modified":"2025-03-27T06:49:21","modified_gmt":"2025-03-27T10:49:21","slug":"alemania-pide-una-respuesta-firme-a-los-aranceles-dw-27-03-2025","status":"publish","type":"post","link":"https:\/\/noticiasveraces.com\/?p=20387","title":{"rendered":"Alemania pide una \u00abrespuesta firme\u00bb a los aranceles \u2013 DW \u2013 27\/03\/2025"},"content":{"rendered":"<p> \n<\/p>\n<div>\n<p>El gobierno alem\u00e1n pidi\u00f3 este jueves (27.03.2025) a la Uni\u00f3n Europea una \u00abrespuesta firme\u00bb al aumento de los aranceles estadounidenses a los autom\u00f3viles anunciado la v\u00edspera por el presidente Donald Trump. \u00abDebe quedar claro que no nos doblegaremos ante Estados Unidos\u00bb, dijo en un comunicado el ministro de Econom\u00eda y vicecanciller, Robert Habeck.<\/p>\n<p>\u00abFuerza y autoconfianza son necesarias. Al mismo tiempo, apoyaremos a la Comisi\u00f3n Europea en seguir encontrando en negociaciones una soluci\u00f3n con Estados Unidos que evite una espiral arancelaria. Los aranceles perjudican en \u00faltima instancia a Estados Unidos y a la UE y al comercio mundial en su conjunto\u00bb, se\u00f1ala el comunicado. Agreg\u00f3 que \u00ablos anuncios de aranceles elevados sobre autom\u00f3viles y componentes de coches son malas noticias para los fabricantes alemanes de veh\u00edculos, para la econom\u00eda alemana, para la UE, pero tambi\u00e9n para Estados Unidos\u00bb.<\/p>\n<h2>La Comisi\u00f3n Europea se ha venido preparando<\/h2>\n<p>Trump engros\u00f3 ayer su lista arancelaria con tarifas aduaneras del 25\u2009% a \u00abtodos los autom\u00f3viles que no son fabricados en Estados Unidos\u00bb, as\u00ed como a sus componentes. Y luego amenaz\u00f3 con elevar a\u00fan m\u00e1s los aranceles si hab\u00eda una respuesta europea que pudiera da\u00f1ar a la econom\u00eda estadounidense. Habeck advirti\u00f3 de que estos aranceles \u00abinterfieren en las cadenas de suministro globales y tambi\u00e9n encarecer\u00e1n los coches estadounidenses\u00bb. \u00abLos precios seguir\u00e1n subiendo en Estados Unidos\u00bb, a\u00f1adi\u00f3. Al mismo tiempo record\u00f3 que los aranceles \u00abno son una sorpresa\u00bb y que la Comisi\u00f3n Europea se ha preparado para ello en di\u00e1logo con los Estados miembros.<\/p>\n<p>La vicepresidenta ejecutiva de la Comisi\u00f3n Europea, Teresa Ribera, dijo este jueves que el Ejecutivo comunitario va a analizar con \u00abprecisi\u00f3n\u00bb los aranceles que Estados Unidos ha anunciado contra el sector automovil\u00edstico y responder\u00e1 \u00aben consecuencia\u00bb. \u00abNecesitamos ver c\u00f3mo est\u00e1n formulando con precisi\u00f3n lo que quieren hacer y asegurarnos de que responderemos en consecuencia\u00bb, dijo Ribera a su llegada al Consejo de ministros de Medio Ambiente de la UE, que se celebra hoy en Bruselas.<\/p>\n<p><span data-slot-id=\"Article_InContent-1\" class=\"rich-text-ad\"\/><\/p>\n<h2>El sector automotor europeo cae con fuerza a la apertura<\/h2>\n<p>Los fabricantes de autom\u00f3viles y de equipos cayeron con fuerza este jueves en la apertura de las bolsas europeas tras el anuncio de aranceles. En la Bolsa de Fr\u00e1ncfort, en la que cotizan muchas empresas del sector, Porsche perd\u00eda 4,30\u2009%; Mercedes, 4,31%; BMW, 4,09%; Daimler, 3,18% y Continental, 2,71%. En Par\u00eds, Stellantis ca\u00eda 6,12\u2009%; Valeo, 5,65\u2009% y Forvia, 5,42\u2009%.<\/p>\n<p>El ministro franc\u00e9s de Econom\u00eda, \u00c9ric Lombard, calific\u00f3 de \u00abmuy mala noticia\u00bb la decisi\u00f3n de Trump de imponer aranceles a los veh\u00edculos importados. \u00abLa agresividad aumenta\u00bb, constat\u00f3 en la radio p\u00fablica France Inter. La ministra brit\u00e1nica de Econom\u00eda descart\u00f3 por su parte responder con aranceles al anuncio de Trump. \u00abNos quedan algunos d\u00edas de negociaciones antes de que entren en vigor estos aranceles\u00bb, agreg\u00f3 en una entrevista con la BBC tras ser preguntada si negocia una exenci\u00f3n para el Reino Unido.<\/p>\n<p>LGC (AFP, EFE)<\/p>\n<\/div>\n\n","protected":false},"excerpt":{"rendered":"<p>El gobierno alem\u00e1n pidi\u00f3 este jueves (27.03.2025) a la Uni\u00f3n Europea una \u00abrespuesta firme\u00bb al aumento de los aranceles estadounidenses a los autom\u00f3viles anunciado la v\u00edspera por el presidente Donald Trump. \u00abDebe quedar claro que no nos doblegaremos ante Estados Unidos\u00bb, dijo en un comunicado el ministro de Econom\u00eda y vicecanciller, Robert Habeck. \u00abFuerza y &hellip;<\/p>\n","protected":false},"author":1,"featured_media":20388,"comment_status":"open","ping_status":"open","sticky":false,"template":"","format":"standard","meta":{"fifu_image_url":"https:\/\/static.dw.com\/image\/70280037_6.jpg","fifu_image_alt":"","footnotes":""},"categories":[13],"tags":[],"class_list":["post-20387","post","type-post","status-publish","format-standard","has-post-thumbnail","","category-mundo"],"_links":{"self":[{"href":"https:\/\/noticiasveraces.com\/index.php?rest_route=\/wp\/v2\/posts\/20387","targetHints":{"allow":["GET"]}}],"collection":[{"href":"https:\/\/noticiasveraces.com\/index.php?rest_route=\/wp\/v2\/posts"}],"about":[{"href":"https:\/\/noticiasveraces.com\/index.php?rest_route=\/wp\/v2\/types\/post"}],"author":[{"embeddable":true,"href":"https:\/\/noticiasveraces.com\/index.php?rest_route=\/wp\/v2\/users\/1"}],"replies":[{"embeddable":true,"href":"https:\/\/noticiasveraces.com\/index.php?rest_route=%2Fwp%2Fv2%2Fcomments&post=20387"}],"version-history":[{"count":0,"href":"https:\/\/noticiasveraces.com\/index.php?rest_route=\/wp\/v2\/posts\/20387\/revisions"}],"wp:featuredmedia":[{"embeddable":true,"href":"https:\/\/noticiasveraces.com\/index.php?rest_route=\/wp\/v2\/media\/20388"}],"wp:attachment":[{"href":"https:\/\/noticiasveraces.com\/index.php?rest_route=%2Fwp%2Fv2%2Fmedia&parent=20387"}],"wp:term":[{"taxonomy":"category","embeddable":true,"href":"https:\/\/noticiasveraces.com\/index.php?rest_route=%2Fwp%2Fv2%2Fcategories&post=20387"},{"taxonomy":"post_tag","embeddable":true,"href":"https:\/\/noticiasveraces.com\/index.php?rest_route=%2Fwp%2Fv2%2Ftags&post=20387"}],"curies":[{"name":"wp","href":"https:\/\/api.w.org\/{rel}","templated":true}]}}