{"id":20380,"date":"2025-03-27T04:47:09","date_gmt":"2025-03-27T08:47:09","guid":{"rendered":"https:\/\/noticiasveraces.com\/?p=20380"},"modified":"2025-03-27T04:47:09","modified_gmt":"2025-03-27T08:47:09","slug":"trump-amenaza-con-mas-aranceles-a-canada-y-la-union-europea-dw-27-03-2025","status":"publish","type":"post","link":"https:\/\/noticiasveraces.com\/?p=20380","title":{"rendered":"Trump amenaza con m\u00e1s aranceles a Canad\u00e1 y la Uni\u00f3n Europea \u2013 DW \u2013 27\/03\/2025"},"content":{"rendered":"<p> \n<\/p>\n<div>\n<p>El presidente estadounidense, Donald Trump, amenaz\u00f3 el jueves (27.03.2025) con aplicar m\u00e1s aranceles \u00aba gran escala\u00bb a la Uni\u00f3n Europea y a Canad\u00e1 si trabajan juntos para causar \u00abda\u00f1o econ\u00f3mico\u00bb a Estados Unidos. La advertencia se produce apenas horas despu\u00e9s de que anunciara que a partir del 2 de abril se aplicar\u00e1un arancel del 25\u2009% para todos los autom\u00f3viles fabricados fuera de Estados Unidos, en una nueva y agresiva medida que recrudece la guerra comercial iniciada por su administraci\u00f3n.<\/p>\n<p>\u00abSi la Uni\u00f3n Europea trabaja con Canad\u00e1 para hacer da\u00f1o econ\u00f3mico a Estados Unidos, se aplicar\u00e1n aranceles a gran escala, mayores de los ya planeados, a ambos para proteger al mejor amigo que esos dos pa\u00edses jam\u00e1s han tenido\u00bb, escribi\u00f3 Trump en su red social TruthSocial. En otro mensaje, Trump a\u00f1adi\u00f3, escrito en may\u00fasculas: \u00ab\u00a1Se acerca el d\u00eda de la liberaci\u00f3n de Estados Unidos! Durante a\u00f1os nos han estafado pr\u00e1cticamente todos los pa\u00edses del mundo, amigos y enemigos. Pero esos d\u00edas terminaron. \u00a1\u00a1\u00a1Am\u00e9rica primero!!!\u00bb.<\/p>\n<h2>Las autopartes, excluidas<\/h2>\n<p>El decreto presidencial que impuso los aranceles a los veh\u00edculos importados exclu\u00eda de la medida a las partes de autom\u00f3viles fabricadas en M\u00e9xico y Canad\u00e1. Al firmar el documento en el Despacho Oval, Trump asegur\u00f3 que los aranceles le pueden reportar a EE.\u2009UU. entre 600.000 millones y el bill\u00f3n de d\u00f3lares en los pr\u00f3ximos dos a\u00f1os y se mostr\u00f3 especialmente cr\u00edtico con los fabricantes europeos.<\/p>\n<p>\u00abCompramos millones y millones de sus autos, de BMW, de Volkswagen, de Mercedes-Benz y ellos tienen aranceles no monetarios que hacen que sea casi imposible que podamos vender un coche en Europa\u00bb, declar\u00f3. \u00abLa Uni\u00f3n Europea nos trata de forma horrible en comercio\u00bb, insisti\u00f3.<\/p>\n<p>Tanto la Comisi\u00f3n Europea como el Gobierno de Canad\u00e1 han rechazado estas medidas y han anunciado que responder\u00e1n a ellas con contundencia. As\u00ed mismo, la Asociaci\u00f3n Europea de Fabricantes de Autom\u00f3viles (ACEA) dijo este jueves que est\u00e1 \u00abprofundamente\u00bb preocupada por el anuncio de Trump y advirti\u00f3 que perjudicar\u00e1n simult\u00e1neamente a los fabricantes de autom\u00f3viles globales y a la industria manufacturera estadounidense.<\/p>\n<p>LGC (AFP, EFE)<\/p>\n<\/div>\n\n","protected":false},"excerpt":{"rendered":"<p>El presidente estadounidense, Donald Trump, amenaz\u00f3 el jueves (27.03.2025) con aplicar m\u00e1s aranceles \u00aba gran escala\u00bb a la Uni\u00f3n Europea y a Canad\u00e1 si trabajan juntos para causar \u00abda\u00f1o econ\u00f3mico\u00bb a Estados Unidos. La advertencia se produce apenas horas despu\u00e9s de que anunciara que a partir del 2 de abril se aplicar\u00e1un arancel del 25\u2009% &hellip;<\/p>\n","protected":false},"author":1,"featured_media":20381,"comment_status":"open","ping_status":"open","sticky":false,"template":"","format":"standard","meta":{"fifu_image_url":"https:\/\/static.dw.com\/image\/72005483_6.jpg","fifu_image_alt":"","footnotes":""},"categories":[13],"tags":[],"class_list":["post-20380","post","type-post","status-publish","format-standard","has-post-thumbnail","","category-mundo"],"_links":{"self":[{"href":"https:\/\/noticiasveraces.com\/index.php?rest_route=\/wp\/v2\/posts\/20380","targetHints":{"allow":["GET"]}}],"collection":[{"href":"https:\/\/noticiasveraces.com\/index.php?rest_route=\/wp\/v2\/posts"}],"about":[{"href":"https:\/\/noticiasveraces.com\/index.php?rest_route=\/wp\/v2\/types\/post"}],"author":[{"embeddable":true,"href":"https:\/\/noticiasveraces.com\/index.php?rest_route=\/wp\/v2\/users\/1"}],"replies":[{"embeddable":true,"href":"https:\/\/noticiasveraces.com\/index.php?rest_route=%2Fwp%2Fv2%2Fcomments&post=20380"}],"version-history":[{"count":0,"href":"https:\/\/noticiasveraces.com\/index.php?rest_route=\/wp\/v2\/posts\/20380\/revisions"}],"wp:featuredmedia":[{"embeddable":true,"href":"https:\/\/noticiasveraces.com\/index.php?rest_route=\/wp\/v2\/media\/20381"}],"wp:attachment":[{"href":"https:\/\/noticiasveraces.com\/index.php?rest_route=%2Fwp%2Fv2%2Fmedia&parent=20380"}],"wp:term":[{"taxonomy":"category","embeddable":true,"href":"https:\/\/noticiasveraces.com\/index.php?rest_route=%2Fwp%2Fv2%2Fcategories&post=20380"},{"taxonomy":"post_tag","embeddable":true,"href":"https:\/\/noticiasveraces.com\/index.php?rest_route=%2Fwp%2Fv2%2Ftags&post=20380"}],"curies":[{"name":"wp","href":"https:\/\/api.w.org\/{rel}","templated":true}]}}