{"id":20365,"date":"2025-03-27T03:46:04","date_gmt":"2025-03-27T07:46:04","guid":{"rendered":"https:\/\/noticiasveraces.com\/?p=20365"},"modified":"2025-03-27T03:46:04","modified_gmt":"2025-03-27T07:46:04","slug":"corea-del-sur-lucha-contra-los-peores-incendios-en-el-pais-dw-27-03-2025","status":"publish","type":"post","link":"https:\/\/noticiasveraces.com\/?p=20365","title":{"rendered":"Corea del Sur lucha contra los peores incendios en el pa\u00eds \u2013 DW \u2013 27\/03\/2025"},"content":{"rendered":"<p> \n<\/p>\n<div>\n<p>Los incendios que asolan el sudeste de Corea del Sur se han convertido en los m\u00e1s grandes registrados en el pa\u00eds y se cobraron ya 26 vidas, dijo este jueves (27.03.2025) el responsable de gesti\u00f3n de desastres.<\/p>\n<p>M\u00e1s de una docena de incendios arden desde el fin de semana, afectando m\u00e1s de 35.000 hect\u00e1reas y provocando la apresurada evacuaci\u00f3n de 27.000 personas ante el r\u00e1pido avance de las llamas avivadas por el fuerte viento y el clima seco.<\/p>\n<p>El fuego amenaza tambi\u00e9n m\u00faltiples sitios hist\u00f3ricos de la zona, entre ellos una antigua academia confuciana y una aldea de casas tradicionales declaradas como Patrimonio Mundial por la Unesco.<\/p>\n<blockquote class=\"tweet embed\" data-id=\"1904786971165438037\"\/>\n<p>\u00abEl incendio se expande r\u00e1pidamente\u00bb, dijo Lee Han-kyung, jefe del servicio de desastres y seguridad. \u00ab26 personas han muerto, ocho est\u00e1n gravemente heridas y 22 levemente heridas\u00bb, agreg\u00f3.<\/p>\n<p>La superficie da\u00f1ada alcanza ya las 35.810 hect\u00e1reas, superando en m\u00e1s de 10.000 hect\u00e1reas la zona calcinada por el mayor incendio registrado hasta la fecha, ocurrido en la costa este en el a\u00f1o 2000.<\/p>\n<p>Las autoridades reconocieron que los cambios en la direcci\u00f3n del viento y el tiempo seco estaban revelando las limitaciones de los m\u00e9todos de extinci\u00f3n convencionales.<\/p>\n<p>Entre las v\u00edctimas, la mayor\u00eda residentes de la zona afectada, hay al menos tres bomberos y el piloto de un helic\u00f3ptero que se estrell\u00f3 en una zona monta\u00f1osa, dijeron responsables p\u00fablicos.<\/p>\n<p>GS (AFP, AP)<\/p>\n<\/div>\n\n","protected":false},"excerpt":{"rendered":"<p>Los incendios que asolan el sudeste de Corea del Sur se han convertido en los m\u00e1s grandes registrados en el pa\u00eds y se cobraron ya 26 vidas, dijo este jueves (27.03.2025) el responsable de gesti\u00f3n de desastres. M\u00e1s de una docena de incendios arden desde el fin de semana, afectando m\u00e1s de 35.000 hect\u00e1reas y &hellip;<\/p>\n","protected":false},"author":1,"featured_media":20366,"comment_status":"open","ping_status":"open","sticky":false,"template":"","format":"standard","meta":{"fifu_image_url":"https:\/\/static.dw.com\/image\/72038376_6.jpg","fifu_image_alt":"","footnotes":""},"categories":[13],"tags":[],"class_list":["post-20365","post","type-post","status-publish","format-standard","has-post-thumbnail","","category-mundo"],"_links":{"self":[{"href":"https:\/\/noticiasveraces.com\/index.php?rest_route=\/wp\/v2\/posts\/20365","targetHints":{"allow":["GET"]}}],"collection":[{"href":"https:\/\/noticiasveraces.com\/index.php?rest_route=\/wp\/v2\/posts"}],"about":[{"href":"https:\/\/noticiasveraces.com\/index.php?rest_route=\/wp\/v2\/types\/post"}],"author":[{"embeddable":true,"href":"https:\/\/noticiasveraces.com\/index.php?rest_route=\/wp\/v2\/users\/1"}],"replies":[{"embeddable":true,"href":"https:\/\/noticiasveraces.com\/index.php?rest_route=%2Fwp%2Fv2%2Fcomments&post=20365"}],"version-history":[{"count":0,"href":"https:\/\/noticiasveraces.com\/index.php?rest_route=\/wp\/v2\/posts\/20365\/revisions"}],"wp:featuredmedia":[{"embeddable":true,"href":"https:\/\/noticiasveraces.com\/index.php?rest_route=\/wp\/v2\/media\/20366"}],"wp:attachment":[{"href":"https:\/\/noticiasveraces.com\/index.php?rest_route=%2Fwp%2Fv2%2Fmedia&parent=20365"}],"wp:term":[{"taxonomy":"category","embeddable":true,"href":"https:\/\/noticiasveraces.com\/index.php?rest_route=%2Fwp%2Fv2%2Fcategories&post=20365"},{"taxonomy":"post_tag","embeddable":true,"href":"https:\/\/noticiasveraces.com\/index.php?rest_route=%2Fwp%2Fv2%2Ftags&post=20365"}],"curies":[{"name":"wp","href":"https:\/\/api.w.org\/{rel}","templated":true}]}}