{"id":20360,"date":"2025-03-27T02:45:12","date_gmt":"2025-03-27T06:45:12","guid":{"rendered":"https:\/\/noticiasveraces.com\/?p=20360"},"modified":"2025-03-27T02:45:12","modified_gmt":"2025-03-27T06:45:12","slug":"japon-promete-medidas-apropiadas-contra-nuevos-aranceles-dw-27-03-2025","status":"publish","type":"post","link":"https:\/\/noticiasveraces.com\/?p=20360","title":{"rendered":"Jap\u00f3n promete medidas apropiadas contra nuevos aranceles \u2013 DW \u2013 27\/03\/2025"},"content":{"rendered":"<p> \n<\/p>\n<div>\n<p>Jap\u00f3n responder\u00e1 \u00abapropiadamente\u00bb a los nuevos aranceles de Estados Unidos sobre el motor, \u00abcon todas las opciones disponibles\u00bb, dijo este jueves (27.03.2025) el primer ministro japon\u00e9s, Shigeru Ishiba.<\/p>\n<p>Ishiba hizo estas declaraciones despu\u00e9s de que el presidente de Estados Unidos, Donald Trump, anunciara el mi\u00e9rcoles un arancel adicional del 25 % a las importaciones de autom\u00f3viles sin excepciones.<\/p>\n<p>Dicho aumento, que entrar\u00e1 en vigor el 3 de abril, podr\u00eda perturbar las cadenas de suministro globales y suponer un golpe a los fabricantes de autom\u00f3viles japoneses, dado su alto grado de penetraci\u00f3n en el mercado estadounidense.<\/p>\n<p>\u00abDebemos considerar medidas para responder apropiadamente. Tenemos todas las opciones posibles sobre la mesa\u00bb, dijo Ishiba en una sesi\u00f3n del comit\u00e9 en la C\u00e1mara de Consejeros.<\/p>\n<p>Dado el probable impacto econ\u00f3mico negativo, Jap\u00f3n ha pedido quedar exento de los aranceles a los autom\u00f3viles, pero sus esfuerzos por obtener un trato preferencial aparentemente fracasaron.<\/p>\n<h2>Jap\u00f3n es el pa\u00eds del mundo con mayor inversi\u00f3n a EE.UU.<\/h2>\n<p>\u00abDesde 2019, Jap\u00f3n es el pa\u00eds del mundo con mayor inversi\u00f3n a EE.UU. y las empresas japonesas est\u00e1n contribuyendo mucho a la econom\u00eda de la naci\u00f3n\u00bb, dijo hoy el portavoz gubernamental japon\u00e9s, Yoshimasa Hayashi, en una rueda de prensa.<\/p>\n<p>En la misma, Hayashi se\u00f1al\u00f3 que los aranceles \u00abpodr\u00e1n afectar en gran medida a la relaci\u00f3n econ\u00f3mica entre Jap\u00f3n y EE.UU.\u00bb y tambi\u00e9n a la econom\u00eda mundial y se\u00f1al\u00f3 que \u00abes extremadamente lamentable\u00bb.<\/p>\n<p>Ishiba ha ordenado que se estudie minuciosamente el contenido de la medida y la influencia a Jap\u00f3n y siga pidiendo a EE.UU. que excluya al pa\u00eds asi\u00e1tico, mientras que los ministros relacionados puedan tomar medidas necesarias en el empleo y su influencia en la industria.<\/p>\n<p>Trump explic\u00f3 que prev\u00e9 que la medida, que afectar\u00e1 tambi\u00e9n a camiones ligeros, le puede llegar a reportar a las arcas estadounidenses una cantidad entre los 600.000 millones y el bill\u00f3n de d\u00f3lares en los pr\u00f3ximos dos a\u00f1os.<\/p>\n<p>\u00abEntrar\u00e1 en efecto el 2 de abril, y empezaremos a recaudar el 3 de abril,\u00bb a\u00f1adi\u00f3 el presidente estadounidense, que quiso incidir en que \u00absi manufacturas tu veh\u00edculo en los Estados Unidos, no hay aranceles\u00bb.<\/p>\n<p><span data-slot-id=\"Article_InContent-1\" class=\"rich-text-ad\"\/><\/p>\n<h2>Lula: Brasil recurrir\u00e1 a la OMC<\/h2>\n<p>Por\u00a0su parte, el presidente brasile\u00f1o, Luiz In\u00e1cio Lula da Silva, de visita oficial en Jap\u00f3n, afirm\u00f3 este jueves que su pa\u00eds no puede permanecer \u00abquieto\u00bb ante los aranceles de Trump.<\/p>\n<p>\u00abNo podemos quedarnos quietos creyendo que solo ellos tienen raz\u00f3n y que solo ellos pueden gravar otros productos\u00bb, declar\u00f3 Lula a periodistas en el cierre de su visita a Tokio.<\/p>\n<p>\u00abVamos a tomar las actitudes que consideramos buenas para Brasil\u00bb.<\/p>\n<p>Adelant\u00f3 que Brasilia recurrir\u00e1 a la Organizaci\u00f3n Mundial del Comercio (OMC) contra las tarifas estadounidenses de 25% al acero, pero evit\u00f3 decir si impondr\u00eda grav\u00e1menes a los productos importados desde Estados Unidos.<\/p>\n<p>Destac\u00f3 que el comercio bilateral entre Brasil y Estados Unidos alcanza casi 87.000 millones de d\u00f3lares, y que es superavitaria para la potencia norteamericana.<\/p>\n<p>Lula insisti\u00f3 en que los aranceles tendr\u00e1n un efecto negativo para Estados Unidos.<\/p>\n<p>\u00abSi \u00e9l (Trump) est\u00e1 pensando en gravar todo lo que Estados Unidos importa, va a ser perjudicial para Estados Unidos. Va a elevar los precios de las cosas y causar una inflaci\u00f3n que \u00e9l no percibe\u00bb.<\/p>\n<p>Creo que esos grav\u00e1menes son muy malos (&#8230;) est\u00e1 dificultando el comercio en el mundo\u00bb, dijo Lula. \u00abEste proteccionismo no ayuda a ning\u00fan pa\u00eds del mundo\u00bb.<\/p>\n<p>JC (Efe, AFP, Reuters)<\/p>\n<\/div>\n\n","protected":false},"excerpt":{"rendered":"<p>Jap\u00f3n responder\u00e1 \u00abapropiadamente\u00bb a los nuevos aranceles de Estados Unidos sobre el motor, \u00abcon todas las opciones disponibles\u00bb, dijo este jueves (27.03.2025) el primer ministro japon\u00e9s, Shigeru Ishiba. Ishiba hizo estas declaraciones despu\u00e9s de que el presidente de Estados Unidos, Donald Trump, anunciara el mi\u00e9rcoles un arancel adicional del 25 % a las importaciones de &hellip;<\/p>\n","protected":false},"author":1,"featured_media":20361,"comment_status":"open","ping_status":"open","sticky":false,"template":"","format":"standard","meta":{"fifu_image_url":"https:\/\/static.dw.com\/image\/72051517_6.jpg","fifu_image_alt":"","footnotes":""},"categories":[13],"tags":[],"class_list":["post-20360","post","type-post","status-publish","format-standard","has-post-thumbnail","","category-mundo"],"_links":{"self":[{"href":"https:\/\/noticiasveraces.com\/index.php?rest_route=\/wp\/v2\/posts\/20360","targetHints":{"allow":["GET"]}}],"collection":[{"href":"https:\/\/noticiasveraces.com\/index.php?rest_route=\/wp\/v2\/posts"}],"about":[{"href":"https:\/\/noticiasveraces.com\/index.php?rest_route=\/wp\/v2\/types\/post"}],"author":[{"embeddable":true,"href":"https:\/\/noticiasveraces.com\/index.php?rest_route=\/wp\/v2\/users\/1"}],"replies":[{"embeddable":true,"href":"https:\/\/noticiasveraces.com\/index.php?rest_route=%2Fwp%2Fv2%2Fcomments&post=20360"}],"version-history":[{"count":0,"href":"https:\/\/noticiasveraces.com\/index.php?rest_route=\/wp\/v2\/posts\/20360\/revisions"}],"wp:featuredmedia":[{"embeddable":true,"href":"https:\/\/noticiasveraces.com\/index.php?rest_route=\/wp\/v2\/media\/20361"}],"wp:attachment":[{"href":"https:\/\/noticiasveraces.com\/index.php?rest_route=%2Fwp%2Fv2%2Fmedia&parent=20360"}],"wp:term":[{"taxonomy":"category","embeddable":true,"href":"https:\/\/noticiasveraces.com\/index.php?rest_route=%2Fwp%2Fv2%2Fcategories&post=20360"},{"taxonomy":"post_tag","embeddable":true,"href":"https:\/\/noticiasveraces.com\/index.php?rest_route=%2Fwp%2Fv2%2Ftags&post=20360"}],"curies":[{"name":"wp","href":"https:\/\/api.w.org\/{rel}","templated":true}]}}