{"id":20355,"date":"2025-03-27T01:08:30","date_gmt":"2025-03-27T05:08:30","guid":{"rendered":"https:\/\/noticiasveraces.com\/?p=20355"},"modified":"2025-03-27T01:08:30","modified_gmt":"2025-03-27T05:08:30","slug":"ivan-mejia-reclamo-a-nestor-lorenzo-por-juanfer-quintero-duro-analisis-derrota-con-paraguay-seleccion-colombia","status":"publish","type":"post","link":"https:\/\/noticiasveraces.com\/?p=20355","title":{"rendered":"Iv\u00e1n Mej\u00eda reclam\u00f3 a N\u00e9stor Lorenzo por Juanfer Quintero: duro an\u00e1lisis derrota con Paraguay | Selecci\u00f3n Colombia"},"content":{"rendered":"<p> \n<br \/><img decoding=\"async\" src=\"https:\/\/www.futbolred.com\/files\/article_graphic\/uploads\/2025\/03\/25\/67e37877bee72.jpeg\" \/><\/p>\n<div id=\"cuerpoArticulo\">\n<p class=\"texto intro\" id=\"p239984-m603-602-604\">Colombia no pudo con Paraguay este martes en la jornada 14 de las Eliminatorias Sudamericanas a la Copa Mundial 2026: parec\u00eda tenerlo sometido, cuando le ganaba 2-0 en menos de 15 minutos, pero se cay\u00f3 y los guaran\u00edes rescataron un valioso empate 2-2.<\/p>\n<p>La Selecci\u00f3n no tuvo reacci\u00f3n y el entrenador N\u00e9stor Lorenzo solo hizo dos cambios, que parec\u00edan m\u00e1s para no perder que para tratar de ir por los tres puntos en su casa, el estadio Metropolitano de Barranquilla.<\/p>\n<p>Y en esas dos sustituciones, no estuvo Juan Fernando Quintero, uno de los referentes de la Tricolor, y uno de los jugadores m\u00e1s pedidos por la afici\u00f3n y la prensa, pero de los de menos minutos en el proceso de Lorenzo en las actuales Clasificatorias de la Conmebol.<\/p>\n<p class=\"texto contenido-parrafo-articulo\" id=\"p239984-m615-1-616\">As\u00ed, en su an\u00e1lisis Iv\u00e1n Mej\u00eda \u00c1lvarez, reconocido hombre de medios en Colombia, explot\u00f3 contra el DT de Colombia, y le reclam\u00f3 por la ausencia de Juanfer.<\/p>\n<p>\u201cSi Juanfer no le sirve a Lorenzo en un partido como el de hoy, que no lo vuelva a convocar. No entend\u00ed su ausencia. Con Paraguay replegado, Juanfer era posible soluci\u00f3n\u201d, fue el reclamo del periodista, que est\u00e1 retirado de los medios.<\/p>\n<div id=\"p239984-m621-2-622\" class=\"\">\n<blockquote class=\"twitter-tweet\">\n<p lang=\"es\" dir=\"ltr\">Si Juanfer no le sirve a Lorenzo en un partido como el de hoy, que no lo vuelva a convocar. No entend\u00ed su ausencia. Con Paraguay replegado Juanfer era pusible soluci\u00f3n.<\/p>\n<p>\u2014 Iv\u00e1n Mej\u00eda \u00c1lvarez (@PajaritoDeIvan) <a href=\"https:\/\/twitter.com\/PajaritoDeIvan\/status\/1904713645906329612?ref_src=twsrc%5Etfw\">26 de marzo de 2025<\/a><\/p><\/blockquote><\/div>\n<p class=\"texto contenido-parrafo-articulo\" id=\"p239984-m633-4-634\">Para Mej\u00eda, a Colombia le sirvi\u00f3 \u201cel gol tempranero\u201d de Luis D\u00edaz, pues \u201ccambi\u00f3 el plan t\u00e1ctico y la Tricolor esper\u00f3  y contragolpe\u00f3 para el segundo (gol)\u201d. Sin embargo, los jugadores de la Selecci\u00f3n estuvieron \u201cflojos en los balones a\u00e9reos\u201d y con niveles \u201cmuy bajos, como [Daniel] Mu\u00f1oz \u201d.<\/p>\n<p>\u201cSupo a derrota este empate con Paraguay, tras ir ganando 2-0. Muy poco  juego, muchas ganas, pero cero talento e imaginaci\u00f3n. Adem\u00e1s, cuando Lorenzo intent\u00f3 cerrar el partido lleg\u00f3 el empate y sus cambios dejaron un equipo descerebrado. Un punto que sabe a poco\u201d, fue el duro comentario de Mej\u00eda \u00c1lvarez en sus redes sociales.<\/p>\n<div id=\"p239984-m808-6-809\" class=\"\">\n<blockquote class=\"twitter-tweet\">\n<p lang=\"es\" dir=\"ltr\">El nivel de Mu\u00f1oz, Cuesta , R\u00edos y Mojica fue muy pobre. Y James hoy se qued\u00f3 en Leon. Afortunadamente, entran siete porque el equipo se desapareci\u00f3 , se olvid\u00f3 de jugar,desde la Copa Am\u00e9rica<\/p>\n<p>\u2014 Iv\u00e1n Mej\u00eda \u00c1lvarez (@PajaritoDeIvan) <a href=\"https:\/\/twitter.com\/PajaritoDeIvan\/status\/1904719988134683101?ref_src=twsrc%5Etfw\">26 de marzo de 2025<\/a><\/p><\/blockquote><\/div>\n<\/p><\/div>\n<p><script async src=\"https:\/\/platform.twitter.com\/widgets.js\" charset=\"utf-8\"><\/script><br \/>\n<br \/>\n","protected":false},"excerpt":{"rendered":"<p>Colombia no pudo con Paraguay este martes en la jornada 14 de las Eliminatorias Sudamericanas a la Copa Mundial 2026: parec\u00eda tenerlo sometido, cuando le ganaba 2-0 en menos de 15 minutos, pero se cay\u00f3 y los guaran\u00edes rescataron un valioso empate 2-2. La Selecci\u00f3n no tuvo reacci\u00f3n y el entrenador N\u00e9stor Lorenzo solo hizo &hellip;<\/p>\n","protected":false},"author":1,"featured_media":20357,"comment_status":"open","ping_status":"open","sticky":false,"template":"","format":"standard","meta":{"fifu_image_url":"https:\/\/www.futbolred.com\/files\/og_thumbnail\/uploads\/2025\/03\/25\/67e37877bee72.jpeg","fifu_image_alt":"","footnotes":""},"categories":[6],"tags":[],"class_list":["post-20355","post","type-post","status-publish","format-standard","has-post-thumbnail","","category-deportes"],"_links":{"self":[{"href":"https:\/\/noticiasveraces.com\/index.php?rest_route=\/wp\/v2\/posts\/20355","targetHints":{"allow":["GET"]}}],"collection":[{"href":"https:\/\/noticiasveraces.com\/index.php?rest_route=\/wp\/v2\/posts"}],"about":[{"href":"https:\/\/noticiasveraces.com\/index.php?rest_route=\/wp\/v2\/types\/post"}],"author":[{"embeddable":true,"href":"https:\/\/noticiasveraces.com\/index.php?rest_route=\/wp\/v2\/users\/1"}],"replies":[{"embeddable":true,"href":"https:\/\/noticiasveraces.com\/index.php?rest_route=%2Fwp%2Fv2%2Fcomments&post=20355"}],"version-history":[{"count":0,"href":"https:\/\/noticiasveraces.com\/index.php?rest_route=\/wp\/v2\/posts\/20355\/revisions"}],"wp:featuredmedia":[{"embeddable":true,"href":"https:\/\/noticiasveraces.com\/index.php?rest_route=\/wp\/v2\/media\/20357"}],"wp:attachment":[{"href":"https:\/\/noticiasveraces.com\/index.php?rest_route=%2Fwp%2Fv2%2Fmedia&parent=20355"}],"wp:term":[{"taxonomy":"category","embeddable":true,"href":"https:\/\/noticiasveraces.com\/index.php?rest_route=%2Fwp%2Fv2%2Fcategories&post=20355"},{"taxonomy":"post_tag","embeddable":true,"href":"https:\/\/noticiasveraces.com\/index.php?rest_route=%2Fwp%2Fv2%2Ftags&post=20355"}],"curies":[{"name":"wp","href":"https:\/\/api.w.org\/{rel}","templated":true}]}}