{"id":20346,"date":"2025-03-27T00:20:13","date_gmt":"2025-03-27T04:20:13","guid":{"rendered":"https:\/\/noticiasveraces.com\/?p=20346"},"modified":"2025-03-27T00:20:13","modified_gmt":"2025-03-27T04:20:13","slug":"depardieu-ante-el-juez-una-agresion-sexual-es-algo-mas-grave-que-una-mano-en-el-culo-sociedad","status":"publish","type":"post","link":"https:\/\/noticiasveraces.com\/?p=20346","title":{"rendered":"Depardieu, ante el juez: \u201cUna agresi\u00f3n sexual es algo m\u00e1s grave que una mano en el culo\u201d | Sociedad"},"content":{"rendered":"<p> \n<\/p>\n<div data-dtm-region=\"articulo_cuerpo\">\n<p class=\"\">El actor franc\u00e9s G\u00e9rard Depardieu, al que se juzga desde el lunes por presunta agresi\u00f3n sexual a dos mujeres con las que trabaj\u00f3 en el rodaje de la pel\u00edcula <i>Las persianas verdes<\/i> en 2021, ha vuelto a negar este mi\u00e9rcoles las acusaciones en una jornada en la que les tocaba declarar a los testigos. Varias mujeres han respaldado las versiones descritas por las dos presuntas v\u00edctimas y han relatado comportamientos inapropiados por parte del int\u00e9rprete.<\/p>\n<p class=\"\">\u201cPuedo ser un asqueroso, pero no soy m\u00e1s que eso\u201d, defendi\u00f3 Depardieu en su segundo d\u00eda de declaraci\u00f3n, escud\u00e1ndose en ese car\u00e1cter \u201cirreverente\u201d que muchos han descrito para justificarle. Por ejemplo, la actriz Fanny Ardant, que comparti\u00f3 reparto en la citada pel\u00edcula. \u201cUn gran actor tiene a veces un car\u00e1cter extravagante, insumiso\u201d, ha justificado la int\u00e9rprete, amiga del actor. Ha sido el primer testigo en salir a la palestra en su defensa.<\/p>\n<p class=\"\">Durante la audiencia, Depardieu admiti\u00f3 no tener muy claro el concepto de agresi\u00f3n sexual. Lo dijo despu\u00e9s de que declarase la segunda de sus presuntas v\u00edctimas, identificada como Sarah, que trabajaba como asistente de realizaci\u00f3n en <i>Las persianas verdes<\/i>de Jean Becket. \u201cYo no he cometido una agresi\u00f3n sexual. Una agresi\u00f3n sexual es algo m\u00e1s grave que lo que ella dice, una mano en el culo\u2026 Para empezar, no le he tocado el culo y no le toqu\u00e9 los pechos\u201d, declar\u00f3 el actor esta ma\u00f1ana, en respuesta a la acusaci\u00f3n. La abogada de la presunta v\u00edctima, que no quiso dejar escapar la ocasi\u00f3n que se le abr\u00eda, le pregunt\u00f3 qu\u00e9 entend\u00eda \u00e9l por agresi\u00f3n sexual. \u201cSoy incapaz de describir una agresi\u00f3n sexual ante un tribunal que me juzga por ello\u201d, respondi\u00f3 Depardieu.<\/p>\n<p class=\"\">Ante el tribunal, Sarah ha relatado c\u00f3mo Depardieu la abord\u00f3 en tres ocasiones una noche que se encontr\u00f3 sola con \u00e9l, durante el rodaje, y este le toc\u00f3 los gl\u00fateos y los pechos. \u201cRecuerdo que me qued\u00e9 bloqueada y haberle dicho \u2018no\u2019\u201d, ha declarado. Seg\u00fan su relato, \u00e9l insisti\u00f3. Ella asegura: \u201cRecuerdo haber dicho que no dos veces\u201d.<\/p>\n<p class=\"\">La jornada ha sido tensa, como las dos precedentes, hasta el punto que el presidente del tribunal amenaz\u00f3 con suspender el debate. Sarah, la segunda en testificar de las mujeres que lo acusan, describi\u00f3 los comportamientos de Depardieu durante el rodaje. \u201cEn el plat\u00f3 estaba todo el d\u00eda hablando de sexo, de vaginas, escucha todo lo que pasa, observa y luego lo usa para humillar. Yo estaba saliendo de una ruptura, \u00e9l lo escuch\u00f3 y lo us\u00f3 en mi contra\u201d, declar\u00f3 la mujer.<\/p>\n<p class=\"\">La actriz Fanny Ardant es de las pocas que le ha defendido: \u201cEstoy aqu\u00ed para defender la verdad. La verdad es como una sombra que cambia en funci\u00f3n de la luz que proyectamos sobre ella\u201d. Dice no haber visto nunca un gesto desplazado por su parte. \u201cS\u00e9 que la sociedad ha cambiado y que las referencias no son las mismas. Cosas que antes toler\u00e1bamos ya no son tolerables y s\u00e9 que hay mucha gente que no ha querido venir a defender a G\u00e9rard porque tienen miedo\u201d.<\/p>\n<p class=\"\">A lo largo de la tarde, han declarado otras mujeres del mundo del cine (una que trabajaba en vestuario, una t\u00e9cnico, otra actriz o una periodista), que han apoyado las versiones de las dos presuntas v\u00edctimas y han relatado hechos similares, no denunciados. \u201cEsas mujeres no mienten. Ese hombre es peligroso\u201d, ha dicho una de las testigos. Carine (nombre modificado) fue testigo de la agresi\u00f3n denunciada por Am\u00e9lie, a la que vio \u201catrapada entre las piernas de G\u00e9rard Depardieu (..) Mi cerebro se bloque\u00f3, me qued\u00e9 en shock\u201d.<\/p>\n<h3 class=\"\">\u201cUna especie de impunidad\u201d<\/h3>\n<p class=\"\">Una periodista ha contado c\u00f3mo en 2007, durante la grabaci\u00f3n de un reportaje en Tel Aviv, Depardieu empez\u00f3 a masajearle la espalda delante de gente. \u201cEs dif\u00edcil testificar aqu\u00ed porque se nos pide que nos callemos todo aquello que nos ha herido\u201d. La testigo ha criticado el comportamiento sexista del int\u00e9rprete, y el silencio alrededor: \u201c\u00bfCree que hab\u00eda una especie de impunidad?\u201d, le ha preguntado la abogada de una de las presuntas v\u00edctimas. \u201cS\u00ed, Depardieu hab\u00eda tomado el poder\u201d.<\/p>\n<p class=\"\">En la defensa del acusado sali\u00f3 tambi\u00e9n su escolta durante el citado rodaje: \u201cEn lo que respecta a su car\u00e1cter, no es un secreto, \u00e9l nunca ha ocultado una especie de libertad que pod\u00eda molestar a muchos. Dice lo que piensa y hace lo que quiere, hoy vivimos en una sociedad en la que tenemos miedo de todo y venir a testificar por G\u00e9rard tiene un coste\u201d, declar\u00f3 ante el tribunal su antiguo guardaespaldas. Yves, director de fotograf\u00eda en <i>Las persianas verdes<\/i>reconoci\u00f3 haber sido testigo de \u201cun altercado\u201d con una de las presuntas v\u00edctimas, Am\u00e9lie, pero matiz\u00f3 que \u201cesa groser\u00eda no era solo hacia las mujeres, sino tambi\u00e9n hacia los hombres\u201d.<\/p>\n<p class=\"\">En la sala de audiencia del Tribunal Correccional de Par\u00eds, donde se le juzga, Francia asiste al crep\u00fasculo de uno de los actores m\u00e1s emblem\u00e1ticos del cine nacional. \u00c9l mismo se lamentaba de que ya no ha vuelto a trabajar, desde que empezaron a sucederse las denuncias contra \u00e9l. Su abogado, J\u00e9r\u00e9mie Assous, ha denunciado que su cliente \u201cest\u00e1 excluido socialmente\u201d, sin haber sido a\u00fan condenado.<\/p>\n<p class=\"\">Estos d\u00edas se procesa a Depardieu por las denuncias de estas dos mujeres, pero hay otra veintena que hab\u00eda trabajado con \u00e9l a lo largo de su carrera y que denunci\u00f3 hace meses hechos similares al medio Mediapart. El juicio al int\u00e9rprete cristaliza el movimiento del<i> <\/i>#Me Too en el cine franc\u00e9s y se ha convertido en s\u00edmbolo del feminismo, que considera que este caso es solo la punta del iceberg.<\/p>\n<\/div>\n\n","protected":false},"excerpt":{"rendered":"<p>El actor franc\u00e9s G\u00e9rard Depardieu, al que se juzga desde el lunes por presunta agresi\u00f3n sexual a dos mujeres con las que trabaj\u00f3 en el rodaje de la pel\u00edcula Las persianas verdes en 2021, ha vuelto a negar este mi\u00e9rcoles las acusaciones en una jornada en la que les tocaba declarar a los testigos. Varias &hellip;<\/p>\n","protected":false},"author":1,"featured_media":20347,"comment_status":"open","ping_status":"open","sticky":false,"template":"","format":"standard","meta":{"fifu_image_url":"https:\/\/imagenes.elpais.com\/resizer\/v2\/2YQDMXBXGFDGNTI67PHJHE3CJ4.jpg?auth=032667a39d3cfba449da881d6f7a6f73cea239afbeff02aed94d344ab477d917&width=1200","fifu_image_alt":"","footnotes":""},"categories":[11],"tags":[],"class_list":["post-20346","post","type-post","status-publish","format-standard","has-post-thumbnail","","category-viaje"],"_links":{"self":[{"href":"https:\/\/noticiasveraces.com\/index.php?rest_route=\/wp\/v2\/posts\/20346","targetHints":{"allow":["GET"]}}],"collection":[{"href":"https:\/\/noticiasveraces.com\/index.php?rest_route=\/wp\/v2\/posts"}],"about":[{"href":"https:\/\/noticiasveraces.com\/index.php?rest_route=\/wp\/v2\/types\/post"}],"author":[{"embeddable":true,"href":"https:\/\/noticiasveraces.com\/index.php?rest_route=\/wp\/v2\/users\/1"}],"replies":[{"embeddable":true,"href":"https:\/\/noticiasveraces.com\/index.php?rest_route=%2Fwp%2Fv2%2Fcomments&post=20346"}],"version-history":[{"count":0,"href":"https:\/\/noticiasveraces.com\/index.php?rest_route=\/wp\/v2\/posts\/20346\/revisions"}],"wp:featuredmedia":[{"embeddable":true,"href":"https:\/\/noticiasveraces.com\/index.php?rest_route=\/wp\/v2\/media\/20347"}],"wp:attachment":[{"href":"https:\/\/noticiasveraces.com\/index.php?rest_route=%2Fwp%2Fv2%2Fmedia&parent=20346"}],"wp:term":[{"taxonomy":"category","embeddable":true,"href":"https:\/\/noticiasveraces.com\/index.php?rest_route=%2Fwp%2Fv2%2Fcategories&post=20346"},{"taxonomy":"post_tag","embeddable":true,"href":"https:\/\/noticiasveraces.com\/index.php?rest_route=%2Fwp%2Fv2%2Ftags&post=20346"}],"curies":[{"name":"wp","href":"https:\/\/api.w.org\/{rel}","templated":true}]}}