{"id":20344,"date":"2025-03-26T23:34:48","date_gmt":"2025-03-27T03:34:48","guid":{"rendered":"https:\/\/noticiasveraces.com\/?p=20344"},"modified":"2025-03-26T23:34:48","modified_gmt":"2025-03-27T03:34:48","slug":"donde-estan-las-voces-de-la-cultura-dw-26-03-2025","status":"publish","type":"post","link":"https:\/\/noticiasveraces.com\/?p=20344","title":{"rendered":"\u00bfd\u00f3nde est\u00e1n las voces de la cultura? \u2013 DW \u2013 26\/03\/2025"},"content":{"rendered":"<p> \n<\/p>\n<div>\n<p>Seis d\u00edas despu\u00e9s de\u00a0la detenci\u00f3n del alcalde de Estambul, Ekrem Imamoglu, por orden del Gobierno, el Ministerio del Interior de Turqu\u00eda ha suspendido al funcionario de su cargo.<\/p>\n<p>Cientos de miles de personas han salido a las calles para\u00a0protestar contra las medidas del presidente de Turqu\u00eda, Recep Tayyip Erdogan, a pesar de las prohibiciones del Gobierno.<\/p>\n<p>\u00abEl presidente Erdogan quiso deshacerse de su principal rival\u201d, dice\u00a0a DW Asena G\u00fcnal, directora de la fundaci\u00f3n cultural Anadolu K\u00fclt\u00fcr. \u00ab\u00a1Esto es un serio golpe contra la democracia!\u201d.<\/p>\n<p>Esta instituci\u00f3n\u00a0fue creada en 2002 por Osman Kavala, empresario, activista y mecenas cultural turco, que hace siete a\u00f1os est\u00e1 en prisi\u00f3n. Fue organizador de las protestas de Gezi, en 2013, dirigidas primero contra la construcci\u00f3n de un centro comercial y luego contra el Gobierno del presidente Recep Tayyip Erdogan. Tanto el Consejo Europeo como el Tribunal de Justicia de la Uni\u00f3n Europea exigen su liberaci\u00f3n.<\/p>\n<p>\u00abEl mensaje de Erdogan en 2013 era: \u2018\u00a1Si salen a la calle, los meto en la c\u00e1rcel!&#8217; Desde ese momento, muchos j\u00f3venes tienen miedo de salir a protestar\u201d, explica\u00a0Asena G\u00fcnal a DW.<\/p>\n<p>Sin embargo, desde la detenci\u00f3n de Imamoglu, gran cantidad de personas j\u00f3venes han salido a manifestarse, escolares y estudiantes universitarios, seg\u00fan G\u00fcnal. Explica que muchos quieren irse del pa\u00eds porque no ven un futuro en Turqu\u00eda para ellos. Al salir a protestar ahora contra la\u00a0medida de Erdogan, el mensaje que est\u00e1n dando es que quieren quedarse en su pa\u00eds\u00a0y que no lo abandonar\u00e1n. El mensaje de los j\u00f3venes es \u00abmuy claro\u201d, y eso motiva a muchas otras personas, indica G\u00fcnal.<\/p>\n<figure class=\"placeholder-image master_landscape big\"><img data-format=\"MASTER_LANDSCAPE\" data-id=\"69363082\" data-url=\"https:\/\/static.dw.com\/image\/69363082_${formatId}.jpg\" data-aspect-ratio=\"16\/9\" alt=\"Asena G\u00fcnal, Director de la Fundaci\u00f3n Cultura Anatolia.\" style=\"padding-bottom: 56.25%; height: 0; max-height: 0;\"\/><figcaption class=\"img-caption\">Asena G\u00fcnal, Director de la Fundaci\u00f3n Cultura Cultura Anatolia.<small class=\"copyright\">Imagen: privat<\/small><\/figcaption><\/figure>\n<p>Para Tina Blohm, directora de las oficinas en Estambul y Ankara de la Fundaci\u00f3n Friedrich Ebert (FES), cercana a la socialdemocracia alemana, la detenci\u00f3n de Imamoglu es \u00abuna nueva escalada de represi\u00f3n\u201d.<\/p>\n<p>El alcalde de Estambul es muy popular, dentro y fuera de Turqu\u00eda. \u00abEn los pr\u00f3ximos d\u00edas y semanas, quedar\u00e1 claro cu\u00e1n fuerte y unido se muestra el CHP (Partido Republicano del Pueblo), y c\u00f3mo utilizar\u00e1 sus apariciones en p\u00fablico y en el Parlamento\u00bb. Existe el peligro de que las protestas amainen al cabo de unas semanas. \u00abEntonces podr\u00eda ser parte de la &#8216;nueva normalidad&#8217; que los pol\u00edticos arrestados permanezcan en prisi\u00f3n\u00bb, analiza\u00a0Blohm en la publicaci\u00f3n <em>IPG-Journal<\/em>de la fundaci\u00f3n\u00a0FES.<\/p>\n<p>La representante de la FES se\u00f1ala que, en el marco de tres investigaciones distintas, se ha ordenado arrestar a m\u00e1s de 100 personas. Imamoglu era solo una de ellas. \u00abEsto no significa nada bueno para la democracia en Turqu\u00eda\u00bb, afirma\u00a0Blohm, para quien se est\u00e1 abusando pol\u00edticamente del sistema de justicia, que\u00a0pierde\u00a0su independencia. \u00abLa caja de herramientas para tomar medidas contra los cr\u00edticos del gobierno est\u00e1 bien equipada\u00bb, comenta. <\/p>\n<p><span data-slot-id=\"Article_InContent-1\" class=\"rich-text-ad\"\/><\/p>\n<h2>Periodistas en la mira de la Justicia turca<\/h2>\n<p>Esa caja de herramientas se hace presente tambi\u00e9n en la detenci\u00f3n del periodista Ismail Saymay, del canal opositor <em>TV Halk<\/em>acusado de \u00abapoyar un intento de derrocar al Gobierno turco\u201d, por haber mantenido durante las protestas de Gezi conversaciones, seg\u00fan la Fiscal\u00eda -que tambi\u00e9n investiga en el caso de Imamoglu- con Osman Kavala y el abogado Can Atalay, ambos en cumplimiento de largas penas de prisi\u00f3n.<\/p>\n<p>El editor del diario en alem\u00e1n <em>Post de Estambul<\/em>Stefan Hibbeler, dice que especialmente los\u00a0medios independientes en Turqu\u00eda est\u00e1n \u00abbajo presi\u00f3n\u201d. La Polic\u00eda act\u00faa cada vez m\u00e1s a menudo contra periodistas. El lunes fueron detenidos diez trabajadores de prensa que informaban sobre las protestas, entre ellos, un periodista de la agencia noticiosa francesa AFP. La Polic\u00eda se lo llev\u00f3 en la madrugada de su domicilio, informa la AFP.<\/p>\n<p>\u00abEsto es nuevo\u00bb, dice\u00a0Hibbeler a Deutsche Welle. \u00abEl delito penal de desinformaci\u00f3n se interpreta de forma muy liberal\u00bb. La organizaci\u00f3n no gubernamental Reporteros sin Fronteras ha calificado\u00a0la acci\u00f3n policial de \u00abescandalosa\u201d. Lo que es mucho peor, seg\u00fan Hibbeler, es que muchos turcos creen en los medios de comunicaci\u00f3n, que son predominantemente progubernamentales. <\/p>\n<figure class=\"placeholder-image master_landscape big\"><img data-format=\"MASTER_LANDSCAPE\" data-id=\"72028837\" data-url=\"https:\/\/static.dw.com\/image\/72028837_${formatId}.jpg\" data-aspect-ratio=\"16\/9\" alt=\"El investigador Jannes Tessmann, de la Fundaci\u00f3n Mercator.\" style=\"padding-bottom: 56.25%; height: 0; max-height: 0;\"\/><figcaption class=\"img-caption\">Jannes Tessmann representa a la Fundaci\u00f3n Mercator en Estambul.<small class=\"copyright\">Im\u00e1genes: Mercator Foundation<\/small><\/figcaption><\/figure>\n<p>Jannes Tessmann, representante de la Fundaci\u00f3n Mercator en Estambul, que fomenta las relaciones entre Turqu\u00eda y Alemania, dice\u00a0a DW: \u00abEstamos muy preocupados por la sociedad civil turca y por nuestros socios aqu\u00ed\u201d. Uno de los socios de proyectos era Osman Kavala, indica.<\/p>\n<p>Muy cuidadoso con sus apreciaciones, Tessmann confiesa, sin embargo, temer \u00abque la represi\u00f3n contra los opositores contin\u00fae y que siga avanzando esta escalada\u201d. Seg\u00fan el experto, \u00abmuchos de los que salen a la calle ahora est\u00e1n decepcionados por el silencio del sector de la cultura\u201d. En comparaci\u00f3n con las protestas de Gezi, en 2013, cuando activistas de la cultura alzaron sus voces acompa\u00f1ando a los manifestantes, \u00aben las redes sociales se ha lamentado mucho que esta vez no sea as\u00ed\u201d, consigna.<\/p>\n<p>Asena G\u00fcnal, directora de Anadolu K\u00fclt\u00fcr, es menos pesimista: \u00abErdogan asumi\u00f3 un gran riesgo\u00bb, dice, \u00abpero creo que calcul\u00f3 mal\u00bb. Por un lado, sus medidas da\u00f1aron la econom\u00eda turca. Los precios de las acciones en la bolsa de valores se desplomaron y el valor de la moneda local, la lira turca, cay\u00f3 dr\u00e1sticamente. Pero, lo m\u00e1s importante, es que \u00ablas acciones de Erdogan han creado una atm\u00f3sfera en la que la oposici\u00f3n est\u00e1 unida y la gente est\u00e1 empezando a creer en el cambio\u00bb.<\/p>\n<p>(CP\/MS)<\/p>\n<\/p>\n<\/div>\n\n","protected":false},"excerpt":{"rendered":"<p>Seis d\u00edas despu\u00e9s de\u00a0la detenci\u00f3n del alcalde de Estambul, Ekrem Imamoglu, por orden del Gobierno, el Ministerio del Interior de Turqu\u00eda ha suspendido al funcionario de su cargo. Cientos de miles de personas han salido a las calles para\u00a0protestar contra las medidas del presidente de Turqu\u00eda, Recep Tayyip Erdogan, a pesar de las prohibiciones del &hellip;<\/p>\n","protected":false},"author":1,"featured_media":20345,"comment_status":"open","ping_status":"open","sticky":false,"template":"","format":"standard","meta":{"fifu_image_url":"https:\/\/static.dw.com\/image\/72033535_6.jpg","fifu_image_alt":"","footnotes":""},"categories":[13],"tags":[],"class_list":["post-20344","post","type-post","status-publish","format-standard","has-post-thumbnail","","category-mundo"],"_links":{"self":[{"href":"https:\/\/noticiasveraces.com\/index.php?rest_route=\/wp\/v2\/posts\/20344","targetHints":{"allow":["GET"]}}],"collection":[{"href":"https:\/\/noticiasveraces.com\/index.php?rest_route=\/wp\/v2\/posts"}],"about":[{"href":"https:\/\/noticiasveraces.com\/index.php?rest_route=\/wp\/v2\/types\/post"}],"author":[{"embeddable":true,"href":"https:\/\/noticiasveraces.com\/index.php?rest_route=\/wp\/v2\/users\/1"}],"replies":[{"embeddable":true,"href":"https:\/\/noticiasveraces.com\/index.php?rest_route=%2Fwp%2Fv2%2Fcomments&post=20344"}],"version-history":[{"count":0,"href":"https:\/\/noticiasveraces.com\/index.php?rest_route=\/wp\/v2\/posts\/20344\/revisions"}],"wp:featuredmedia":[{"embeddable":true,"href":"https:\/\/noticiasveraces.com\/index.php?rest_route=\/wp\/v2\/media\/20345"}],"wp:attachment":[{"href":"https:\/\/noticiasveraces.com\/index.php?rest_route=%2Fwp%2Fv2%2Fmedia&parent=20344"}],"wp:term":[{"taxonomy":"category","embeddable":true,"href":"https:\/\/noticiasveraces.com\/index.php?rest_route=%2Fwp%2Fv2%2Fcategories&post=20344"},{"taxonomy":"post_tag","embeddable":true,"href":"https:\/\/noticiasveraces.com\/index.php?rest_route=%2Fwp%2Fv2%2Ftags&post=20344"}],"curies":[{"name":"wp","href":"https:\/\/api.w.org\/{rel}","templated":true}]}}