{"id":20317,"date":"2025-03-26T19:21:29","date_gmt":"2025-03-26T23:21:29","guid":{"rendered":"https:\/\/noticiasveraces.com\/?p=20317"},"modified":"2025-03-26T19:21:29","modified_gmt":"2025-03-26T23:21:29","slug":"trump-anuncia-aranceles-a-automoviles-no-fabricados-en-eeuu-dw-26-03-2025","status":"publish","type":"post","link":"https:\/\/noticiasveraces.com\/?p=20317","title":{"rendered":"Trump anuncia aranceles a autom\u00f3viles no fabricados en EEUU \u2013 DW \u2013 26\/03\/2025"},"content":{"rendered":"<p> \n<\/p>\n<div>\n<p>El presidente de Estados Unidos, Donald Trump, anunci\u00f3 este mi\u00e9rcoles (26.03.2025) que a partir del 2 de abril se aplicar\u00e1 un arancel del 25 por ciento para todos los autom\u00f3viles que sean exportados a su pa\u00eds, una nueva y agresiva medida que recrudece la guerra comercial iniciada por su administraci\u00f3n.<\/p>\n<p>\u00abVamos a cobrar a los pa\u00edses por hacer negocios en nuestro pa\u00eds y tomar nuestros trabajos, tomar nuestra riqueza. De manera efectiva cobraremos un arancel del 25 por ciento (a los autos)\u00bb, afirm\u00f3 Trump en la Casa Blanca poco antes de firmar la orden ejecutiva para la medida arancelaria, que seg\u00fan \u00e9l no afectar\u00e1 a las autopartes fabricadas en Estados Unidos.<\/p>\n<p>Trump explic\u00f3 que prev\u00e9 que la medida, que afectar\u00e1 tambi\u00e9n a camiones ligeros, le puede llegar a reportar a las arcas estadounidenses una cantidad de entre 600.000 millones y unl bill\u00f3n de d\u00f3lares en los pr\u00f3ximos dos a\u00f1os. \u00abEntrar\u00e1 en efecto el 2 de abril, y empezaremos a recaudar el 3 de abril\u00bb, a\u00f1adi\u00f3 el presidente estadounidense, que quiso incidir en que \u00absi manufacturas tu veh\u00edculo en los Estados Unidos, no hay aranceles\u00bb.<\/p>\n<h2>Canad\u00e1 responder\u00e1<\/h2>\n<p>El magnate neoyorquino insisti\u00f3 en que esta partida arancelaria atraer\u00e1 a fabricantes de veh\u00edculos extranjeros a levantar plantas en suelo estadounidense para evitar los grav\u00e1menes y puso como ejemplo los planes del fabricante japon\u00e9s Honda, que este mes anunci\u00f3 que fabricar\u00eda un nuevo modelo en su planta de Indiana, en vez de en M\u00e9xico.<\/p>\n<p>Desde que retorn\u00f3 a la Casa Blanca el 20 de enero, Trump ha apostado por implementar de manera agresiva aranceles a las importaciones procedentes de diversos socios de EE.UU. y corregir lo que considera d\u00e9ficits comerciales injustos para Washington, tanto para atraer inversi\u00f3n de capital corporativo for\u00e1nea como medida de presi\u00f3n para reducir el flujo migratorio o de fentanilo.<\/p>\n<p>Tras conocerse la noticia, la Uni\u00f3n Europea reaccion\u00f3. \u00abLamento profundamente la decisi\u00f3n estadounidense\u00bb, indic\u00f3 Ursula von der Leyen,\u00a0presidenta de la Comisi\u00f3n Europea, brazo ejecutivo del bloque de 27 Estados. La UE \u00abseguir\u00e1 buscando soluciones negociadas\u00bb con Estados Unidos, a\u00f1adi\u00f3 en un comunicado.<\/p>\n<p>Canad\u00e1, en tanto, calific\u00f3 los aranceles como un \u00abataque directo\u201d contra el pa\u00eds. El primer ministro, Mark Carney, asegur\u00f3 que responder\u00e1 de forma unificada.<\/p>\n<p>DZC (EFE, AFP)<\/p>\n<\/div>\n\n","protected":false},"excerpt":{"rendered":"<p>El presidente de Estados Unidos, Donald Trump, anunci\u00f3 este mi\u00e9rcoles (26.03.2025) que a partir del 2 de abril se aplicar\u00e1 un arancel del 25 por ciento para todos los autom\u00f3viles que sean exportados a su pa\u00eds, una nueva y agresiva medida que recrudece la guerra comercial iniciada por su administraci\u00f3n. \u00abVamos a cobrar a los &hellip;<\/p>\n","protected":false},"author":1,"featured_media":20318,"comment_status":"open","ping_status":"open","sticky":false,"template":"","format":"standard","meta":{"fifu_image_url":"https:\/\/static.dw.com\/image\/72050188_6.jpg","fifu_image_alt":"","footnotes":""},"categories":[13],"tags":[],"class_list":["post-20317","post","type-post","status-publish","format-standard","has-post-thumbnail","","category-mundo"],"_links":{"self":[{"href":"https:\/\/noticiasveraces.com\/index.php?rest_route=\/wp\/v2\/posts\/20317","targetHints":{"allow":["GET"]}}],"collection":[{"href":"https:\/\/noticiasveraces.com\/index.php?rest_route=\/wp\/v2\/posts"}],"about":[{"href":"https:\/\/noticiasveraces.com\/index.php?rest_route=\/wp\/v2\/types\/post"}],"author":[{"embeddable":true,"href":"https:\/\/noticiasveraces.com\/index.php?rest_route=\/wp\/v2\/users\/1"}],"replies":[{"embeddable":true,"href":"https:\/\/noticiasveraces.com\/index.php?rest_route=%2Fwp%2Fv2%2Fcomments&post=20317"}],"version-history":[{"count":0,"href":"https:\/\/noticiasveraces.com\/index.php?rest_route=\/wp\/v2\/posts\/20317\/revisions"}],"wp:featuredmedia":[{"embeddable":true,"href":"https:\/\/noticiasveraces.com\/index.php?rest_route=\/wp\/v2\/media\/20318"}],"wp:attachment":[{"href":"https:\/\/noticiasveraces.com\/index.php?rest_route=%2Fwp%2Fv2%2Fmedia&parent=20317"}],"wp:term":[{"taxonomy":"category","embeddable":true,"href":"https:\/\/noticiasveraces.com\/index.php?rest_route=%2Fwp%2Fv2%2Fcategories&post=20317"},{"taxonomy":"post_tag","embeddable":true,"href":"https:\/\/noticiasveraces.com\/index.php?rest_route=%2Fwp%2Fv2%2Ftags&post=20317"}],"curies":[{"name":"wp","href":"https:\/\/api.w.org\/{rel}","templated":true}]}}