{"id":20306,"date":"2025-03-26T18:20:16","date_gmt":"2025-03-26T22:20:16","guid":{"rendered":"https:\/\/noticiasveraces.com\/?p=20306"},"modified":"2025-03-26T18:20:16","modified_gmt":"2025-03-26T22:20:16","slug":"kit-de-emergencia-para-72-horas-dw-26-03-2025","status":"publish","type":"post","link":"https:\/\/noticiasveraces.com\/?p=20306","title":{"rendered":"kit de emergencia para 72 horas \u2013 DW \u2013 26\/03\/2025"},"content":{"rendered":"<p> \n<\/p>\n<div>\n<p>Si usted vive en la Uni\u00f3n Europea, \u00bftiene suficientes provisiones almacenadas para las primeras 72 horas de una emergencia nacional? Alimentos, agua, dinero en efectivo, medicamentos, documentos de identidad, una linterna y una radio que pueda captar frecuencias de onda larga: estas son solo algunas de las cosas que deber\u00edan estar en una lista para un kit de supervivencia, seg\u00fan la UE.<\/p>\n<p>El\u00a0mi\u00e9rcoles (26.03.2025), el bloque pidi\u00f3 a los Gobiernos nacionales que implementen\u00a0medidas para garantizar que los ciudadanos,\u00a0y\u00a0servicios como escuelas y hospitales, est\u00e9n mejor preparados para enfrentar posibles crisis futuras, desde incendios forestales hasta accidentes industriales,\u00a0e incluso conflictos armados.<\/p>\n<p>La nueva estrategia llega luego de que una investigaci\u00f3n, encargada por la UE en 2024, se\u00f1alara\u00a0deficiencias en los planes de respuesta a los desastres por parte de los distintos\u00a0pa\u00edses, as\u00ed como\u00a0un enfoque fragmentado en todo el bloque. Una cumbre reciente ha sido\u00a0el\u00a0primer paso para unificar los protocolos nacionales de respuesta a desastres.<\/p>\n<p>\u00abHay que saber c\u00f3mo actuar, c\u00f3mo reaccionar, si se corta la electricidad, si hay un terremoto, una inundaci\u00f3n masiva o cualquier otro tipo de amenaza. \u00bfC\u00f3mo se protege uno? \u00bfQu\u00e9 recursos necesita? \u00bfC\u00f3mo asume la responsabilidad?\u201d, declar\u00f3 a los periodistas en Bruselas la comisaria europea Roxana Minzatu, responsable de derechos sociales, empleos de calidad y preparaci\u00f3n.<\/p>\n<p>\u00abSe trata de abandonar una mentalidad reactiva y receptiva ante los riesgos y peligros potenciales y adoptar un enfoque, una mentalidad de previsi\u00f3n, de anticipaci\u00f3n de riesgos, de prevenci\u00f3n\u00bb, afirm\u00f3.<\/p>\n<blockquote class=\"tweet embed\" data-id=\"1904858985972351264\"\/>\n<h2>\u00bfQu\u00e9 comprende el plan de preparaci\u00f3n para crisis de la UE?<\/h2>\n<p>El plan presentado por el brazo ejecutivo de la UE el mi\u00e9rcoles (26.3.2025) sugiere que las autoridades nacionales introduzcan o refuercen sistemas de alerta, adapten los programas escolares y pongan en marcha programas de capacitaci\u00f3n para mantener a los ciudadanos informados sobre los riesgos que enfrentan.<\/p>\n<p>El bloque tambi\u00e9n planea abrir un nuevo \u00abcentro de coordinaci\u00f3n de crisis\u00bb centralizado y reforzar las reservas compartidas de la UE de bienes como vacunas, equipos de transporte y equipos cr\u00edticos para contrarrestar las amenazas qu\u00edmicas, biol\u00f3gicas, radiol\u00f3gicas y nucleares.<\/p>\n<p>La Comisi\u00f3n Europea tambi\u00e9n propone simulacros de entrenamiento en toda la UE, con el objetivo de\u00a0aumentar la cooperaci\u00f3n civil y militar, as\u00ed como planes para desarrollar listas de verificaci\u00f3n m\u00ednimas de preparaci\u00f3n para servicios esenciales, como escuelas, transporte y telecomunicaciones.<\/p>\n<p>Muchas de las medidas sugeridas quedan\u00a0en manos de los Gobiernos nacionales, lo que significa que las capitales de la UE son las que deciden si aceptan o no las recomendaciones de Bruselas.<\/p>\n<figure class=\"placeholder-image master_landscape big\"><img data-format=\"MASTER_LANDSCAPE\" data-id=\"70775806\" data-url=\"https:\/\/static.dw.com\/image\/70775806_${formatId}.jpg\" data-aspect-ratio=\"16\/9\" alt=\"Inundaciones en M\u00e1laga, en 2024: dos hombres buscan algo en el agua, y un rescatista los vigila.\" style=\"padding-bottom: 56.25%; height: 0; max-height: 0;\"\/><figcaption class=\"img-caption\">Las inundaciones causaron grandes da\u00f1os y provocaron m\u00e1s de 200 muertes en Espa\u00f1a a finales de 2024<small class=\"copyright\">Imagen: Jorge Guerrero\/AFP\/Getty Images<\/small><\/figcaption><\/figure>\n<h2>Algunos pa\u00edses est\u00e1n m\u00e1s preparados que otros<\/h2>\n<p>Seg\u00fan el Ejecutivo de la UE, estar preparado significa algo diferente en cada pa\u00eds del bloque. Los incendios forestales son m\u00e1s comunes en Espa\u00f1a\u00a0y Grecia, por ejemplo, mientras que los terremotos son m\u00e1s probables en Rumania o Bulgaria.<\/p>\n<p>Alemania public\u00f3 un documento de 68 p\u00e1ginas<svg xmlns=\"http:\/\/www.w3.org\/2000\/svg\" width=\"20\" height=\"20\" viewbox=\"0 0 20 20\"><path d=\"M11.5 3.5 11.5 4.233C14.342 4.233 15.167 4.245 15.167 4.258L8.984 10.467 10.033 11.516C14.826 6.725 16.228 5.333 16.242 5.333L16.267 9 17.733 9 17.733 2.767 11.5 2.767 11.5 3.5M2.267 11 2.267 17.233 16.733 17.233 16.733 12 15.267 12 15.25 15.75 9.5 15.75 3.75 15.75 3.75 6.25 9.5 6.233 9.5 4.767 2.267 4.767 2.267 11 \"\/><\/svg>  que detalla lo que deber\u00edan hacer los ciudadanos en caso de inundaciones o emergencias nucleares, incluyendo recomendaciones para almacenar alimentos y otros suministros esenciales para 10 d\u00edas. \u00abCorresponde a los Estados miembros definir el mensaje seg\u00fan su situaci\u00f3n\u00bb, declar\u00f3 la comisaria de Gesti\u00f3n de Crisis de la UE, Hadja Lahbib.<\/p>\n<p>Finlandia, que comparte una frontera con Rusia de m\u00e1s de 1.300 kil\u00f3metros, suele ser considerada un ejemplo a seguir en la UE en cuanto a preparaci\u00f3n para emergencias.\u00a0El pa\u00eds ha mantenido refugios subterr\u00e1neos en caso de bombardeo o amenazas nucleares, y una agencia nacional de suministros de emergencia dedicada a asegurar bienes cr\u00edticos en caso de crisis.<\/p>\n<p>\u00abEsto est\u00e1 muy arraigado en la mente de los ciudadanos finlandeses\u00bb, comenta\u00a0a DW Emma Hakala, investigadora del Instituto Finland\u00e9s de Asuntos Internacionales. \u00abNo estamos tan bien preparados para los riesgos ambientales como creemos. Pero, en general, creo que el \u00e1nimo en Finlandia sigue siendo bastante positivo al respecto\u00bb.<\/p>\n<figure class=\"placeholder-image master_landscape big\"><img data-format=\"MASTER_LANDSCAPE\" data-id=\"69650416\" data-url=\"https:\/\/static.dw.com\/image\/69650416_${formatId}.jpg\" data-aspect-ratio=\"16\/9\" alt=\"Finlandia comparte la frontera m\u00e1s larga de la UE con Rusia. Aqu\u00ed, dos polic\u00edas en la frontera, con un perro.\" style=\"padding-bottom: 56.25%; height: 0; max-height: 0;\"\/><figcaption class=\"img-caption\">Finlandia comparte la frontera m\u00e1s larga de la UE con Rusia, con m\u00e1s de 1.300 kil\u00f3metros de longitud.<small class=\"copyright\">Imagen: Jussi Nukari\/Magazine\/AFP\/Getty Images<\/small><\/figcaption><\/figure>\n<h2>Los peligros aumentan<\/h2>\n<p>Las tensiones geopol\u00edticas en los pa\u00edses vecinos, como la guerra de Rusia en Ucrania, han situado la seguridad en la mente de un n\u00famero creciente de ciudadanos.\u00a0\u00abNo dir\u00eda que tenemos la\u00a0amenaza grave de un ataque militar, pero, por supuesto, consideramos a Rusia una amenaza mucho m\u00e1s concreta que antes\u00bb, dice\u00a0la investigadora Hakala.<\/p>\n<p>\u00abLa mayor\u00eda de los pa\u00edses europeos tambi\u00e9n reconocen los riesgos clim\u00e1ticos\u00bb, a\u00f1ade. \u00abEsto se debe a que han sido significativos recientemente, con todo tipo de inundaciones, lluvias torrenciales y tormentas en toda Europa\u00bb.<\/p>\n<p>Hakala tambi\u00e9n se\u00f1ala\u00a0que las llamadas amenazas h\u00edbridas, como los ciberataques a hospitales, que pueden paralizar la infraestructura de salud p\u00fablica, tambi\u00e9n est\u00e1n volvi\u00e9ndose \u00abm\u00e1s reconocidas y concretas\u00bb.<\/p>\n<p><span data-slot-id=\"Article_InContent-1\" class=\"rich-text-ad\"\/><\/p>\n<h2>Prepararse, pero no caer en el p\u00e1nico<\/h2>\n<p>Ante las cr\u00edticas de que la UE est\u00e1\u00a0propagando un miedo innecesario, Hadja Lahbib dijo: \u00abSer consciente de los riesgos y prepararse para ellos es lo opuesto a generar p\u00e1nico y acciones irracionales, como las que pudimos haber visto durante la pandemia [de COVID-19]. No olviden que vimos a la gente abarrotando las tiendas comprando papel higi\u00e9nico. \u00bfDe verdad eso los iba a proteger\u00a0de la\u00a0pandemia? No. Estar preparado es saber qu\u00e9 puede pasar y estar preparado para ello\u201d, dijo.<\/p>\n<p>Pero Hakala admite, por su parte, que lograr un equilibrio entre fomentar una mayor comprensi\u00f3n y mantener la serenidad no siempre es\u00a0f\u00e1cil. \u00abEs necesario que los ciudadanos sean conscientes de las posibles amenazas y se preparen para ellas\u201d, dice. \u00abPero, al mismo tiempo, no es bueno que uno se asuste demasiado por todo. Especialmente hoy en d\u00eda, con tanto potencial de desinformaci\u00f3n en las redes sociales\u00bb.<\/p>\n<p>(CP\/MS)<\/p>\n<\/div>\n\n","protected":false},"excerpt":{"rendered":"<p>Si usted vive en la Uni\u00f3n Europea, \u00bftiene suficientes provisiones almacenadas para las primeras 72 horas de una emergencia nacional? Alimentos, agua, dinero en efectivo, medicamentos, documentos de identidad, una linterna y una radio que pueda captar frecuencias de onda larga: estas son solo algunas de las cosas que deber\u00edan estar en una lista para &hellip;<\/p>\n","protected":false},"author":1,"featured_media":20307,"comment_status":"open","ping_status":"open","sticky":false,"template":"","format":"standard","meta":{"fifu_image_url":"https:\/\/static.dw.com\/image\/72048588_6.jpg","fifu_image_alt":"","footnotes":""},"categories":[13],"tags":[],"class_list":["post-20306","post","type-post","status-publish","format-standard","has-post-thumbnail","","category-mundo"],"_links":{"self":[{"href":"https:\/\/noticiasveraces.com\/index.php?rest_route=\/wp\/v2\/posts\/20306","targetHints":{"allow":["GET"]}}],"collection":[{"href":"https:\/\/noticiasveraces.com\/index.php?rest_route=\/wp\/v2\/posts"}],"about":[{"href":"https:\/\/noticiasveraces.com\/index.php?rest_route=\/wp\/v2\/types\/post"}],"author":[{"embeddable":true,"href":"https:\/\/noticiasveraces.com\/index.php?rest_route=\/wp\/v2\/users\/1"}],"replies":[{"embeddable":true,"href":"https:\/\/noticiasveraces.com\/index.php?rest_route=%2Fwp%2Fv2%2Fcomments&post=20306"}],"version-history":[{"count":0,"href":"https:\/\/noticiasveraces.com\/index.php?rest_route=\/wp\/v2\/posts\/20306\/revisions"}],"wp:featuredmedia":[{"embeddable":true,"href":"https:\/\/noticiasveraces.com\/index.php?rest_route=\/wp\/v2\/media\/20307"}],"wp:attachment":[{"href":"https:\/\/noticiasveraces.com\/index.php?rest_route=%2Fwp%2Fv2%2Fmedia&parent=20306"}],"wp:term":[{"taxonomy":"category","embeddable":true,"href":"https:\/\/noticiasveraces.com\/index.php?rest_route=%2Fwp%2Fv2%2Fcategories&post=20306"},{"taxonomy":"post_tag","embeddable":true,"href":"https:\/\/noticiasveraces.com\/index.php?rest_route=%2Fwp%2Fv2%2Ftags&post=20306"}],"curies":[{"name":"wp","href":"https:\/\/api.w.org\/{rel}","templated":true}]}}