{"id":20289,"date":"2025-03-26T13:01:22","date_gmt":"2025-03-26T17:01:22","guid":{"rendered":"https:\/\/noticiasveraces.com\/?p=20289"},"modified":"2025-03-26T13:01:22","modified_gmt":"2025-03-26T17:01:22","slug":"equipo-de-la-fecha-los-mejores-jugadores-de-las-eliminatorias-conmebol-curiosidades-de-futbol","status":"publish","type":"post","link":"https:\/\/noticiasveraces.com\/?p=20289","title":{"rendered":"Equipo de la fecha: Los mejores jugadores de las eliminatorias Conmebol | Curiosidades de f\u00fatbol"},"content":{"rendered":"<p> \n<\/p>\n<div id=\"cuerpoArticulo\">\n<p class=\"texto intro\" id=\"p240055-m687-686-688\">La <b>Selecci\u00f3n Colombia<\/b> volvi\u00f3 a decepcionar a sus hinchas y, si bien en esta ocasi\u00f3n no perdi\u00f3, el empate 2-2 ante Paraguay dej\u00f3 un sabor muy similar a la derrota. Esta jornada 14 de Eliminatorias Sudamericanas nos dej\u00f3 grandes partidos, como la buena actuaci\u00f3n de Bolivia ante Uruguay, la probable eliminaci\u00f3n de Chile o la contundente goleada de Argentina ante Brasil. En este sentido, <b>le mostraremos cu\u00e1l fue el equipo de la fecha<\/b>.<\/p>\n<p class=\"texto contenido-parrafo-articulo\" id=\"p240055-m705-2-706\">Resulta que la p\u00e1gina <i>Sof\u00e1s<\/i>especializada en datos y rendimientos de jugadores, public\u00f3 el equipo de la fecha 14 de las Eliminatorias Conmebol y dentro <b>hay presencia colombiana<\/b>. Los futbolistas fueron plasmados en un esquema 3-2-4-1 y <b>quien se encuentra en porter\u00eda es Sergio Rochet<\/b>arquero de Uruguay que obtuvo una puntuaci\u00f3n de 8.4 sobre 10 tras haber sumado 7 atajadas en el empate 0-0 ante Bolivia en condici\u00f3n de visitante.<\/p>\n<div class=\"fotografia caja-articulo\" id=\"p240055-m711-3-712\">\n<div class=\"imagen-cuerpo-bk\">\n<figure itemscope=\"\" itemtype=\"https:\/\/schema.org\/ImageObject\" itemprop=\"image\" id=\"m716-715-717\" class=\"foto-galeria-articulo imagen-articulo foto-texto-articulo-galeria\"><img decoding=\"async\" alt=\"Sergio Rochet\" src=\"data:image\/png;base64,iVBORw0KGgoAAAANSUhEUgAAAAEAAAABCAQAAAC1HAwCAAAAC0lEQVR42mP8\/x0AAvsB+DlKarAAAAAASUVORK5CYII=\" style=\" display: inline;\" data-original=\"\/files\/article_content\/uploads\/2022\/12\/02\/638a1e9d2b3c9.jpeg\"\/><meta itemprop=\"width\" content=\"600\"\/><meta itemprop=\"height\" content=\"450\"\/> <meta itemprop=\"url\" content=\"https:\/\/www.futbolred.com\/files\/article_content\/uploads\/2022\/12\/02\/638a1e9d2b3c9.jpeg\"\/><\/figure>\n<\/div>\n<div class=\"figcaption-cuerpo-bk credito-image-bk\"><figcaption class=\"foto-info\">\n<div class=\"titulo-foto-bk\">\n<p id=\"m723-1-724\" class=\"titulo pie-de-foto\">Sergio Rochet est\u00e1 en el equipo de la fecha.<\/p>\n<\/div>\n<p class=\"credito\">\n                            <span class=\"linea pre_credito\">Foto:<\/span><\/p>\n<p>                        <span id=\"m729-2-730\" class=\"autor\">Efusi\u00f3n<\/span><\/p>\n<\/figcaption><\/div>\n<\/p><\/div>\n<p class=\"texto contenido-parrafo-articulo\" id=\"p240055-m737-4-738\">La l\u00ednea de 3 defensores est\u00e1 compuesta por <b>Piero Hincapi\u00e9<\/b> (7.9) de Ecuador, <b>Paulo D\u00edaz<\/b> (7.8) de Chile y <b>Pacho de Willian<\/b> (7.6) de Ecuador, donde ambas selecciones se enfrentaron y tambi\u00e9n terminaron en un empate sin goles. Por otro lado, los dos pivotes defensivos est\u00e1n conformados por <b>H\u00e9ctor Cuellar<\/b> (7.9) de Bolivia, con una precisi\u00f3n en pases del 93 % y con 9 de 11 duelos ganados; y por el paraguayo <b>Diego G\u00f3mez<\/b> (7.8).<\/p>\n<p class=\"texto contenido-parrafo-articulo\" id=\"p240055-m788-6-789\"><b>Ramiro Vaca<\/b> es uno de los enlaces, siendo figura de Bolivia con una puntuaci\u00f3n de 8.9, mientras que <b>Enzo fern\u00e1ndez<\/b>de Argentina, lo acompa\u00f1a con una valoraci\u00f3n de 9.0 en el triunfo 4-1 de Argentina sobre Brasil. Por la banda derecha se encuentra otro argentino, <b>Rodrigo de Paul<\/b> (7.8) y en la banda izquierda aparece el \u00fanico colombiano, <b>Luis D\u00edaz<\/b>con una puntuaci\u00f3n de 8.5 gracias a su gol y asistencia. Finalmente, el delantero del equipo lo ocupa <b>Moises Paniagua<\/b>delantero de Bolivia, con 7.7 de puntuaci\u00f3n.<\/p>\n<div class=\"fotografia caja-articulo\" id=\"p240055-m794-7-795\">\n<div class=\"imagen-cuerpo-bk\">\n<figure itemscope=\"\" itemtype=\"https:\/\/schema.org\/ImageObject\" itemprop=\"image\" id=\"m799-798-800\" class=\"foto-galeria-articulo imagen-articulo foto-texto-articulo-galeria\"><img decoding=\"async\" alt=\"Luis D\u00edaz - Colombia vs Paraguay\" src=\"data:image\/png;base64,iVBORw0KGgoAAAANSUhEUgAAAAEAAAABCAQAAAC1HAwCAAAAC0lEQVR42mP8\/x0AAvsB+DlKarAAAAAASUVORK5CYII=\" style=\" display: inline;\" data-original=\"\/files\/article_content\/uploads\/2025\/03\/25\/67e35a1d9ea6c.jpeg\"\/><meta itemprop=\"width\" content=\"600\"\/><meta itemprop=\"height\" content=\"450\"\/> <meta itemprop=\"url\" content=\"https:\/\/www.futbolred.com\/files\/article_content\/uploads\/2025\/03\/25\/67e35a1d9ea6c.jpeg\"\/><\/figure>\n<\/div>\n<div class=\"figcaption-cuerpo-bk credito-image-bk\"><figcaption class=\"foto-info\">\n<div class=\"titulo-foto-bk\">\n<p id=\"m806-1-807\" class=\"titulo pie-de-foto\">Luis D\u00edaz est\u00e1 en el equipo de la fecha.<\/p>\n<\/div>\n<p class=\"credito\">\n                            <span class=\"linea pre_credito\">Foto:<\/span><\/p>\n<p>                        <span id=\"m812-2-813\" class=\"autor\">Vanexa Romero \/ El Tiempo<\/span><\/p>\n<\/figcaption><\/div>\n<\/p><\/div>\n<p>                                                    <span class=\"articulo-subtitulo subtitulo2 espacio-contenido\" id=\"p240055-m820-8-821\">\u00bfCu\u00e1ndo volver\u00e1 a jugar Colombia por Eliminatorias Conmebol?<br \/><\/span><\/p>\n<p class=\"texto contenido-parrafo-articulo\" id=\"p240055-m826-9-827\">Luego de una doble fecha FIFA para el olvido, <b>la Selecci\u00f3n Colombia volver\u00e1 al ruedo en el mes de junio<\/b>precisamente el d\u00eda 4 cuando le toque <b>recibir a Per\u00fa en Barranquilla<\/b> buscando la clasificaci\u00f3n al Mundial 2026. En aquella doble fecha, \u2018La Tricolor\u2019 la tendr\u00e1 dif\u00edcil, ya que luego deber\u00e1 <b>viajar a Buenos Aires para enfrentar a Argentina<\/b>el \u00fanico equipo sudamericano clasificado a la Copa del Mundo hasta el momento.<\/p>\n<\/p><\/div>\n\n","protected":false},"excerpt":{"rendered":"<p>La Selecci\u00f3n Colombia volvi\u00f3 a decepcionar a sus hinchas y, si bien en esta ocasi\u00f3n no perdi\u00f3, el empate 2-2 ante Paraguay dej\u00f3 un sabor muy similar a la derrota. Esta jornada 14 de Eliminatorias Sudamericanas nos dej\u00f3 grandes partidos, como la buena actuaci\u00f3n de Bolivia ante Uruguay, la probable eliminaci\u00f3n de Chile o la &hellip;<\/p>\n","protected":false},"author":1,"featured_media":20290,"comment_status":"open","ping_status":"open","sticky":false,"template":"","format":"standard","meta":{"fifu_image_url":"https:\/\/www.futbolred.com\/files\/og_thumbnail\/uploads\/2025\/03\/26\/67e41e9015317.jpeg","fifu_image_alt":"","footnotes":""},"categories":[6],"tags":[],"class_list":["post-20289","post","type-post","status-publish","format-standard","has-post-thumbnail","","category-deportes"],"_links":{"self":[{"href":"https:\/\/noticiasveraces.com\/index.php?rest_route=\/wp\/v2\/posts\/20289","targetHints":{"allow":["GET"]}}],"collection":[{"href":"https:\/\/noticiasveraces.com\/index.php?rest_route=\/wp\/v2\/posts"}],"about":[{"href":"https:\/\/noticiasveraces.com\/index.php?rest_route=\/wp\/v2\/types\/post"}],"author":[{"embeddable":true,"href":"https:\/\/noticiasveraces.com\/index.php?rest_route=\/wp\/v2\/users\/1"}],"replies":[{"embeddable":true,"href":"https:\/\/noticiasveraces.com\/index.php?rest_route=%2Fwp%2Fv2%2Fcomments&post=20289"}],"version-history":[{"count":0,"href":"https:\/\/noticiasveraces.com\/index.php?rest_route=\/wp\/v2\/posts\/20289\/revisions"}],"wp:featuredmedia":[{"embeddable":true,"href":"https:\/\/noticiasveraces.com\/index.php?rest_route=\/wp\/v2\/media\/20290"}],"wp:attachment":[{"href":"https:\/\/noticiasveraces.com\/index.php?rest_route=%2Fwp%2Fv2%2Fmedia&parent=20289"}],"wp:term":[{"taxonomy":"category","embeddable":true,"href":"https:\/\/noticiasveraces.com\/index.php?rest_route=%2Fwp%2Fv2%2Fcategories&post=20289"},{"taxonomy":"post_tag","embeddable":true,"href":"https:\/\/noticiasveraces.com\/index.php?rest_route=%2Fwp%2Fv2%2Ftags&post=20289"}],"curies":[{"name":"wp","href":"https:\/\/api.w.org\/{rel}","templated":true}]}}