{"id":20272,"date":"2025-03-26T12:19:15","date_gmt":"2025-03-26T16:19:15","guid":{"rendered":"https:\/\/noticiasveraces.com\/?p=20272"},"modified":"2025-03-26T12:19:15","modified_gmt":"2025-03-26T16:19:15","slug":"las-renovables-crecen-a-una-velocidad-record-mientras-la-onu-pide-a-los-paises-nuevos-planes-climaticos-clima-y-medio-ambiente","status":"publish","type":"post","link":"https:\/\/noticiasveraces.com\/?p=20272","title":{"rendered":"Las renovables crecen a una velocidad r\u00e9cord mientras la ONU pide a los pa\u00edses nuevos planes clim\u00e1ticos | Clima y Medio Ambiente"},"content":{"rendered":"<p> \n<br \/><img decoding=\"async\" src=\"https:\/\/imagenes.elpais.com\/resizer\/v2\/3EIARFVKXVC3BJTG4DR2RXK2HE.jpg?auth=87b08d02d1094665614bfdff62c294f00d082b7d8e345e03670428858b4c8f11\" \/><\/p>\n<div data-dtm-region=\"articulo_cuerpo\">\n<p class=\"\">Los n\u00fameros est\u00e1n ah\u00ed, a pesar de todo el ruido: las energ\u00edas renovables, grandes aliadas de la lucha contra el cambio clim\u00e1tico, son la apuesta m\u00e1s clara para los inversores en el sector el\u00e9ctrico. El pasado a\u00f1o se produjo un \u201caumento masivo\u201d de la capacidad solar, e\u00f3lica e hidroel\u00e9ctrica en el planeta, ha explicado este mi\u00e9rcoles la Agencia Internacional de las Energ\u00edas Renovables (Irena) en su balance sobre 2024. En solo 12 meses se sumaron 585 gigavatios de nueva potencia, lo que supone un incremento r\u00e9cord del 15,1%. Es \u201cuna buena noticia\u201d en mitad de un mundo pre\u00f1ado de \u201cmucha incertidumbre e inestabilidad\u201d, ha destacado Ant\u00f3nio Guterres, secretario general de Naciones Unidas, que ha intervenido de forma virtual en el foro Di\u00e1logos sobre el clima de Petersberg, una cita que se celebra en Berl\u00edn y que aspira a ser un impulso en la lucha contra el calentamiento global para situarla de nuevo en el centro de la agenda internacional.<\/p>\n<p class=\"\">Guterres ha recalcado uno de los datos clave del informe: \u201clas energ\u00edas renovables representaron m\u00e1s del 92% de toda la nueva capacidad de generaci\u00f3n de electricidad instalada el a\u00f1o pasado\u201d. Dicho de otra forma: \u201cla cantidad de energ\u00edas renovables agregadas representa m\u00e1s que la capacidad total de electricidad de Brasil y Jap\u00f3n combinadas\u201d.<\/p>\n<p class=\"\">Ese avance del 15,1% de 2024 es una buena noticia, pero todav\u00eda se necesita un paso m\u00e1s para llegar al objetivo que los 200 pa\u00edses del mundo adquirieron en la cumbre del clima de Dub\u00e1i a finales de 2023. En esa cita se marc\u00f3 el objetivo de triplicar la potencia renovable para 2030. Para ello, apunta Irena este mi\u00e9rcoles, la capacidad renovable debe aumentar a partir de ahora un 16,6% anual de aqu\u00ed al final de la d\u00e9cada.<\/p>\n<p class=\"\">Una pieza fundamental ser\u00e1n los planes clim\u00e1ticos que todos los pa\u00edses firmantes del Acuerdo de Par\u00eds deben presentar este a\u00f1o. Tendr\u00edan que haberlo hecho en febrero, pero la ONU ha dado un poco m\u00e1s de plazo a los pa\u00edses ante el incumplimiento generalizado: hasta el pr\u00f3ximo mes de septiembre, cuando tiene previsto convocar un encuentro internacional para hacer balance de esos planes, conocidos por las siglas en ingles NDC. En esos documentos los pa\u00edses deben trazar su hoja de ruta para reducir sus emisiones de efecto invernadero de aqu\u00ed a 2035.<\/p>\n<p class=\"\">\u201cLos inversores necesitan certidumbre y previsibilidad\u201d, ha explicado Guterres al referirse a las NDC. \u201cEstos nuevos planes son una oportunidad \u00fanica para cumplir y establecer una visi\u00f3n coherente para una transici\u00f3n verde justa\u201d, ha a\u00f1adido. \u201cJuntos, deben reducir las emisiones globales en un 60% para 2035, en comparaci\u00f3n con 2019, y contribuir a los objetivos globales de transici\u00f3n energ\u00e9tica de la COP28\u2033, es decir, al objetivo fijado en Dub\u00e1i de triplicar la potencia renovable para finales de esta d\u00e9cada.<\/p>\n<p class=\"\">\u201cTodos los pa\u00edses deben dar un paso al frente\u201d, ha pedido Guterres, quien, sin embargo, ha advertido de que el proceso debe ser liderado por los pa\u00edses del G20. Adem\u00e1s, las naciones m\u00e1s ricas deben impulsar \u201cla financiaci\u00f3n de los pa\u00edses en desarrollo\u201d para que tambi\u00e9n puedan subirse a la revoluci\u00f3n de las renovables y puedan adaptarse a los impactos de un cambio clim\u00e1tico que sufren pero del que son los menos responsables.<\/p>\n<p class=\"\">En su intervenci\u00f3n, Guterres ha instado a los pa\u00edses a que \u201caprovechen este momento\u201d para quedarse con el \u201cpremio\u201d, en referencia a los beneficios econ\u00f3micos y de todo tipo que aportan las renovables a las naciones: \u201cest\u00e1n impulsando el crecimiento, creando empleos, reduciendo las facturas de energ\u00eda y limpiando nuestro aire\u201d. El m\u00e1ximo responsable de la ONU, adem\u00e1s, ha puesto el foco tambi\u00e9n sobre la competitividad de las renovables: \u201cdesde 2010, el coste medio de la energ\u00eda e\u00f3lica se ha desplomado un 60%. La energ\u00eda solar es un 90% m\u00e1s barata\u201d.<\/p>\n<p class=\"\">\u201cEl continuo crecimiento de las energ\u00edas renovables que presenciamos cada a\u00f1o es una prueba de que las energ\u00edas renovables son econ\u00f3micamente viables y f\u00e1cilmente desplegables\u201d, ha expuesto por su parte el director general de Irena, Francesco La Camera, a trav\u00e9s de un comunicado. \u201cCada a\u00f1o siguen batiendo sus propios r\u00e9cords de expansi\u00f3n, pero tambi\u00e9n nos enfrentamos a los mismos desaf\u00edos de las grandes disparidades regionales\u201d, ha a\u00f1adido. Seg\u00fan el informe de esta agencia, la mayor parte del aumento de 2024 se produjo en Asia, en concreto, en China, que aport\u00f3 casi el 64% de la capacidad agregada mundial. Mientras, Centroam\u00e9rica y el Caribe fue la que menos contribuy\u00f3, con solo el 3,2%.<\/p>\n<h3 class=\"\">D\u00e9cimo aniversario del Acuerdo de Par\u00eds<\/h3>\n<p class=\"\">Este a\u00f1o se celebra el d\u00e9cimo aniversario del Acuerdo de Par\u00eds, que se firm\u00f3 en la capital francesa el 12 de diciembre de 2015. Guterres ha querido resaltar la importancia de los \u201cavances\u201d logrados desde entonces en la lucha contra el cambio clim\u00e1tico. \u201cAhora, el 90% de las emisiones globales est\u00e1n cubiertas por objetivos de emisiones netas cero\u201d, ha afirmado. \u201cHace una d\u00e9cada, el planeta se encaminaba a un aumento de la temperatura global de m\u00e1s de cuatro grados Celsius. Hoy en d\u00eda, los planes clim\u00e1ticos nacionales de los pa\u00edses, o NDC, si se cumplen en su totalidad, nos acercar\u00e1n a un aumento de 2,6 grados\u201d, ha se\u00f1alado el secretario general de la ONU.<\/p>\n<p class=\"\">Pero Guterres tambi\u00e9n ha querido advertir del incremento de los impactos de esta crisis. \u201cParece que los r\u00e9cords se rompen a cada paso: el d\u00eda m\u00e1s caluroso del mes m\u00e1s caluroso, del a\u00f1o m\u00e1s caluroso de la d\u00e9cada m\u00e1s calurosa de la historia\u201d, ha resumido. Guterres, adem\u00e1s, ha recordado que el informe publicado la pasada semana por la Organizaci\u00f3n Meteorol\u00f3gica Mundial (OMM) mostraba una situaci\u00f3n alarmante: \u201ccasi todos los indicadores clim\u00e1ticos alcanzaron nuevas y cada vez m\u00e1s peligrosas alturas\u201d.<\/p>\n<\/div>\n\n","protected":false},"excerpt":{"rendered":"<p>Los n\u00fameros est\u00e1n ah\u00ed, a pesar de todo el ruido: las energ\u00edas renovables, grandes aliadas de la lucha contra el cambio clim\u00e1tico, son la apuesta m\u00e1s clara para los inversores en el sector el\u00e9ctrico. El pasado a\u00f1o se produjo un \u201caumento masivo\u201d de la capacidad solar, e\u00f3lica e hidroel\u00e9ctrica en el planeta, ha explicado este &hellip;<\/p>\n","protected":false},"author":1,"featured_media":20274,"comment_status":"open","ping_status":"open","sticky":false,"template":"","format":"standard","meta":{"fifu_image_url":"https:\/\/imagenes.elpais.com\/resizer\/v2\/3EIARFVKXVC3BJTG4DR2RXK2HE.jpg?auth=87b08d02d1094665614bfdff62c294f00d082b7d8e345e03670428858b4c8f11&width=1200","fifu_image_alt":"","footnotes":""},"categories":[11],"tags":[],"class_list":["post-20272","post","type-post","status-publish","format-standard","has-post-thumbnail","","category-viaje"],"_links":{"self":[{"href":"https:\/\/noticiasveraces.com\/index.php?rest_route=\/wp\/v2\/posts\/20272","targetHints":{"allow":["GET"]}}],"collection":[{"href":"https:\/\/noticiasveraces.com\/index.php?rest_route=\/wp\/v2\/posts"}],"about":[{"href":"https:\/\/noticiasveraces.com\/index.php?rest_route=\/wp\/v2\/types\/post"}],"author":[{"embeddable":true,"href":"https:\/\/noticiasveraces.com\/index.php?rest_route=\/wp\/v2\/users\/1"}],"replies":[{"embeddable":true,"href":"https:\/\/noticiasveraces.com\/index.php?rest_route=%2Fwp%2Fv2%2Fcomments&post=20272"}],"version-history":[{"count":0,"href":"https:\/\/noticiasveraces.com\/index.php?rest_route=\/wp\/v2\/posts\/20272\/revisions"}],"wp:featuredmedia":[{"embeddable":true,"href":"https:\/\/noticiasveraces.com\/index.php?rest_route=\/wp\/v2\/media\/20274"}],"wp:attachment":[{"href":"https:\/\/noticiasveraces.com\/index.php?rest_route=%2Fwp%2Fv2%2Fmedia&parent=20272"}],"wp:term":[{"taxonomy":"category","embeddable":true,"href":"https:\/\/noticiasveraces.com\/index.php?rest_route=%2Fwp%2Fv2%2Fcategories&post=20272"},{"taxonomy":"post_tag","embeddable":true,"href":"https:\/\/noticiasveraces.com\/index.php?rest_route=%2Fwp%2Fv2%2Ftags&post=20272"}],"curies":[{"name":"wp","href":"https:\/\/api.w.org\/{rel}","templated":true}]}}