{"id":20263,"date":"2025-03-26T11:12:33","date_gmt":"2025-03-26T15:12:33","guid":{"rendered":"https:\/\/noticiasveraces.com\/?p=20263"},"modified":"2025-03-26T11:12:33","modified_gmt":"2025-03-26T15:12:33","slug":"redada-antiterrorista-contra-organizacion-eritrea-dw-26-03-2025","status":"publish","type":"post","link":"https:\/\/noticiasveraces.com\/?p=20263","title":{"rendered":"redada antiterrorista contra organizaci\u00f3n eritrea \u2013 DW \u2013 26\/03\/2025"},"content":{"rendered":"<p> \n<\/p>\n<div>\n<p>La Fiscal\u00eda de Alemania inform\u00f3 este mi\u00e9rcoles (26.03.2025) del desarrollo de una redada antiterrorista en seis estados federados germanos contra una organizaci\u00f3n presente en territorio germano que tiene por objetivo derrocar el Gobierno de Eritrea.<\/p>\n<p>Seg\u00fan explic\u00f3 la Fiscal\u00eda General de Alemania en un comunicado, las fuerzas de seguridad germanas realizaron registros en 19 inmuebles, repartidos en los estados federados de Hesse, Renania del Norte-Westfalia, Renania Palatinado, Baviera, Baden-Wurtemberg y Mecklemburgo-Pomerania Occidental.<\/p>\n<p>En el \u00e1mbito de esta redada, tambi\u00e9n se llev\u00f3 a cabo el registro de un inmueble en Dinamarca. Aunque no se produjeron detenciones, las medidas se dirigen contra 17 sospechosos conocidos por las autoridades acusados de \u00abfundar o ser miembros de una organizaci\u00f3n terrorista nacional\u00bb, indic\u00f3 la Fiscal\u00eda en su comunicado.<\/p>\n<p>\u00abSeg\u00fan el estado actual de las investigaciones, los sospechosos habr\u00edan asumido funciones de direcci\u00f3n de la denominada &#8216;Brigada N&#8217;Hamedu&#8217; en Alemania\u00bb, abund\u00f3.<\/p>\n<p><strong>Presencia en el pa\u00eds desde 2022<\/strong><\/p>\n<p>Dicha organizaci\u00f3n internacional, que seg\u00fan las autoridades germanas est\u00e1 en Alemania desde 2022, tiene por objetivo declarado derrocar el Gobierno de Eritrea a trav\u00e9s, entre otras cosas, de acciones violentas, incluidos contra actos promocionados por el Ejecutivo de ese pa\u00eds africano e incluso instituciones del Estado alem\u00e1n.<\/p>\n<p> \u00abSe sospecha que la &#8216;Brigada N&#8217;Hamedu&#8217; orquest\u00f3 disturbios violentos en los denominados festivales de Eritrea en Giessen el 20 de agosto de 2022 y el 7\/8 de agosto de 2023, as\u00ed como en el seminario de una asociaci\u00f3n eritrea en Stuttgart el 16 de septiembre de 2023\u00bb, indic\u00f3 el comunicado de la Fiscal\u00eda.<\/p>\n<p>\u00abNumerosos agentes de polic\u00eda resultaron heridos en estos incidentes, algunos de ellos de gravedad\u00bb, record\u00f3 el Ministerio Fiscal. En el dispositivo empleado este mi\u00e9rcoles por los investigadores participaron 200 funcionarios de Polic\u00eda y de la Oficina Federal de Polic\u00eda Federal.<\/p>\n<p>CT (EFE, NTV)<\/p>\n<\/div>\n\n","protected":false},"excerpt":{"rendered":"<p>La Fiscal\u00eda de Alemania inform\u00f3 este mi\u00e9rcoles (26.03.2025) del desarrollo de una redada antiterrorista en seis estados federados germanos contra una organizaci\u00f3n presente en territorio germano que tiene por objetivo derrocar el Gobierno de Eritrea. Seg\u00fan explic\u00f3 la Fiscal\u00eda General de Alemania en un comunicado, las fuerzas de seguridad germanas realizaron registros en 19 inmuebles, &hellip;<\/p>\n","protected":false},"author":1,"featured_media":20264,"comment_status":"open","ping_status":"open","sticky":false,"template":"","format":"standard","meta":{"fifu_image_url":"https:\/\/static.dw.com\/image\/66165954_6.jpg","fifu_image_alt":"","footnotes":""},"categories":[13],"tags":[],"class_list":["post-20263","post","type-post","status-publish","format-standard","has-post-thumbnail","","category-mundo"],"_links":{"self":[{"href":"https:\/\/noticiasveraces.com\/index.php?rest_route=\/wp\/v2\/posts\/20263","targetHints":{"allow":["GET"]}}],"collection":[{"href":"https:\/\/noticiasveraces.com\/index.php?rest_route=\/wp\/v2\/posts"}],"about":[{"href":"https:\/\/noticiasveraces.com\/index.php?rest_route=\/wp\/v2\/types\/post"}],"author":[{"embeddable":true,"href":"https:\/\/noticiasveraces.com\/index.php?rest_route=\/wp\/v2\/users\/1"}],"replies":[{"embeddable":true,"href":"https:\/\/noticiasveraces.com\/index.php?rest_route=%2Fwp%2Fv2%2Fcomments&post=20263"}],"version-history":[{"count":0,"href":"https:\/\/noticiasveraces.com\/index.php?rest_route=\/wp\/v2\/posts\/20263\/revisions"}],"wp:featuredmedia":[{"embeddable":true,"href":"https:\/\/noticiasveraces.com\/index.php?rest_route=\/wp\/v2\/media\/20264"}],"wp:attachment":[{"href":"https:\/\/noticiasveraces.com\/index.php?rest_route=%2Fwp%2Fv2%2Fmedia&parent=20263"}],"wp:term":[{"taxonomy":"category","embeddable":true,"href":"https:\/\/noticiasveraces.com\/index.php?rest_route=%2Fwp%2Fv2%2Fcategories&post=20263"},{"taxonomy":"post_tag","embeddable":true,"href":"https:\/\/noticiasveraces.com\/index.php?rest_route=%2Fwp%2Fv2%2Ftags&post=20263"}],"curies":[{"name":"wp","href":"https:\/\/api.w.org\/{rel}","templated":true}]}}