{"id":20243,"date":"2025-03-26T06:31:44","date_gmt":"2025-03-26T10:31:44","guid":{"rendered":"https:\/\/noticiasveraces.com\/?p=20243"},"modified":"2025-03-26T06:31:44","modified_gmt":"2025-03-26T10:31:44","slug":"la-corte-suprema-escucha-un-caso-de-la-fcc-que-podria-debilitar-el-poder-de-las-agencias-federales","status":"publish","type":"post","link":"https:\/\/noticiasveraces.com\/?p=20243","title":{"rendered":"La Corte Suprema escucha un caso de la FCC que podr\u00eda debilitar el poder de las agencias federales"},"content":{"rendered":"<p> \n<br \/><img decoding=\"async\" src=\"https:\/\/media-cldnry.s-nbcnews.com\/image\/upload\/t_fit_1500w\/rockcms\/2025-03\/250325-supreme-court-ch-1415-40c63e.jpg\" \/><\/p>\n<div>\n<p class=\"body-graf\">WASHINGTON &#8211; El \u00faltimo intento de los conservadores de socavar la burocracia federal llega a la Corte Suprema el mi\u00e9rcoles cuando los jueces consideran si la Comisi\u00f3n Federal de Comunicaciones ejerce el poder ilegalmente a trav\u00e9s de un programa que subsidia los servicios de telecomunicaciones en regiones desatendidas.<\/p>\n<p class=\"body-graf\">El tribunal tiene una mayor\u00eda conservadora de 6-3 que en una serie de decisiones recientes socava la autoridad de las agencias gubernamentales y avanz\u00f3 una agenda desreguladora favorecida en gran medida por los intereses comerciales y los republicanos.<\/p>\n<p class=\"body-graf\">El caso se refiere a si el Congreso en una ley de 1996 excedi\u00f3 su autoridad para establecer el Fondo de Servicio Universal, que requiere que los servicios de telecomunicaciones presenten pagos para subsidiar el \u00abservicio universal\u00bb en \u00e1reas rurales de bajos ingresos y rurales.<\/p>\n<p class=\"body-graf\">Las tarifas, que se transmiten a los clientes, recaudan miles de millones de d\u00f3lares al a\u00f1o que se gastan en proporcionar servicios telef\u00f3nicos e internet, incluso para escuelas, bibliotecas y hospitales.<\/p>\n<p class=\"body-graf\">Una segunda pregunta legal conectada es si la FCC podr\u00eda delegar su propia autoridad a una corporaci\u00f3n privada que estableci\u00f3 llamada la Compa\u00f1\u00eda Administrativa del Servicio Universal para administrar el Fondo.<\/p>\n<p class=\"body-graf\">La Corte Suprema tambi\u00e9n pidi\u00f3 a ambas partes que argumentaran si el caso es discutible, lo que significa que los jueces podr\u00edan deshacerse del caso sin emitir una decisi\u00f3n completa.<\/p>\n<p class=\"body-graf\">Aunque la administraci\u00f3n Trump ha desatado un esfuerzo agresivo y ferozmente impugnado para debilitar a las agencias federales al disparar a miles de trabajadores, sus abogados defienden la FCC en el caso. El tema lleg\u00f3 a la Corte Suprema antes de que el presidente Donald Trump asumiera el cargo en enero, y el Departamento de Justicia no ha cambiado su posici\u00f3n legal de la administraci\u00f3n Biden.<\/p>\n<p class=\"body-graf\">La administraci\u00f3n Trump ha tratado de ejercer los poderes de la presidencia a expensas del Congreso y el Judicial, por lo que en ese sentido su posici\u00f3n en el caso es consistente con ese enfoque.<\/p>\n<p class=\"body-graf\">El caso toca un principio legal llamado \u00abDoctrina de no delegaci\u00f3n\u00bb, que favorecen algunos conservadores, la teor\u00eda es que el Congreso tiene poderes limitados para delegar su autoridad legisladora a la rama ejecutiva.<\/p>\n<p class=\"body-graf\">El tribunal actual a\u00fan no ha adoptado la idea, aunque varios miembros del tribunal han expresado su apoyo. Si el tribunal lo respalde, las agencias enfrentar\u00edan nuevos l\u00edmites en sus poderes para implementar las leyes y programas existentes que buscan hacer cumplir las leyes abiertas promulgadas por el Congreso.<\/p>\n<p class=\"body-graf\">Los cr\u00edticos del status quo legal dicen que tal medida restaurar\u00eda el equilibrio correcto entre el Congreso y la rama ejecutiva bajo el principio de separaci\u00f3n de poderes de la Constituci\u00f3n al garantizar que los legisladores tengan el control de imponer impuestos y gastar el dinero que generan.<\/p>\n<p class=\"body-graf\">Los tribunales inferiores se dividieron sobre el tema, con la FCC y una coalici\u00f3n dirigida por la investigaci\u00f3n de los consumidores, un grupo conservador, pidiendo a la Corte Suprema que interviniera.<\/p>\n<p class=\"body-graf\">Los opositores llaman a la tarifa del Fondo de Servicio Universal una forma de impuestos y dicen que solo los funcionarios electos, no los bur\u00f3cratas, tienen el poder de imponerlo. La ley de 1996 es particularmente problem\u00e1tica porque no le dice a la FCC cu\u00e1nto dinero puede recaudar a trav\u00e9s del programa, argumentan los abogados de los retadores.<\/p>\n<p class=\"body-graf\">En los documentos judiciales, los abogados para la investigaci\u00f3n de los consumidores describieron el programa como un \u00absue\u00f1o del bur\u00f3crata\u00bb y un \u00abescenario de pesadilla\u00bb.<\/p>\n<p class=\"body-graf\">Los Fiscales Generales Republicanos de Virginia Occidental y otros 14 estados presentaron un breve respaldo de los retadores. Si bien \u00abmuchos programas\u00bb en sus estados se han beneficiado del programa de la FCC, \u00abno necesitan tomar una posici\u00f3n sobre si esta ley es una buena cuesti\u00f3n de pol\u00edtica\u00bb, escribi\u00f3 el fiscal general de West Virginia, John McCuskey.<\/p>\n<p class=\"body-graf\">La administraci\u00f3n Biden apel\u00f3 ante la Corte Suprema despu\u00e9s de que el 5\u00ba Tribunal de Apelaciones del Circuito de los Estados Unidos con sede en Nueva Orleans fall\u00f3 contra la FCC.<\/p>\n<p class=\"endmark body-graf\">El argumento establecido en los documentos judiciales del Departamento de Justicia en las administraciones Biden y Trump es que, si bien el Congreso no puede \u00abdelegar el poder legislativo a las agencias ejecutivas\u00bb, puede \u00abautorizar a una agencia a ejercer discreci\u00f3n en la implementaci\u00f3n de un estatuto\u00bb.<\/p>\n<\/div>\n\n","protected":false},"excerpt":{"rendered":"<p>WASHINGTON &#8211; El \u00faltimo intento de los conservadores de socavar la burocracia federal llega a la Corte Suprema el mi\u00e9rcoles cuando los jueces consideran si la Comisi\u00f3n Federal de Comunicaciones ejerce el poder ilegalmente a trav\u00e9s de un programa que subsidia los servicios de telecomunicaciones en regiones desatendidas. El tribunal tiene una mayor\u00eda conservadora de &hellip;<\/p>\n","protected":false},"author":1,"featured_media":20245,"comment_status":"open","ping_status":"open","sticky":false,"template":"","format":"standard","meta":{"fifu_image_url":"https:\/\/media-cldnry.s-nbcnews.com\/image\/upload\/t_nbcnews-fp-1200-630,f_auto,q_auto:best\/rockcms\/2025-03\/250325-supreme-court-ch-1415-40c63e.jpg","fifu_image_alt":"","footnotes":""},"categories":[4],"tags":[],"class_list":["post-20243","post","type-post","status-publish","format-standard","has-post-thumbnail","","category-historias-destacadas"],"_links":{"self":[{"href":"https:\/\/noticiasveraces.com\/index.php?rest_route=\/wp\/v2\/posts\/20243","targetHints":{"allow":["GET"]}}],"collection":[{"href":"https:\/\/noticiasveraces.com\/index.php?rest_route=\/wp\/v2\/posts"}],"about":[{"href":"https:\/\/noticiasveraces.com\/index.php?rest_route=\/wp\/v2\/types\/post"}],"author":[{"embeddable":true,"href":"https:\/\/noticiasveraces.com\/index.php?rest_route=\/wp\/v2\/users\/1"}],"replies":[{"embeddable":true,"href":"https:\/\/noticiasveraces.com\/index.php?rest_route=%2Fwp%2Fv2%2Fcomments&post=20243"}],"version-history":[{"count":0,"href":"https:\/\/noticiasveraces.com\/index.php?rest_route=\/wp\/v2\/posts\/20243\/revisions"}],"wp:featuredmedia":[{"embeddable":true,"href":"https:\/\/noticiasveraces.com\/index.php?rest_route=\/wp\/v2\/media\/20245"}],"wp:attachment":[{"href":"https:\/\/noticiasveraces.com\/index.php?rest_route=%2Fwp%2Fv2%2Fmedia&parent=20243"}],"wp:term":[{"taxonomy":"category","embeddable":true,"href":"https:\/\/noticiasveraces.com\/index.php?rest_route=%2Fwp%2Fv2%2Fcategories&post=20243"},{"taxonomy":"post_tag","embeddable":true,"href":"https:\/\/noticiasveraces.com\/index.php?rest_route=%2Fwp%2Fv2%2Ftags&post=20243"}],"curies":[{"name":"wp","href":"https:\/\/api.w.org\/{rel}","templated":true}]}}