{"id":20198,"date":"2025-03-25T21:45:20","date_gmt":"2025-03-26T01:45:20","guid":{"rendered":"https:\/\/noticiasveraces.com\/?p=20198"},"modified":"2025-03-25T21:45:20","modified_gmt":"2025-03-26T01:45:20","slug":"ee-uu-expresa-preocupacion-por-arrestos-en-turquia-dw-26-03-2025","status":"publish","type":"post","link":"https:\/\/noticiasveraces.com\/?p=20198","title":{"rendered":"EE.UU. expresa \u00abpreocupaci\u00f3n\u00bb por arrestos en Turqu\u00eda \u2013 DW \u2013 26\/03\/2025"},"content":{"rendered":"<p> \n<\/p>\n<div>\n<p>Estados Unidos expres\u00f3 este martes (25.03.2025) su \u00abpreocupaci\u00f3n\u00bb ante los arrestos y protestas opositoras en Turqu\u00eda, durante un encuentro en Washington entre el secretario de Estado Marco Rubio y su par turco, Hakan Fidan.<\/p>\n<p>\u00abEl secretario de Estado expres\u00f3 su preocupaci\u00f3n por los recientes arrestos y manifestaciones en Turqu\u00eda\u00bb, indic\u00f3 el Departamento de Estado en un comunicado difundido tras la reuni\u00f3n.<\/p>\n<p>Las protestas contin\u00faan el martes en Turqu\u00eda, donde m\u00e1s de 1.400 personas han sido detenidas desde que comenz\u00f3 el mi\u00e9rcoles una oleada de manifestaciones por la detenci\u00f3n del alcalde Imamoglu, principal rival electoral del presidente Recep Tayyip Erdogan. <\/p>\n<h2>Mayor oleada de protestas<\/h2>\n<p>En total, 1.418 personas acusadas de participar en concentraciones ilegales fueron detenidas desde el 19 de marzo, seg\u00fan las autoridades, que se enfrentan a la mayor oleada de protestas en el pa\u00eds desde 2013.<\/p>\n<p>En este contexto, un tribunal de Estambul orden\u00f3 el martes la encarcelaci\u00f3n provisional de siete periodistas turcos, entre ellos el fot\u00f3grafo de AFP Yasin Akg\u00fcl, acusados de participar en manifestaciones, prohibidas desde la semana pasada en las tres principales ciudades de Turqu\u00eda.<\/p>\n<p>Akg\u00fcl, aleg\u00f3 durante su detenci\u00f3n que se hab\u00eda limitado a cubrir una protesta en Estambul.<\/p>\n<p>Mg (AFP, Reuters)<\/p>\n<\/p>\n<\/div>\n\n","protected":false},"excerpt":{"rendered":"<p>Estados Unidos expres\u00f3 este martes (25.03.2025) su \u00abpreocupaci\u00f3n\u00bb ante los arrestos y protestas opositoras en Turqu\u00eda, durante un encuentro en Washington entre el secretario de Estado Marco Rubio y su par turco, Hakan Fidan. \u00abEl secretario de Estado expres\u00f3 su preocupaci\u00f3n por los recientes arrestos y manifestaciones en Turqu\u00eda\u00bb, indic\u00f3 el Departamento de Estado en &hellip;<\/p>\n","protected":false},"author":1,"featured_media":20199,"comment_status":"open","ping_status":"open","sticky":false,"template":"","format":"standard","meta":{"fifu_image_url":"https:\/\/static.dw.com\/image\/71939959_6.jpg","fifu_image_alt":"","footnotes":""},"categories":[13],"tags":[],"class_list":["post-20198","post","type-post","status-publish","format-standard","has-post-thumbnail","","category-mundo"],"_links":{"self":[{"href":"https:\/\/noticiasveraces.com\/index.php?rest_route=\/wp\/v2\/posts\/20198","targetHints":{"allow":["GET"]}}],"collection":[{"href":"https:\/\/noticiasveraces.com\/index.php?rest_route=\/wp\/v2\/posts"}],"about":[{"href":"https:\/\/noticiasveraces.com\/index.php?rest_route=\/wp\/v2\/types\/post"}],"author":[{"embeddable":true,"href":"https:\/\/noticiasveraces.com\/index.php?rest_route=\/wp\/v2\/users\/1"}],"replies":[{"embeddable":true,"href":"https:\/\/noticiasveraces.com\/index.php?rest_route=%2Fwp%2Fv2%2Fcomments&post=20198"}],"version-history":[{"count":0,"href":"https:\/\/noticiasveraces.com\/index.php?rest_route=\/wp\/v2\/posts\/20198\/revisions"}],"wp:featuredmedia":[{"embeddable":true,"href":"https:\/\/noticiasveraces.com\/index.php?rest_route=\/wp\/v2\/media\/20199"}],"wp:attachment":[{"href":"https:\/\/noticiasveraces.com\/index.php?rest_route=%2Fwp%2Fv2%2Fmedia&parent=20198"}],"wp:term":[{"taxonomy":"category","embeddable":true,"href":"https:\/\/noticiasveraces.com\/index.php?rest_route=%2Fwp%2Fv2%2Fcategories&post=20198"},{"taxonomy":"post_tag","embeddable":true,"href":"https:\/\/noticiasveraces.com\/index.php?rest_route=%2Fwp%2Fv2%2Ftags&post=20198"}],"curies":[{"name":"wp","href":"https:\/\/api.w.org\/{rel}","templated":true}]}}