{"id":20156,"date":"2025-03-25T13:22:43","date_gmt":"2025-03-25T17:22:43","guid":{"rendered":"https:\/\/noticiasveraces.com\/?p=20156"},"modified":"2025-03-25T13:22:43","modified_gmt":"2025-03-25T17:22:43","slug":"rusia-ucrania-acepta-el-alto-el-fuego-del-mar-negro","status":"publish","type":"post","link":"https:\/\/noticiasveraces.com\/?p=20156","title":{"rendered":"Rusia, Ucrania acepta el alto el fuego del Mar Negro"},"content":{"rendered":"<p> \n<\/p>\n<div>\n<p class=\"speakable\">Las delegaciones de Rusia y Ucrania acordaron el martes un alto el fuego en el Mar Negro luego de conversaciones con los funcionarios de la administraci\u00f3n Trump esta semana en Arabia Saudita.<\/p>\n<p class=\"speakable\">\u00abEstados Unidos y Rusia han acordado garantizar una navegaci\u00f3n segura, eliminar el uso de la fuerza y \u200b\u200bevitar el uso de embarcaciones comerciales con fines militares en el Mar Negro\u00bb, dijo la Casa Blanca en un comunicado despu\u00e9s de las conversaciones en Jeddah.<\/p>\n<p>Del mismo modo, momentos despu\u00e9s, el ministro de Defensa de Ucrania, Rustem Umerov, quien lidera la delegaci\u00f3n confirm\u00f3 que \u00abtodas las partes han acordado garantizar una navegaci\u00f3n segura, eliminar el uso de la fuerza y \u200b\u200bevitar el uso de embarcaciones comerciales con fines militares en el Mar Negro\u00bb.<\/p>\n<div class=\"image-ct inline\">\n<div class=\"m\"><picture><source media=\"(max-width: 767px)\" srcset=\"https:\/\/a57.foxnews.com\/static.foxnews.com\/foxnews.com\/content\/uploads\/2022\/07\/343\/192\/AP22188366496105-e1657192070947.jpg?ve=1&amp;tl=1, https:\/\/a57.foxnews.com\/static.foxnews.com\/foxnews.com\/content\/uploads\/2022\/07\/686\/384\/AP22188366496105-e1657192070947.jpg?ve=1&amp;tl=1 2x\" height=\"192\" width=\"343\"><source media=\"(min-width: 768px) and (max-width: 1023px)\" srcset=\"https:\/\/a57.foxnews.com\/static.foxnews.com\/foxnews.com\/content\/uploads\/2022\/07\/672\/378\/AP22188366496105-e1657192070947.jpg?ve=1&amp;tl=1, https:\/\/a57.foxnews.com\/static.foxnews.com\/foxnews.com\/content\/uploads\/2022\/07\/1344\/756\/AP22188366496105-e1657192070947.jpg?ve=1&amp;tl=1 2x\" height=\"378\" width=\"672\"><source media=\"(min-width: 1024px) and (max-width: 1279px)\" srcset=\"https:\/\/a57.foxnews.com\/static.foxnews.com\/foxnews.com\/content\/uploads\/2022\/07\/931\/523\/AP22188366496105-e1657192070947.jpg?ve=1&amp;tl=1, https:\/\/a57.foxnews.com\/static.foxnews.com\/foxnews.com\/content\/uploads\/2022\/07\/1862\/1046\/AP22188366496105-e1657192070947.jpg?ve=1&amp;tl=1 2x\" height=\"523\" width=\"931\"><source media=\"(min-width: 1280px)\" srcset=\"https:\/\/a57.foxnews.com\/static.foxnews.com\/foxnews.com\/content\/uploads\/2022\/07\/720\/405\/AP22188366496105-e1657192070947.jpg?ve=1&amp;tl=1, https:\/\/a57.foxnews.com\/static.foxnews.com\/foxnews.com\/content\/uploads\/2022\/07\/1440\/810\/AP22188366496105-e1657192070947.jpg?ve=1&amp;tl=1 2x\" height=\"405\" width=\"720\"><img loading=\"lazy\" decoding=\"async\" src=\"https:\/\/a57.foxnews.com\/static.foxnews.com\/foxnews.com\/content\/uploads\/2022\/07\/1200\/675\/AP22188366496105-e1657192070947.jpg?ve=1&amp;tl=1\" alt=\"Bandera de la isla de serpiente\" width=\"1200\" height=\"675\"\/><\/source><\/source><\/source><\/source><\/picture><\/div>\n<div class=\"info\">\n<div class=\"caption\">\n<p><span>En esta foto proporcionada por la Oficina de Prensa del Ministerio de Defensa de Ucrania el jueves 7 de julio de 2022, los soldados ucranianos instalan la bandera estatal en la Isla de Snake, en el Mar Negro. El ej\u00e9rcito ucraniano devolvi\u00f3 la bandera de Ucrania a la isla, que hab\u00eda estado bajo el control de las tropas rusas durante alg\u00fan tiempo. <\/span> <span>(Oficina de prensa del Ministerio de Defensa Ucraniano a trav\u00e9s de AP)<\/span><\/p>\n<\/div>\n<\/div>\n<\/div>\n<p><strong><u>Haga clic aqu\u00ed para obtener la aplicaci\u00f3n Fox News<\/u><\/strong><\/p>\n<p>Aunque tambi\u00e9n enfatiz\u00f3 que \u00abtodo el movimiento por Rusia de sus vasos militares fuera de [the] La parte oriental del Mar Negro constituir\u00e1 una violaci\u00f3n del esp\u00edritu de este Acuerdo, se considerar\u00e1 como una violaci\u00f3n del compromiso de garantizar la navegaci\u00f3n segura del Mar Negro y la amenaza para la seguridad nacional de Ucrania \u00ab.<\/p>\n<p>\u00abEn este caso, Ucrania tendr\u00e1 el derecho total de hacer ejercicio [the] Derecho a la autodefensa \u00ab, agreg\u00f3 en una lectura despu\u00e9s de las conversaciones en Riad.<\/p>\n<p>Aunque, seg\u00fan los informes, el Kremlin tambi\u00e9n sugiri\u00f3 el martes que no est\u00e9 dispuesto a hacer cumplir completamente el alto el fuego hasta que sea admitido al sistema bancario internacional Swift, lo que pone en tela de juicio el \u00e9xito real de las conversaciones. <\/p>\n<p><i>Esta es una noticia de \u00faltima hora. Vuelva a consultar las actualizaciones. <\/i><\/p>\n<p> <!----> <\/p>\n<div class=\"article-meta\">\n<div class=\"author-bio\">\n<p>Caitlin McFall es reportero de Fox News Digital Cubting Politics, US y World News.<\/p>\n<\/div>\n<\/div>\n<\/div>\n\n","protected":false},"excerpt":{"rendered":"<p>Las delegaciones de Rusia y Ucrania acordaron el martes un alto el fuego en el Mar Negro luego de conversaciones con los funcionarios de la administraci\u00f3n Trump esta semana en Arabia Saudita. \u00abEstados Unidos y Rusia han acordado garantizar una navegaci\u00f3n segura, eliminar el uso de la fuerza y \u200b\u200bevitar el uso de embarcaciones comerciales &hellip;<\/p>\n","protected":false},"author":1,"featured_media":20158,"comment_status":"open","ping_status":"open","sticky":false,"template":"","format":"standard","meta":{"fifu_image_url":"https:\/\/static.foxnews.com\/foxnews.com\/content\/uploads\/2025\/01\/zelenskyy-putin-trump.png","fifu_image_alt":"","footnotes":""},"categories":[13],"tags":[],"class_list":["post-20156","post","type-post","status-publish","format-standard","has-post-thumbnail","","category-mundo"],"_links":{"self":[{"href":"https:\/\/noticiasveraces.com\/index.php?rest_route=\/wp\/v2\/posts\/20156","targetHints":{"allow":["GET"]}}],"collection":[{"href":"https:\/\/noticiasveraces.com\/index.php?rest_route=\/wp\/v2\/posts"}],"about":[{"href":"https:\/\/noticiasveraces.com\/index.php?rest_route=\/wp\/v2\/types\/post"}],"author":[{"embeddable":true,"href":"https:\/\/noticiasveraces.com\/index.php?rest_route=\/wp\/v2\/users\/1"}],"replies":[{"embeddable":true,"href":"https:\/\/noticiasveraces.com\/index.php?rest_route=%2Fwp%2Fv2%2Fcomments&post=20156"}],"version-history":[{"count":0,"href":"https:\/\/noticiasveraces.com\/index.php?rest_route=\/wp\/v2\/posts\/20156\/revisions"}],"wp:featuredmedia":[{"embeddable":true,"href":"https:\/\/noticiasveraces.com\/index.php?rest_route=\/wp\/v2\/media\/20158"}],"wp:attachment":[{"href":"https:\/\/noticiasveraces.com\/index.php?rest_route=%2Fwp%2Fv2%2Fmedia&parent=20156"}],"wp:term":[{"taxonomy":"category","embeddable":true,"href":"https:\/\/noticiasveraces.com\/index.php?rest_route=%2Fwp%2Fv2%2Fcategories&post=20156"},{"taxonomy":"post_tag","embeddable":true,"href":"https:\/\/noticiasveraces.com\/index.php?rest_route=%2Fwp%2Fv2%2Ftags&post=20156"}],"curies":[{"name":"wp","href":"https:\/\/api.w.org\/{rel}","templated":true}]}}