{"id":20144,"date":"2025-03-25T12:21:41","date_gmt":"2025-03-25T16:21:41","guid":{"rendered":"https:\/\/noticiasveraces.com\/?p=20144"},"modified":"2025-03-25T12:21:41","modified_gmt":"2025-03-25T16:21:41","slug":"papa-francisco-estuvo-muy-cerca-de-morir-segun-jefe-medico-dw-25-03-2025","status":"publish","type":"post","link":"https:\/\/noticiasveraces.com\/?p=20144","title":{"rendered":"Papa Francisco estuvo muy cerca de morir, seg\u00fan jefe m\u00e9dico \u2013 DW \u2013 25\/03\/2025"},"content":{"rendered":"<p> \n<\/p>\n<div>\n<p>El papa Francisco estuvo tan cerca de la muerte durante su lucha de 38 d\u00edas en el hospital contra la neumon\u00eda que sus m\u00e9dicos consideraron suspender el tratamiento para que pudiera morir en paz, declar\u00f3 el jefe de su equipo m\u00e9dico en una entrevista publicada este martes (25.03.2025).<\/p>\n<p>Tras una crisis respiratoria el 28 de febrero, en la que el sumo pont\u00edfice casi se atraganta con su v\u00f3mito, \u00abexist\u00eda un riesgo real de que no sobreviviera\u00bb, declar\u00f3 Sergio Alfieri, doctor del hospital Gemelli de Roma.<\/p>\n<p>\u00abTuvimos que elegir entre parar ah\u00ed y dejarlo ir, o seguir adelante y aplicar todos los medicamentos y terapias posibles, con el mayor riesgo de da\u00f1ar sus otros \u00f3rganos\u00bb, declar\u00f3 al peri\u00f3dico italiano <em>Corriere della Sera<\/em>. \u00abAl final, optamos por este camino\u00bb, agreg\u00f3.<\/p>\n<h2><strong>Papa\u00a0contin\u00faa\u00a0tratamiento farmacol\u00f3gico y fisioterapia<\/strong><\/h2>\n<p>Francisco, de 88 a\u00f1os, regres\u00f3 al Vaticano el domingo tras la crisis de salud m\u00e1s grave de sus 12 a\u00f1os de papado. Ingres\u00f3 en el centro m\u00e9dico el 14 de febrero por un episodio de bronquitis que deriv\u00f3 en neumon\u00eda bilateral, una afecci\u00f3n especialmente grave para \u00e9l, ya que sufri\u00f3 pleures\u00eda en su juventud y le extirparon parte de un pulm\u00f3n.<\/p>\n<p>El l\u00edder de la Iglesia cat\u00f3lica contin\u00faa su tratamiento farmacol\u00f3gico y la fisioterapia, en especial la rehabilitaci\u00f3n respiratoria \u00abpara recuperar completamente el uso de la respiraci\u00f3n y el habla\u00bb, dijo el servicio de prensa del Vaticano este martes, sin especificar cu\u00e1ndo realizar\u00e1 su pr\u00f3xima aparici\u00f3n p\u00fablica.<\/p>\n<p>El papa debe estar convaleciente al menos dos meses tras su larga hospitalizaci\u00f3n por el problema de salud m\u00e1s grave desde su elecci\u00f3n en 2013. Su pron\u00f3stico vital fue \u00abreservado\u00bb durante varios d\u00edas.<\/p>\n<p>RR (Reuters\/AFP\/Corriere della Sera)<\/p>\n<\/div>\n\n","protected":false},"excerpt":{"rendered":"<p>El papa Francisco estuvo tan cerca de la muerte durante su lucha de 38 d\u00edas en el hospital contra la neumon\u00eda que sus m\u00e9dicos consideraron suspender el tratamiento para que pudiera morir en paz, declar\u00f3 el jefe de su equipo m\u00e9dico en una entrevista publicada este martes (25.03.2025). Tras una crisis respiratoria el 28 de &hellip;<\/p>\n","protected":false},"author":1,"featured_media":20145,"comment_status":"open","ping_status":"open","sticky":false,"template":"","format":"standard","meta":{"fifu_image_url":"https:\/\/static.dw.com\/image\/72010460_6.jpg","fifu_image_alt":"","footnotes":""},"categories":[13],"tags":[],"class_list":["post-20144","post","type-post","status-publish","format-standard","has-post-thumbnail","","category-mundo"],"_links":{"self":[{"href":"https:\/\/noticiasveraces.com\/index.php?rest_route=\/wp\/v2\/posts\/20144","targetHints":{"allow":["GET"]}}],"collection":[{"href":"https:\/\/noticiasveraces.com\/index.php?rest_route=\/wp\/v2\/posts"}],"about":[{"href":"https:\/\/noticiasveraces.com\/index.php?rest_route=\/wp\/v2\/types\/post"}],"author":[{"embeddable":true,"href":"https:\/\/noticiasveraces.com\/index.php?rest_route=\/wp\/v2\/users\/1"}],"replies":[{"embeddable":true,"href":"https:\/\/noticiasveraces.com\/index.php?rest_route=%2Fwp%2Fv2%2Fcomments&post=20144"}],"version-history":[{"count":0,"href":"https:\/\/noticiasveraces.com\/index.php?rest_route=\/wp\/v2\/posts\/20144\/revisions"}],"wp:featuredmedia":[{"embeddable":true,"href":"https:\/\/noticiasveraces.com\/index.php?rest_route=\/wp\/v2\/media\/20145"}],"wp:attachment":[{"href":"https:\/\/noticiasveraces.com\/index.php?rest_route=%2Fwp%2Fv2%2Fmedia&parent=20144"}],"wp:term":[{"taxonomy":"category","embeddable":true,"href":"https:\/\/noticiasveraces.com\/index.php?rest_route=%2Fwp%2Fv2%2Fcategories&post=20144"},{"taxonomy":"post_tag","embeddable":true,"href":"https:\/\/noticiasveraces.com\/index.php?rest_route=%2Fwp%2Fv2%2Ftags&post=20144"}],"curies":[{"name":"wp","href":"https:\/\/api.w.org\/{rel}","templated":true}]}}