{"id":20126,"date":"2025-03-25T11:21:09","date_gmt":"2025-03-25T15:21:09","guid":{"rendered":"https:\/\/noticiasveraces.com\/?p=20126"},"modified":"2025-03-25T11:21:09","modified_gmt":"2025-03-25T15:21:09","slug":"parlamento-aleman-elige-nueva-presidenta-de-la-camara-baja-dw-25-03-2025","status":"publish","type":"post","link":"https:\/\/noticiasveraces.com\/?p=20126","title":{"rendered":"Parlamento alem\u00e1n elige nueva presidenta de la C\u00e1mara Baja \u2013 DW \u2013 25\/03\/2025"},"content":{"rendered":"<p> \n<\/p>\n<div>\n<p>La diputada cristianodem\u00f3crata\u00a0Julia Kl\u00f6ckner fue elegida este martes (25.03.2025) presidenta de la C\u00e1mara Baja del Parlamento de Alemania\u00a0(Bundestag), que se constituy\u00f3 tras las elecciones generales de febrero, en las que venci\u00f3 el bloque conservador liderado por Friedrich Merz.<\/p>\n<p>Kl\u00f6ckner, que el lunes pas\u00f3 el testigo a Franziska Hoppermann como tesorera de la Uni\u00f3n Cristiano Dem\u00f3crata\u00a0(CDU), la formaci\u00f3n de Merz, fue elegida con los votos a favor de 382 diputados, mientras que 204 votaron en contra y 31 se abstuvieron.<\/p>\n<p>La pol\u00edtica conservadora, que fue ministra federal de Alimentaci\u00f3n y Agricultura entre 2018 y 2021 bajo la canciller Angela Merkel, ostenta ahora\u00a0el segundo cargo estatal m\u00e1s importante de Alemania, despu\u00e9s de la presidencia federal.<\/p>\n<p>Como presidenta, abrir\u00e1 y cerrar\u00e1 las sesiones, presentar\u00e1\u00a0los puntos del orden del d\u00eda y conceder\u00e1 a los legisladores permiso para hablar.\u00a0En t\u00e9rminos de protocolo, el cargo tiene un rango superior al del canciller.<\/p>\n<p>Kl\u00f6ckner tom\u00f3 la palabra para instar a no dar por sentada la existencia del Estado de derecho y resalt\u00f3 que es preciso defenderlo \u00abcon toda la fuerza posible\u00bb contra quienes quieren alterar sus fundamentos b\u00e1sicos, sin importar desde d\u00f3nde vengan estos ataques.<\/p>\n<p>Adem\u00e1s, prometi\u00f3 poner \u00e9nfasis en el respeto y en el trato civilizado entre los diputados, y al mismo tiempo pronunci\u00f3 un alegato en favor de la libertad de expresi\u00f3n dentro del marco constitucional.<\/p>\n<p>\u00abNo todas las opiniones que no compartimos son extremismo. Tengamos el valor de escucharnos, de aguantar todo un espectro de opiniones en el marco de la constituci\u00f3n\u00bb, afirm\u00f3.<\/p>\n<p>Tambi\u00e9n pronunci\u00f3 una defensa del compromiso pol\u00edtico, que es \u00abinseparable de la democracia\u00bb y demuestra la capacidad de actuaci\u00f3n de quien lo adopta, en alusi\u00f3n a las negociaciones para formar gobierno entre su bloque conservador y los socialdem\u00f3cratas del canciller en funciones Olaf Scholz.<\/p>\n<p>RR (EFE\/DPA\/AP)<\/p>\n<\/div>\n\n","protected":false},"excerpt":{"rendered":"<p>La diputada cristianodem\u00f3crata\u00a0Julia Kl\u00f6ckner fue elegida este martes (25.03.2025) presidenta de la C\u00e1mara Baja del Parlamento de Alemania\u00a0(Bundestag), que se constituy\u00f3 tras las elecciones generales de febrero, en las que venci\u00f3 el bloque conservador liderado por Friedrich Merz. Kl\u00f6ckner, que el lunes pas\u00f3 el testigo a Franziska Hoppermann como tesorera de la Uni\u00f3n Cristiano Dem\u00f3crata\u00a0(CDU), &hellip;<\/p>\n","protected":false},"author":1,"featured_media":20127,"comment_status":"open","ping_status":"open","sticky":false,"template":"","format":"standard","meta":{"fifu_image_url":"https:\/\/static.dw.com\/image\/72029793_6.jpg","fifu_image_alt":"","footnotes":""},"categories":[13],"tags":[],"class_list":["post-20126","post","type-post","status-publish","format-standard","has-post-thumbnail","","category-mundo"],"_links":{"self":[{"href":"https:\/\/noticiasveraces.com\/index.php?rest_route=\/wp\/v2\/posts\/20126","targetHints":{"allow":["GET"]}}],"collection":[{"href":"https:\/\/noticiasveraces.com\/index.php?rest_route=\/wp\/v2\/posts"}],"about":[{"href":"https:\/\/noticiasveraces.com\/index.php?rest_route=\/wp\/v2\/types\/post"}],"author":[{"embeddable":true,"href":"https:\/\/noticiasveraces.com\/index.php?rest_route=\/wp\/v2\/users\/1"}],"replies":[{"embeddable":true,"href":"https:\/\/noticiasveraces.com\/index.php?rest_route=%2Fwp%2Fv2%2Fcomments&post=20126"}],"version-history":[{"count":0,"href":"https:\/\/noticiasveraces.com\/index.php?rest_route=\/wp\/v2\/posts\/20126\/revisions"}],"wp:featuredmedia":[{"embeddable":true,"href":"https:\/\/noticiasveraces.com\/index.php?rest_route=\/wp\/v2\/media\/20127"}],"wp:attachment":[{"href":"https:\/\/noticiasveraces.com\/index.php?rest_route=%2Fwp%2Fv2%2Fmedia&parent=20126"}],"wp:term":[{"taxonomy":"category","embeddable":true,"href":"https:\/\/noticiasveraces.com\/index.php?rest_route=%2Fwp%2Fv2%2Fcategories&post=20126"},{"taxonomy":"post_tag","embeddable":true,"href":"https:\/\/noticiasveraces.com\/index.php?rest_route=%2Fwp%2Fv2%2Ftags&post=20126"}],"curies":[{"name":"wp","href":"https:\/\/api.w.org\/{rel}","templated":true}]}}