{"id":20123,"date":"2025-03-25T10:20:37","date_gmt":"2025-03-25T14:20:37","guid":{"rendered":"https:\/\/noticiasveraces.com\/?p=20123"},"modified":"2025-03-25T10:20:37","modified_gmt":"2025-03-25T14:20:37","slug":"los-medicos-del-papa-francisco-pesaron-el-tratamiento-final-durante-la-estadia-en-el-hospital-informe","status":"publish","type":"post","link":"https:\/\/noticiasveraces.com\/?p=20123","title":{"rendered":"Los m\u00e9dicos del Papa Francisco pesaron el tratamiento final durante la estad\u00eda en el hospital: Informe"},"content":{"rendered":"<p> \n<\/p>\n<div>\n<p class=\"speakable\">Los m\u00e9dicos que cuidan al Papa Francisco consideraron terminar su tratamiento en un momento, ya que \u00abestaba el riesgo de que no lo lograra\u00bb, dijo un informe. <\/p>\n<p class=\"speakable\">El Director M\u00e9dico del Hospital Gemelli, el Dr. Sergio Alfieri, relat\u00f3 las escenas el 28 de febrero cuando el hombre de 88 a\u00f1os sufri\u00f3 un ajuste de tos y un v\u00f3mito inhalado, lo que llev\u00f3 al personal a aspirar con un broncoscopio para despejar sus v\u00edas respiratorias y luego poner una m\u00e1scara de ventilaci\u00f3n mec\u00e1nica no invasiva para ayudarlo.<\/p>\n<p>\u00abPor primera vez, vi l\u00e1grimas a los ojos de algunas de las personas que lo rodean. Las personas que, entend\u00ed durante este per\u00edodo de hospitalizaci\u00f3n, lo amaban sinceramente, como un padre. Todos sab\u00edamos que la situaci\u00f3n hab\u00eda empeorado y hab\u00eda un riesgo de que no lo hiciera\u00bb, dijo Alfieri el peri\u00f3dico Corriere Della Sera en una entrevista publicada el martes. <\/p>\n<p>\u00abTuvimos que elegir si detenerlo y dejarlo ir o forzarlo e intentar con todas las drogas y terapias posibles, corriendo el alto riesgo de da\u00f1ar otros \u00f3rganos. Y al final tomamos este camino\u00bb, seg\u00fan los informes, agreg\u00f3. <\/p>\n<p><strong>El Papa Francisco hace la primera aparici\u00f3n p\u00fablica en cinco semanas<\/strong><strong> <\/strong><\/p>\n<div class=\"image-ct inline\">\n<div class=\"m\"><picture><source media=\"(max-width: 767px)\" srcset=\"https:\/\/a57.foxnews.com\/static.foxnews.com\/foxnews.com\/content\/uploads\/2025\/03\/343\/192\/5fe889db-pope-francis.jpg?ve=1&amp;tl=1, https:\/\/a57.foxnews.com\/static.foxnews.com\/foxnews.com\/content\/uploads\/2025\/03\/686\/384\/5fe889db-pope-francis.jpg?ve=1&amp;tl=1 2x\" height=\"192\" width=\"343\"><source media=\"(min-width: 768px) and (max-width: 1023px)\" srcset=\"https:\/\/a57.foxnews.com\/static.foxnews.com\/foxnews.com\/content\/uploads\/2025\/03\/672\/378\/5fe889db-pope-francis.jpg?ve=1&amp;tl=1, https:\/\/a57.foxnews.com\/static.foxnews.com\/foxnews.com\/content\/uploads\/2025\/03\/1344\/756\/5fe889db-pope-francis.jpg?ve=1&amp;tl=1 2x\" height=\"378\" width=\"672\"><source media=\"(min-width: 1024px) and (max-width: 1279px)\" srcset=\"https:\/\/a57.foxnews.com\/static.foxnews.com\/foxnews.com\/content\/uploads\/2025\/03\/931\/523\/5fe889db-pope-francis.jpg?ve=1&amp;tl=1, https:\/\/a57.foxnews.com\/static.foxnews.com\/foxnews.com\/content\/uploads\/2025\/03\/1862\/1046\/5fe889db-pope-francis.jpg?ve=1&amp;tl=1 2x\" height=\"523\" width=\"931\"><source media=\"(min-width: 1280px)\" srcset=\"https:\/\/a57.foxnews.com\/static.foxnews.com\/foxnews.com\/content\/uploads\/2025\/03\/720\/405\/5fe889db-pope-francis.jpg?ve=1&amp;tl=1, https:\/\/a57.foxnews.com\/static.foxnews.com\/foxnews.com\/content\/uploads\/2025\/03\/1440\/810\/5fe889db-pope-francis.jpg?ve=1&amp;tl=1 2x\" height=\"405\" width=\"720\"><img loading=\"lazy\" decoding=\"async\" src=\"https:\/\/a57.foxnews.com\/static.foxnews.com\/foxnews.com\/content\/uploads\/2025\/03\/1200\/675\/5fe889db-pope-francis.jpg?ve=1&amp;tl=1\" alt=\"Papa Francisco liberado del hospital\" width=\"1200\" height=\"675\"\/><\/source><\/source><\/source><\/source><\/picture><\/div>\n<div class=\"info\">\n<div class=\"caption\">\n<p><span>El Papa Francisco aparece en una ventana de la Policicl\u00ednica de Agostino Gemelli en Roma, el domingo 23 de marzo de 2025, donde hab\u00eda sido tratado por bronquitis y neumon\u00eda bilateral desde el 14 de febrero.<\/span> <span>(AP\/Ricardo de Luca)<\/span><\/p>\n<\/div>\n<\/div>\n<\/div>\n<p>El Vaticano no respondi\u00f3 de inmediato el martes a una solicitud de comentarios de Fox News Digital. <\/p>\n<p>Alfieri le dijo al peri\u00f3dico que Francis \u00abdeleg\u00f3 todo tipo de decisi\u00f3n de salud a Massimiliano Strappetti, su asistente personal de atenci\u00f3n m\u00e9dica que conoce los deseos del Papa perfectamente\u00bb. <\/p>\n<p>\u00abIntenta todo, no nos rendiremos\u00bb, record\u00f3 Alfieri al personal de Strappetti en el hospital. \u00abEso es lo que todos pensamos tambi\u00e9n. Y nadie se rindi\u00f3\u00bb. <\/p>\n<p><strong>El personal m\u00e9dico proporciona actualizaciones sobre la condici\u00f3n del Papa Francisco<\/strong><strong> <\/strong><\/p>\n<div class=\"image-ct inline\">\n<div class=\"m\"><picture><source media=\"(max-width: 767px)\" srcset=\"https:\/\/a57.foxnews.com\/static.foxnews.com\/foxnews.com\/content\/uploads\/2025\/03\/343\/192\/sergio-alfieri.jpg?ve=1&amp;tl=1, https:\/\/a57.foxnews.com\/static.foxnews.com\/foxnews.com\/content\/uploads\/2025\/03\/686\/384\/sergio-alfieri.jpg?ve=1&amp;tl=1 2x\" height=\"192\" width=\"343\"><source media=\"(min-width: 768px) and (max-width: 1023px)\" srcset=\"https:\/\/a57.foxnews.com\/static.foxnews.com\/foxnews.com\/content\/uploads\/2025\/03\/672\/378\/sergio-alfieri.jpg?ve=1&amp;tl=1, https:\/\/a57.foxnews.com\/static.foxnews.com\/foxnews.com\/content\/uploads\/2025\/03\/1344\/756\/sergio-alfieri.jpg?ve=1&amp;tl=1 2x\" height=\"378\" width=\"672\"><source media=\"(min-width: 1024px) and (max-width: 1279px)\" srcset=\"https:\/\/a57.foxnews.com\/static.foxnews.com\/foxnews.com\/content\/uploads\/2025\/03\/931\/523\/sergio-alfieri.jpg?ve=1&amp;tl=1, https:\/\/a57.foxnews.com\/static.foxnews.com\/foxnews.com\/content\/uploads\/2025\/03\/1862\/1046\/sergio-alfieri.jpg?ve=1&amp;tl=1 2x\" height=\"523\" width=\"931\"><source media=\"(min-width: 1280px)\" srcset=\"https:\/\/a57.foxnews.com\/static.foxnews.com\/foxnews.com\/content\/uploads\/2025\/03\/720\/405\/sergio-alfieri.jpg?ve=1&amp;tl=1, https:\/\/a57.foxnews.com\/static.foxnews.com\/foxnews.com\/content\/uploads\/2025\/03\/1440\/810\/sergio-alfieri.jpg?ve=1&amp;tl=1 2x\" height=\"405\" width=\"720\"><img loading=\"lazy\" decoding=\"async\" src=\"https:\/\/a57.foxnews.com\/static.foxnews.com\/foxnews.com\/content\/uploads\/2025\/03\/1200\/675\/sergio-alfieri.jpg?ve=1&amp;tl=1\" alt=\"Sergio Alfieri proporciona la actualizaci\u00f3n de la salud del Papa Francis\" width=\"1200\" height=\"675\"\/><\/source><\/source><\/source><\/source><\/picture><\/div>\n<div class=\"info\">\n<div class=\"caption\">\n<p><span>Luigi Carbone, a la izquierda, m\u00e9dico principal de la oficina de salud e higiene del Vaticano, y el cirujano Sergio Alfieri habla con periodistas, el s\u00e1bado 22 de marzo de 2025, en la Policicl\u00ednica Agostino Gemelli de Roma.<\/span> <span>(AP\/Gregorio Borgia)<\/span><\/p>\n<\/div>\n<\/div>\n<\/div>\n<p>\u00abIncluso cuando [Francis\u2019] La condici\u00f3n empeor\u00f3 que estaba completamente consciente. Esa noche fue terrible, \u00e9l sab\u00eda, como nosotros, que podr\u00eda no sobrevivir la noche \u00ab, Alfieri tambi\u00e9n le dijo a Corriere della Sera.\u00bb Vimos al hombre que estaba sufriendo. Pero desde el primer d\u00eda nos pidi\u00f3 que le dij\u00e9ramos la verdad y quer\u00eda que digamos la verdad sobre su condici\u00f3n \u00ab. <\/p>\n<p>Francis finalmente fue dado de alta del hospital en Roma el domingo. <\/p>\n<div class=\"image-ct inline\">\n<div class=\"m\"><picture><source media=\"(max-width: 767px)\" srcset=\"https:\/\/a57.foxnews.com\/static.foxnews.com\/foxnews.com\/content\/uploads\/2025\/03\/343\/192\/pope-francis-in-vehicle.jpg?ve=1&amp;tl=1, https:\/\/a57.foxnews.com\/static.foxnews.com\/foxnews.com\/content\/uploads\/2025\/03\/686\/384\/pope-francis-in-vehicle.jpg?ve=1&amp;tl=1 2x\" height=\"192\" width=\"343\"><source media=\"(min-width: 768px) and (max-width: 1023px)\" srcset=\"https:\/\/a57.foxnews.com\/static.foxnews.com\/foxnews.com\/content\/uploads\/2025\/03\/672\/378\/pope-francis-in-vehicle.jpg?ve=1&amp;tl=1, https:\/\/a57.foxnews.com\/static.foxnews.com\/foxnews.com\/content\/uploads\/2025\/03\/1344\/756\/pope-francis-in-vehicle.jpg?ve=1&amp;tl=1 2x\" height=\"378\" width=\"672\"><source media=\"(min-width: 1024px) and (max-width: 1279px)\" srcset=\"https:\/\/a57.foxnews.com\/static.foxnews.com\/foxnews.com\/content\/uploads\/2025\/03\/931\/523\/pope-francis-in-vehicle.jpg?ve=1&amp;tl=1, https:\/\/a57.foxnews.com\/static.foxnews.com\/foxnews.com\/content\/uploads\/2025\/03\/1862\/1046\/pope-francis-in-vehicle.jpg?ve=1&amp;tl=1 2x\" height=\"523\" width=\"931\"><source media=\"(min-width: 1280px)\" srcset=\"https:\/\/a57.foxnews.com\/static.foxnews.com\/foxnews.com\/content\/uploads\/2025\/03\/720\/405\/pope-francis-in-vehicle.jpg?ve=1&amp;tl=1, https:\/\/a57.foxnews.com\/static.foxnews.com\/foxnews.com\/content\/uploads\/2025\/03\/1440\/810\/pope-francis-in-vehicle.jpg?ve=1&amp;tl=1 2x\" height=\"405\" width=\"720\"><img loading=\"lazy\" decoding=\"async\" src=\"https:\/\/a57.foxnews.com\/static.foxnews.com\/foxnews.com\/content\/uploads\/2025\/03\/1200\/675\/pope-francis-in-vehicle.jpg?ve=1&amp;tl=1\" alt=\"Papa Francisco en el coche\" width=\"1200\" height=\"675\"\/><\/source><\/source><\/source><\/source><\/picture><\/div>\n<div class=\"info\">\n<div class=\"caption\">\n<p><span>El Papa Francisco se va en un autom\u00f3vil despu\u00e9s de aparecer en una ventana del Policl\u00ednico de Agostino Gemelli en Roma, domingo 23 de marzo de 2025.<\/span> <span>(AP\/Stefano Costantino)<\/span><\/p>\n<\/div>\n<\/div>\n<\/div>\n<p><strong>Haga clic aqu\u00ed para obtener la aplicaci\u00f3n Fox News<\/strong><strong> <\/strong><\/p>\n<p>Un portavoz papal dijo el martes que Francis est\u00e1 muy feliz de estar de vuelta en casa y que su terapia de respiraci\u00f3n y movimiento est\u00e1 en curso. <\/p>\n<p> <!----> <\/p>\n<div class=\"article-meta\">\n<div class=\"author-bio\">\n<p>Greg Norman es reportero de Fox News Digital.<\/p>\n<\/div>\n<\/div>\n<\/div>\n\n","protected":false},"excerpt":{"rendered":"<p>Los m\u00e9dicos que cuidan al Papa Francisco consideraron terminar su tratamiento en un momento, ya que \u00abestaba el riesgo de que no lo lograra\u00bb, dijo un informe. El Director M\u00e9dico del Hospital Gemelli, el Dr. Sergio Alfieri, relat\u00f3 las escenas el 28 de febrero cuando el hombre de 88 a\u00f1os sufri\u00f3 un ajuste de tos &hellip;<\/p>\n","protected":false},"author":1,"featured_media":20125,"comment_status":"open","ping_status":"open","sticky":false,"template":"","format":"standard","meta":{"fifu_image_url":"https:\/\/static.foxnews.com\/foxnews.com\/content\/uploads\/2025\/03\/5fe889db-pope-francis.jpg","fifu_image_alt":"","footnotes":""},"categories":[13],"tags":[],"class_list":["post-20123","post","type-post","status-publish","format-standard","has-post-thumbnail","","category-mundo"],"_links":{"self":[{"href":"https:\/\/noticiasveraces.com\/index.php?rest_route=\/wp\/v2\/posts\/20123","targetHints":{"allow":["GET"]}}],"collection":[{"href":"https:\/\/noticiasveraces.com\/index.php?rest_route=\/wp\/v2\/posts"}],"about":[{"href":"https:\/\/noticiasveraces.com\/index.php?rest_route=\/wp\/v2\/types\/post"}],"author":[{"embeddable":true,"href":"https:\/\/noticiasveraces.com\/index.php?rest_route=\/wp\/v2\/users\/1"}],"replies":[{"embeddable":true,"href":"https:\/\/noticiasveraces.com\/index.php?rest_route=%2Fwp%2Fv2%2Fcomments&post=20123"}],"version-history":[{"count":0,"href":"https:\/\/noticiasveraces.com\/index.php?rest_route=\/wp\/v2\/posts\/20123\/revisions"}],"wp:featuredmedia":[{"embeddable":true,"href":"https:\/\/noticiasveraces.com\/index.php?rest_route=\/wp\/v2\/media\/20125"}],"wp:attachment":[{"href":"https:\/\/noticiasveraces.com\/index.php?rest_route=%2Fwp%2Fv2%2Fmedia&parent=20123"}],"wp:term":[{"taxonomy":"category","embeddable":true,"href":"https:\/\/noticiasveraces.com\/index.php?rest_route=%2Fwp%2Fv2%2Fcategories&post=20123"},{"taxonomy":"post_tag","embeddable":true,"href":"https:\/\/noticiasveraces.com\/index.php?rest_route=%2Fwp%2Fv2%2Ftags&post=20123"}],"curies":[{"name":"wp","href":"https:\/\/api.w.org\/{rel}","templated":true}]}}