{"id":20119,"date":"2025-03-25T08:15:05","date_gmt":"2025-03-25T12:15:05","guid":{"rendered":"https:\/\/noticiasveraces.com\/?p=20119"},"modified":"2025-03-25T08:15:05","modified_gmt":"2025-03-25T12:15:05","slug":"detienen-a-mas-de-40-personas-por-insultar-a-erdogan-dw-25-03-2025","status":"publish","type":"post","link":"https:\/\/noticiasveraces.com\/?p=20119","title":{"rendered":"Detienen a m\u00e1s de 40 personas por insultar a Erdogan \u2013 DW \u2013 25\/03\/2025"},"content":{"rendered":"<p> \n<\/p>\n<div>\n<p>Al menos 43 personas fueron arrestadas este martes (25.03.2025) por proferir \u00abviles insultos\u00bb contra el presidente de Turqu\u00eda, el islamista Recep Tayyip Erdogan, y a su familia durante una nueva masiva protesta contra el arresto del alcalde de Estambul, Ekrem Imamoglu.<\/p>\n<p>Unos 1.133 manifestantes fueron detenidos entre el mi\u00e9rcoles y el domingo, seg\u00fan el ministro del Interior, Ali Yerlikaya.<\/p>\n<p>El propio Imamoglu pidi\u00f3 a trav\u00e9s de la red social X que se eviten los insultos a pol\u00edticos durante las protestas.<\/p>\n<p>Imamoglu, alcalde de Estambul desde 2019, fue detenido el mi\u00e9rcoles pasado y enviado a prisi\u00f3n preventiva el domingo bajo sospecha de dirigir una organizaci\u00f3n criminal, aceptar sobornos, extorsi\u00f3n, registro ilegal de datos personales y manipulaci\u00f3n de licitaciones, acusaciones que \u00e9l niega.<\/p>\n<p>Tambi\u00e9n se enfrenta a un proceso judicial por cargos relacionados con terrorismo y fue suspendido de su cargo como \u00abmedida temporal\u00bb.<\/p>\n<p>Adem\u00e1s de Imamoglu, otras 47 personas fueron arrestadas en espera de juicio, entre ellas un asesor clave y dos alcaldes de distrito de Estambul. Otros 44 sospechosos en el caso de presunta corrupci\u00f3n generalizada en la municipalidad metropolitana de Estambul fueron puestos en libertad bajo control judicial.<\/p>\n<p>Aunque Turqu\u00eda no celebrar\u00e1 nuevas elecciones hasta 2028, existe una posibilidad razonable de que Erdogan convoque a elecciones anticipadas para presentarse a un nuevo mandato.<\/p>\n<p>RR (AP\/AFP\/EFE)<\/p>\n<\/div>\n\n","protected":false},"excerpt":{"rendered":"<p>Al menos 43 personas fueron arrestadas este martes (25.03.2025) por proferir \u00abviles insultos\u00bb contra el presidente de Turqu\u00eda, el islamista Recep Tayyip Erdogan, y a su familia durante una nueva masiva protesta contra el arresto del alcalde de Estambul, Ekrem Imamoglu. Unos 1.133 manifestantes fueron detenidos entre el mi\u00e9rcoles y el domingo, seg\u00fan el ministro &hellip;<\/p>\n","protected":false},"author":1,"featured_media":20120,"comment_status":"open","ping_status":"open","sticky":false,"template":"","format":"standard","meta":{"fifu_image_url":"https:\/\/static.dw.com\/image\/72024069_6.jpg","fifu_image_alt":"","footnotes":""},"categories":[13],"tags":[],"class_list":["post-20119","post","type-post","status-publish","format-standard","has-post-thumbnail","","category-mundo"],"_links":{"self":[{"href":"https:\/\/noticiasveraces.com\/index.php?rest_route=\/wp\/v2\/posts\/20119","targetHints":{"allow":["GET"]}}],"collection":[{"href":"https:\/\/noticiasveraces.com\/index.php?rest_route=\/wp\/v2\/posts"}],"about":[{"href":"https:\/\/noticiasveraces.com\/index.php?rest_route=\/wp\/v2\/types\/post"}],"author":[{"embeddable":true,"href":"https:\/\/noticiasveraces.com\/index.php?rest_route=\/wp\/v2\/users\/1"}],"replies":[{"embeddable":true,"href":"https:\/\/noticiasveraces.com\/index.php?rest_route=%2Fwp%2Fv2%2Fcomments&post=20119"}],"version-history":[{"count":0,"href":"https:\/\/noticiasveraces.com\/index.php?rest_route=\/wp\/v2\/posts\/20119\/revisions"}],"wp:featuredmedia":[{"embeddable":true,"href":"https:\/\/noticiasveraces.com\/index.php?rest_route=\/wp\/v2\/media\/20120"}],"wp:attachment":[{"href":"https:\/\/noticiasveraces.com\/index.php?rest_route=%2Fwp%2Fv2%2Fmedia&parent=20119"}],"wp:term":[{"taxonomy":"category","embeddable":true,"href":"https:\/\/noticiasveraces.com\/index.php?rest_route=%2Fwp%2Fv2%2Fcategories&post=20119"},{"taxonomy":"post_tag","embeddable":true,"href":"https:\/\/noticiasveraces.com\/index.php?rest_route=%2Fwp%2Fv2%2Ftags&post=20119"}],"curies":[{"name":"wp","href":"https:\/\/api.w.org\/{rel}","templated":true}]}}