{"id":20109,"date":"2025-03-25T06:27:10","date_gmt":"2025-03-25T10:27:10","guid":{"rendered":"https:\/\/noticiasveraces.com\/?p=20109"},"modified":"2025-03-25T06:27:10","modified_gmt":"2025-03-25T10:27:10","slug":"sin-cortar-el-numero-de-personal-en-gaza-mientras-los-golpes-israelies-aumentan","status":"publish","type":"post","link":"https:\/\/noticiasveraces.com\/?p=20109","title":{"rendered":"Sin cortar el n\u00famero de personal en Gaza mientras los golpes israel\u00edes aumentan"},"content":{"rendered":"<p> \n<\/p>\n<div>\n<p class=\"body-graf\">Las Naciones Unidas dijeron el lunes que est\u00e1 reduciendo su n\u00famero de personal internacional en Gaza en aproximadamente un tercio despu\u00e9s de los ataques israel\u00edes en el enclave que han matado a cientos de civiles, incluido el personal de las Naciones Unidas.<\/p>\n<p class=\"body-graf\">El portavoz de la ONU, Stephane Dujarric, dijo en una sesi\u00f3n informativa regular de noticias que se tom\u00f3 la medida por razones operativas y de seguridad e implicar\u00eda la retirada de aproximadamente 30 de los aproximadamente 100 empleados internacionales actualmente en Gaza.<\/p>\n<p class=\"body-graf\">\u00abLo que estamos haciendo es reducir la cantidad de miembros del personal internacional en aproximadamente un tercio esta semana, tal vez un poco m\u00e1s probable que venga. Es una medida temporal. Esperamos que la gente regrese a Gaza tan pronto como sea posible\u00bb, dijo.<\/p>\n<p class=\"body-graf\">Hizo hincapi\u00e9 en que la ONU no se iba de Gaza.<\/p>\n<figure class=\"styles_inlineImage__FvnTh styles_medium__MEKii\"><picture class=\"styles_image__i32F7\" data-testid=\"picture\"><source media=\"(min-width: 1000px)\" srcset=\"https:\/\/media-cldnry.s-nbcnews.com\/image\/upload\/t_fit-560w,f_avif,q_auto:eco,dpr_2\/rockcms\/2025-03\/250325-gaza-mb-1010-38a83b.jpg 2x, https:\/\/media-cldnry.s-nbcnews.com\/image\/upload\/t_fit-560w,f_auto,q_auto:best\/rockcms\/2025-03\/250325-gaza-mb-1010-38a83b.jpg 1x\"\/><source media=\"(min-width: 320px)\" srcset=\"https:\/\/media-cldnry.s-nbcnews.com\/image\/upload\/t_fit-760w,f_avif,q_auto:eco,dpr_2\/rockcms\/2025-03\/250325-gaza-mb-1010-38a83b.jpg 2x, https:\/\/media-cldnry.s-nbcnews.com\/image\/upload\/t_fit-760w,f_auto,q_auto:best\/rockcms\/2025-03\/250325-gaza-mb-1010-38a83b.jpg 1x\"\/><img decoding=\"async\" loading=\"lazy\" src=\"https:\/\/media-cldnry.s-nbcnews.com\/image\/upload\/t_fit-760w,f_auto,q_auto:best\/rockcms\/2025-03\/250325-gaza-mb-1010-38a83b.jpg\" alt=\"Los ataques israel\u00edes en Gaza Strip contin\u00faan\" height=\"1682\" width=\"2500\"\/><\/picture><figcaption class=\"caption styles_caption__TCewG\" data-testid=\"caption\"><span class=\"caption__container\" data-testid=\"caption__container\">Una mujer llora fuera de una morgue hospitalaria en Khan Younis, el sur de Gaza, el martes.<\/span><span class=\"caption__source\" data-testid=\"caption__source\">Abed Rahim Khatib \/ Anadolu a trav\u00e9s de Getty Images<\/span><\/figcaption><\/figure>\n<p class=\"body-graf\">\u00abEl Secretario General ha tomado la dif\u00edcil decisi\u00f3n &#8230; incluso cuando las necesidades humanitarias se elevan y nuestra preocupaci\u00f3n por la protecci\u00f3n de los civiles se intensifica\u00bb, dijo. \u00abLa organizaci\u00f3n sigue comprometida a continuar brindando ayuda de la que dependen los civiles para su supervivencia y protecci\u00f3n\u00bb.<\/p>\n<p class=\"body-graf\">Dujarric dijo que, seg\u00fan la informaci\u00f3n actualmente disponible, ataques que alcanzaron un complejo de la ONU en Deir Al Balah el 19 de marzo, matando a un trabajador b\u00falgaro de la ONU y dejando otros seis, de Francia, Moldavia, Macedonia del Norte, los Territorios Palestinos y el Reino Unido, con lesiones graves, proven\u00edan de un tanque israel\u00ed.<\/p>\n<p class=\"body-graf\">\u00abLa ubicaci\u00f3n de este complejo de la ONU era bien conocida por las partes en el conflicto\u00bb, dijo, y se\u00f1al\u00f3 que el secretario general de la ONU, Antonio Gutteres, hab\u00eda exigido \u00abuna investigaci\u00f3n completa, exhaustiva e independiente\u00bb.<\/p>\n<figure class=\"styles_inlineImage__FvnTh styles_medium__MEKii\"><picture class=\"styles_image__i32F7\" data-testid=\"picture\"><source media=\"(min-width: 1000px)\" srcset=\"https:\/\/media-cldnry.s-nbcnews.com\/image\/upload\/t_fit-560w,f_avif,q_auto:eco,dpr_2\/rockcms\/2025-03\/250325-gaza-mb-1011-7573d8.jpg 2x, https:\/\/media-cldnry.s-nbcnews.com\/image\/upload\/t_fit-560w,f_auto,q_auto:best\/rockcms\/2025-03\/250325-gaza-mb-1011-7573d8.jpg 1x\"\/><source media=\"(min-width: 320px)\" srcset=\"https:\/\/media-cldnry.s-nbcnews.com\/image\/upload\/t_fit-760w,f_avif,q_auto:eco,dpr_2\/rockcms\/2025-03\/250325-gaza-mb-1011-7573d8.jpg 2x, https:\/\/media-cldnry.s-nbcnews.com\/image\/upload\/t_fit-760w,f_auto,q_auto:best\/rockcms\/2025-03\/250325-gaza-mb-1011-7573d8.jpg 1x\"\/><img decoding=\"async\" loading=\"lazy\" src=\"https:\/\/media-cldnry.s-nbcnews.com\/image\/upload\/t_fit-760w,f_auto,q_auto:best\/rockcms\/2025-03\/250325-gaza-mb-1011-7573d8.jpg\" alt=\"El 18 de marzo, Israel reanud\u00f3 las operaciones militares en la Franja de Gaza despu\u00e9s de un per\u00edodo de calma relativa desde un alto el fuego del 19 de enero con Hamas detuvo m\u00e1s de 15 meses de guerra, citando un punto muerto en negociaciones indirectas en los pr\u00f3ximos pasos en la tregua despu\u00e9s de que su primera etapa expir\u00f3 en marzo. \" height=\"1667\" width=\"2500\"\/><\/picture><figcaption class=\"caption styles_caption__TCewG\" data-testid=\"caption\"><span class=\"caption__container\" data-testid=\"caption__container\">Da\u00f1o a un patio de reparaci\u00f3n de ambulancias golpeados por huelgas israel\u00edes en el centro de Gaza el lunes. <\/span><span class=\"caption__source\" data-testid=\"caption__source\">Eyad debajo \/ AFP a trav\u00e9s de Gettty Images<\/span><\/figcaption><\/figure>\n<p class=\"body-graf\">El Ministerio de Salud de Gaza atribuy\u00f3 la huelga a Israel, pero Israel lo neg\u00f3, diciendo que golpe\u00f3 un sitio de Hamas donde detect\u00f3 los preparativos para disparar al territorio israel\u00ed.<\/p>\n<p class=\"body-graf\">Cuando se le pregunt\u00f3 si la ONU cre\u00eda que el complejo hab\u00eda sido deliberado atacado, Dujarric dijo: \u00abCreo que esa es una de las razones por las que necesitamos tener una investigaci\u00f3n bastante clara y transparente. El punto es que los israel\u00edes sab\u00edan exactamente d\u00f3nde estaba esta instalaci\u00f3n de la ONU, y fue golpeado por un caparaz\u00f3n de uno de sus tanques\u00bb.<\/p>\n<p class=\"endmark body-graf\">El ej\u00e9rcito israel\u00ed dijo que sus fuerzas hab\u00edan disparado el lunes en un edificio perteneciente a la Cruz Roja en la ciudad sur de Rafah de Gaza, como resultado de una identificaci\u00f3n incorrecta, despu\u00e9s de que una oficina perteneciente a la organizaci\u00f3n de ayuda fue da\u00f1ada por un proyectil explosivo.<\/p>\n<\/div>\n\n","protected":false},"excerpt":{"rendered":"<p>Las Naciones Unidas dijeron el lunes que est\u00e1 reduciendo su n\u00famero de personal internacional en Gaza en aproximadamente un tercio despu\u00e9s de los ataques israel\u00edes en el enclave que han matado a cientos de civiles, incluido el personal de las Naciones Unidas. El portavoz de la ONU, Stephane Dujarric, dijo en una sesi\u00f3n informativa regular &hellip;<\/p>\n","protected":false},"author":1,"featured_media":20111,"comment_status":"open","ping_status":"open","sticky":false,"template":"","format":"standard","meta":{"fifu_image_url":"https:\/\/media-cldnry.s-nbcnews.com\/image\/upload\/t_nbcnews-fp-1200-630,f_auto,q_auto:best\/rockcms\/2025-03\/250325-gaza-mb-1010-38a83b.jpg","fifu_image_alt":"","footnotes":""},"categories":[4],"tags":[],"class_list":["post-20109","post","type-post","status-publish","format-standard","has-post-thumbnail","","category-historias-destacadas"],"_links":{"self":[{"href":"https:\/\/noticiasveraces.com\/index.php?rest_route=\/wp\/v2\/posts\/20109","targetHints":{"allow":["GET"]}}],"collection":[{"href":"https:\/\/noticiasveraces.com\/index.php?rest_route=\/wp\/v2\/posts"}],"about":[{"href":"https:\/\/noticiasveraces.com\/index.php?rest_route=\/wp\/v2\/types\/post"}],"author":[{"embeddable":true,"href":"https:\/\/noticiasveraces.com\/index.php?rest_route=\/wp\/v2\/users\/1"}],"replies":[{"embeddable":true,"href":"https:\/\/noticiasveraces.com\/index.php?rest_route=%2Fwp%2Fv2%2Fcomments&post=20109"}],"version-history":[{"count":0,"href":"https:\/\/noticiasveraces.com\/index.php?rest_route=\/wp\/v2\/posts\/20109\/revisions"}],"wp:featuredmedia":[{"embeddable":true,"href":"https:\/\/noticiasveraces.com\/index.php?rest_route=\/wp\/v2\/media\/20111"}],"wp:attachment":[{"href":"https:\/\/noticiasveraces.com\/index.php?rest_route=%2Fwp%2Fv2%2Fmedia&parent=20109"}],"wp:term":[{"taxonomy":"category","embeddable":true,"href":"https:\/\/noticiasveraces.com\/index.php?rest_route=%2Fwp%2Fv2%2Fcategories&post=20109"},{"taxonomy":"post_tag","embeddable":true,"href":"https:\/\/noticiasveraces.com\/index.php?rest_route=%2Fwp%2Fv2%2Ftags&post=20109"}],"curies":[{"name":"wp","href":"https:\/\/api.w.org\/{rel}","templated":true}]}}