{"id":20105,"date":"2025-03-25T05:09:49","date_gmt":"2025-03-25T09:09:49","guid":{"rendered":"https:\/\/noticiasveraces.com\/?p=20105"},"modified":"2025-03-25T05:09:49","modified_gmt":"2025-03-25T09:09:49","slug":"imamoglu-y-otros-presos-politicos-destacados-de-turquia-dw-24-03-2025","status":"publish","type":"post","link":"https:\/\/noticiasveraces.com\/?p=20105","title":{"rendered":"Imamoglu y otros presos pol\u00edticos destacados de Turqu\u00eda \u2013 DW \u2013 24\/03\/2025"},"content":{"rendered":"<p> \n<\/p>\n<div>\n<h2>ECREM IMMAMOGL<\/h2>\n<p>Se le considera moderno y elocuente, una figura pol\u00edtica que intenta implicar a los oponentes y acercarse a ellos en lugar de generar divisiones. Quiz\u00e1 sea este estilo lo que ha ayudado a este hombre de 53 a\u00f1os a ganar popularidad m\u00e1s all\u00e1 de su propia formaci\u00f3n pol\u00edtica,\u00a0CHP, el mayor partido de la oposici\u00f3n, que eligi\u00f3 a Imamoglu como candidato presidencial, a pesar de su detenci\u00f3n por cargos de corrupci\u00f3n y sospecha de terrorismo.<\/p>\n<p>Aunque las elecciones no se celebrar\u00e1n hasta dentro de tres a\u00f1os, una condena podr\u00eda garantizar la exclusi\u00f3n de las mismas del rival m\u00e1s ac\u00e9rrimo del presidente Erdogan.<\/p>\n<p>La detenci\u00f3n de Imamoglu y la orden de prisi\u00f3n preventiva dictada por el tribunal han desencadenado las mayores protestas de la oposici\u00f3n en Turqu\u00eda desde las llamadas protestas de Gezi en 2013.<\/p>\n<h2>Osman Kavala<\/h2>\n<p>Fueron precisamente estas protestas de Gezi las que pusieron tras las rejas en 2017 al mecenas cultural y activista de derechos humanos Osman Kavala. Estuvo casi tres a\u00f1os en prisi\u00f3n preventiva acusado de organizar las manifestaciones en las que participaron m\u00e1s de 3,5 millones de personas en 2013.<\/p>\n<p>En un principio, las protestas iban dirigidas contra un pol\u00e9mico proyecto de construcci\u00f3n en el Parque Gezi de Estambul. Sin embargo, tras una violenta operaci\u00f3n policial contra los manifestantes, r\u00e1pidamente se convirtieron en manifestaciones a escala nacional contra el gobierno del AKP, percibido como autoritario.<\/p>\n<p>En febrero de 2020, Kavala fue absuelto por falta de pruebas, pero poco despu\u00e9s, la fiscal\u00eda de Estambul emiti\u00f3 una nueva orden de detenci\u00f3n en su contra por su participaci\u00f3n en el intento de golpe de Estado de 2016. Aunque esta acusaci\u00f3n se retir\u00f3 posteriormente, Kavala fue condenado a cadena perpetua sin posibilidad de libertad condicional en abril de 2022.<\/p>\n<figure class=\"placeholder-image master_landscape big\"><img data-format=\"MASTER_LANDSCAPE\" data-id=\"60861243\" data-url=\"https:\/\/static.dw.com\/image\/60861243_${formatId}.jpg\" data-aspect-ratio=\"16\/9\" alt=\"Osman Kavala actualmente cumple cadena perpetua. \" style=\"padding-bottom: 56.25%; height: 0; max-height: 0;\"\/><figcaption class=\"img-caption\">El mecenas turco Osman Kavala cumple cadena perpetua<small class=\"copyright\">Im\u00e1genes: Kerem Uzel \/ DPA \/ Picture Alliance<\/small><\/figcaption><\/figure>\n<h2>Puede la vida<\/h2>\n<p>Junto con Kavala, tambi\u00e9n fue juzgado el abogado turco de derechos humanos Can Atalay. Actualmente cumple una condena de 18 a\u00f1os de c\u00e1rcel en la prisi\u00f3n de M\u00e1rmara, en Estambul, por \u00abcomplicidad en intento de subversi\u00f3n\u00bb.<\/p>\n<p>Como abogado, Atalay ha representado a periodistas y escritores en la lucha por la libertad de expresi\u00f3n. A pesar de su condena, el Partido Laborista turco lo design\u00f3 candidato a las elecciones parlamentarias de 2023, donde obtuvo un esca\u00f1o que le fue\u00a0revocado principios de 2024, lo que provoc\u00f3 feroces pero infructuosas protestas de la oposici\u00f3n.<\/p>\n<p><span data-slot-id=\"Article_InContent-1\" class=\"rich-text-ad\"\/><\/p>\n<h2>Selahattin Demirtas<\/h2>\n<p>Demirtas, de 51 a\u00f1os, es uno de los pol\u00edticos kurdos m\u00e1s conocidos de Turqu\u00eda. Como antiguo copresidente del partido prokurdo HDP, se present\u00f3 contra Erdogan en las elecciones presidenciales de 2014. En las parlamentarias que se celebraron un a\u00f1o despu\u00e9s, su partido obtuvo un resultado respetable y entr\u00f3 en la C\u00e1mara de Representantes. Poco despu\u00e9s, la fiscal\u00eda abri\u00f3 una investigaci\u00f3n contra Demirtas alegando que hab\u00eda incitado protestas armadas contra el Estado.<\/p>\n<p>En noviembre de 2016, Demirtas fue detenido por presunta \u00abpropaganda terrorista y pertenencia a una organizaci\u00f3n terrorista armada\u00bb. Como en el caso de Osman Kavala, el Tribunal Europeo de Derechos Humanos de Estrasburgo dictamin\u00f3 que su detenci\u00f3n era ilegal y exigi\u00f3 su liberaci\u00f3n inmediata. Sin embargo Turqu\u00eda no acat\u00f3 la sentencia. En mayo de 2024, Demirtas fue condenado a 42 a\u00f1os de prisi\u00f3n por su presunto papel en las protestas de Kobane, entre otras acusaciones.<\/p>\n<figure class=\"placeholder-image master_landscape big\"><img data-format=\"MASTER_LANDSCAPE\" data-id=\"69106624\" data-url=\"https:\/\/static.dw.com\/image\/69106624_${formatId}.jpg\" data-aspect-ratio=\"16\/9\" alt=\"Selahattin Demirtas, pol\u00edtico kurdo muy reconocido en Turqu\u00eda.\" style=\"padding-bottom: 56.25%; height: 0; max-height: 0;\"\/><figcaption class=\"img-caption\">Selahattin Demirtas es considerado el pol\u00edtico kurdo m\u00e1s conocido de Turqu\u00eda.<small class=\"copyright\">Imagen: John Thys\/AFP\/Getty Images<\/small><\/figcaption><\/figure>\n<h2>Figen Yuksegdag<\/h2>\n<p>Figen Y\u00fcksegdag tambi\u00e9n es miembro del HDP. En 2015 critic\u00f3 duramente a Erdogan en relaci\u00f3n con su lucha contra el terrorismo en el norte de Siria, argumentando que Turqu\u00eda no hab\u00eda luchado\u00a0 contra el Estado Isl\u00e1mico, sino que hab\u00eda apoyado sus acciones contra las fuerzas kurdas.<\/p>\n<p>Y\u00fcksegdag no fue la \u00fanica\u00a0en hacer estas acusaciones. El periodista turco Can D\u00fcndar, por ejemplo, que tambi\u00e9n fue encarcelado y ahora vive exiliado en Berl\u00edn, inform\u00f3 sobre suministros de armas turcas a extremistas islamistas en el norte de Siria.   <\/p>\n<p>La Fiscal\u00eda abri\u00f3 una investigaci\u00f3n contra Y\u00fcksekda\u011f, acus\u00e1ndola\u00a0de hacer propaganda de la organizaci\u00f3n kurda del norte de Siria YPG, que el Gobierno clasifica como terrorista. En mayo de 2024, fue condenada a 30 a\u00f1os y tres meses de prisi\u00f3n.<\/p>\n<h2>\u00bfDecenas de miles de otros presos pol\u00edticos?<\/h2>\n<p>Estos son s\u00f3lo los ejemplos m\u00e1s destacados de los muchos presos considerados \u00abpol\u00edticos\u201d que hay en Turqu\u00eda. Ning\u00fan otro de los 46 Estados miembros del Consejo de Europa tiene tanta gente en prisi\u00f3n como Turqu\u00eda.<\/p>\n<p>Mientras que en el a\u00f1o 2000 el pa\u00eds ten\u00eda algo menos de 50.000 presos, en 2023 la cifra hab\u00eda aumentado a unos 350.000. No est\u00e1 claro cu\u00e1ntos de estos presos son pol\u00edticos, pero\u00a0organizaciones de derechos humanos\u00a0hablan de decenas de miles.<\/p>\n<p>(MN\/MS)<\/p>\n<\/p>\n<\/div>\n\n","protected":false},"excerpt":{"rendered":"<p>ECREM IMMAMOGL Se le considera moderno y elocuente, una figura pol\u00edtica que intenta implicar a los oponentes y acercarse a ellos en lugar de generar divisiones. Quiz\u00e1 sea este estilo lo que ha ayudado a este hombre de 53 a\u00f1os a ganar popularidad m\u00e1s all\u00e1 de su propia formaci\u00f3n pol\u00edtica,\u00a0CHP, el mayor partido de la &hellip;<\/p>\n","protected":false},"author":1,"featured_media":20106,"comment_status":"open","ping_status":"open","sticky":false,"template":"","format":"standard","meta":{"fifu_image_url":"https:\/\/static.dw.com\/image\/72013132_6.jpg","fifu_image_alt":"","footnotes":""},"categories":[13],"tags":[],"class_list":["post-20105","post","type-post","status-publish","format-standard","has-post-thumbnail","","category-mundo"],"_links":{"self":[{"href":"https:\/\/noticiasveraces.com\/index.php?rest_route=\/wp\/v2\/posts\/20105","targetHints":{"allow":["GET"]}}],"collection":[{"href":"https:\/\/noticiasveraces.com\/index.php?rest_route=\/wp\/v2\/posts"}],"about":[{"href":"https:\/\/noticiasveraces.com\/index.php?rest_route=\/wp\/v2\/types\/post"}],"author":[{"embeddable":true,"href":"https:\/\/noticiasveraces.com\/index.php?rest_route=\/wp\/v2\/users\/1"}],"replies":[{"embeddable":true,"href":"https:\/\/noticiasveraces.com\/index.php?rest_route=%2Fwp%2Fv2%2Fcomments&post=20105"}],"version-history":[{"count":0,"href":"https:\/\/noticiasveraces.com\/index.php?rest_route=\/wp\/v2\/posts\/20105\/revisions"}],"wp:featuredmedia":[{"embeddable":true,"href":"https:\/\/noticiasveraces.com\/index.php?rest_route=\/wp\/v2\/media\/20106"}],"wp:attachment":[{"href":"https:\/\/noticiasveraces.com\/index.php?rest_route=%2Fwp%2Fv2%2Fmedia&parent=20105"}],"wp:term":[{"taxonomy":"category","embeddable":true,"href":"https:\/\/noticiasveraces.com\/index.php?rest_route=%2Fwp%2Fv2%2Fcategories&post=20105"},{"taxonomy":"post_tag","embeddable":true,"href":"https:\/\/noticiasveraces.com\/index.php?rest_route=%2Fwp%2Fv2%2Ftags&post=20105"}],"curies":[{"name":"wp","href":"https:\/\/api.w.org\/{rel}","templated":true}]}}