{"id":20085,"date":"2025-03-25T03:07:09","date_gmt":"2025-03-25T07:07:09","guid":{"rendered":"https:\/\/noticiasveraces.com\/?p=20085"},"modified":"2025-03-25T03:07:09","modified_gmt":"2025-03-25T07:07:09","slug":"fallece-vicepresidente-de-samsung-electronics-han-jong-hee-dw-25-03-2025","status":"publish","type":"post","link":"https:\/\/noticiasveraces.com\/?p=20085","title":{"rendered":"Fallece vicepresidente de Samsung Electronics Han Jong-hee \u2013 DW \u2013 25\/03\/2025"},"content":{"rendered":"<p> \n<\/p>\n<div>\n<p>Han Jong-hee, vicepresidente y codirector ejecutivo de Samsung Electronics, falleci\u00f3 este lunes (24.03.2025) a los 63 a\u00f1os a causa de un infarto, seg\u00fan confirm\u00f3 la empresa.<\/p>\n<p>Han se desplom\u00f3 el pasado viernes tras asistir a la recepci\u00f3n de la boda de su hija y fue trasladado al Centro M\u00e9dico Samsung en Se\u00fal, donde falleci\u00f3 posteriormente, seg\u00fan inform\u00f3 el diario local Chosun.<\/p>\n<p>Han era considerado una figura esencial en el ascenso de Samsung como l\u00edder mundial en el sector de televisores, y dedic\u00f3 37 a\u00f1os a la compa\u00f1\u00eda, desde su ingreso como ingeniero en 1988 hasta convertirse en una de sus m\u00e1ximas autoridades.<\/p>\n<p>Su fallecimiento ocurre pocos d\u00edas despu\u00e9s de haber participado en la junta general de accionistas de la empresa, celebrada el 19 de marzo, donde present\u00f3 su visi\u00f3n estrat\u00e9gica para el futuro del grupo. <\/p>\n<blockquote class=\"tweet embed\" data-id=\"1904333730379886641\"\/>\n<p>Han lideraba la divisi\u00f3n Device eXperience (DX), una de las dos grandes ramas de negocio del grupo, y supervisaba tambi\u00e9n la unidad de Electrodom\u00e9sticos Digitales (DA). Su ascenso en la empresa fue constante, siendo nombrado jefe del \u00e1rea de Visual Display en 2017 y alcanzando la vicepresidencia y codirecci\u00f3n general en 2021.<\/p>\n<p>Estaba previsto que ofreciera el discurso inaugural del evento \u00abWelcome to Bespoke AI\u00bb el 26 de marzo, pero Samsung anunci\u00f3 su sustituci\u00f3n dos d\u00edas antes por motivos de salud.<\/p>\n<p>Le sobreviven su esposa, dos hijas y un hijo.<\/p>\n<p>Mg (Efe, AP)<\/p>\n<\/p>\n<\/div>\n\n","protected":false},"excerpt":{"rendered":"<p>Han Jong-hee, vicepresidente y codirector ejecutivo de Samsung Electronics, falleci\u00f3 este lunes (24.03.2025) a los 63 a\u00f1os a causa de un infarto, seg\u00fan confirm\u00f3 la empresa. Han se desplom\u00f3 el pasado viernes tras asistir a la recepci\u00f3n de la boda de su hija y fue trasladado al Centro M\u00e9dico Samsung en Se\u00fal, donde falleci\u00f3 posteriormente, &hellip;<\/p>\n","protected":false},"author":1,"featured_media":20086,"comment_status":"open","ping_status":"open","sticky":false,"template":"","format":"standard","meta":{"fifu_image_url":"https:\/\/static.dw.com\/image\/72025421_6.jpg","fifu_image_alt":"","footnotes":""},"categories":[13],"tags":[],"class_list":["post-20085","post","type-post","status-publish","format-standard","has-post-thumbnail","","category-mundo"],"_links":{"self":[{"href":"https:\/\/noticiasveraces.com\/index.php?rest_route=\/wp\/v2\/posts\/20085","targetHints":{"allow":["GET"]}}],"collection":[{"href":"https:\/\/noticiasveraces.com\/index.php?rest_route=\/wp\/v2\/posts"}],"about":[{"href":"https:\/\/noticiasveraces.com\/index.php?rest_route=\/wp\/v2\/types\/post"}],"author":[{"embeddable":true,"href":"https:\/\/noticiasveraces.com\/index.php?rest_route=\/wp\/v2\/users\/1"}],"replies":[{"embeddable":true,"href":"https:\/\/noticiasveraces.com\/index.php?rest_route=%2Fwp%2Fv2%2Fcomments&post=20085"}],"version-history":[{"count":0,"href":"https:\/\/noticiasveraces.com\/index.php?rest_route=\/wp\/v2\/posts\/20085\/revisions"}],"wp:featuredmedia":[{"embeddable":true,"href":"https:\/\/noticiasveraces.com\/index.php?rest_route=\/wp\/v2\/media\/20086"}],"wp:attachment":[{"href":"https:\/\/noticiasveraces.com\/index.php?rest_route=%2Fwp%2Fv2%2Fmedia&parent=20085"}],"wp:term":[{"taxonomy":"category","embeddable":true,"href":"https:\/\/noticiasveraces.com\/index.php?rest_route=%2Fwp%2Fv2%2Fcategories&post=20085"},{"taxonomy":"post_tag","embeddable":true,"href":"https:\/\/noticiasveraces.com\/index.php?rest_route=%2Fwp%2Fv2%2Ftags&post=20085"}],"curies":[{"name":"wp","href":"https:\/\/api.w.org\/{rel}","templated":true}]}}