{"id":20081,"date":"2025-03-25T01:02:49","date_gmt":"2025-03-25T05:02:49","guid":{"rendered":"https:\/\/noticiasveraces.com\/?p=20081"},"modified":"2025-03-25T01:02:49","modified_gmt":"2025-03-25T05:02:49","slug":"china-espera-que-apple-amplie-sus-inversiones-en-el-pais-dw-25-03-2025","status":"publish","type":"post","link":"https:\/\/noticiasveraces.com\/?p=20081","title":{"rendered":"China espera que Apple ampl\u00ede sus inversiones en el pa\u00eds \u2013 DW \u2013 25\/03\/2025"},"content":{"rendered":"<p> \n<\/p>\n<div>\n<p>El ministro de Comercio chino, Wang Wentao, se reuni\u00f3 el lunes (24.03.2025) en Pek\u00edn con el consejero delegado del gigante tecnol\u00f3gico estadounidense Apple, Tim Cook, a quien le dijo que espera que la empresa \u00abampl\u00ede sus inversiones en China y se integre profundamente en el mercado chino\u00bb.<\/p>\n<p>\u00abChina se mantiene firme en su compromiso de ampliar su apertura al mundo, ofrecer igualdad de condiciones a las empresas con financiaci\u00f3n extranjera y apoyar la participaci\u00f3n equitativa de sus productos en nuestras pol\u00edticas para fomentar el consumo\u00bb, dijo Wang en el encuentro, recogi\u00f3 anoche la cartera china en un comunicado.<\/p>\n<p>Seg\u00fan Wang, la econom\u00eda del gigante asi\u00e1tico ha demostrado \u00abuna fuerte resiliencia y vitalidad\u00bb, convirti\u00e9ndose en \u00abun terreno f\u00e9rtil para el desarrollo impulsado por la innovaci\u00f3n\u00bb, pese a un contexto de ralentizaci\u00f3n para el pa\u00eds, que busca mantener a flote su econom\u00eda, recuperar la inversi\u00f3n extranjera y sortear la guerra comercial iniciada por Donald Trump.<\/p>\n<blockquote class=\"tweet embed\" data-id=\"1904356535305965810\"\/>\n<p>Con todo, \u00abChina est\u00e1 dispuesta a colaborar con Estados Unidos para crear un entorno pol\u00edtico m\u00e1s estable para las empresas mediante un di\u00e1logo equitativo\u00bb, indic\u00f3.<\/p>\n<p>Por su parte, Cook, que se encuentra en Pek\u00edn para participar en el Foro anual de Desarrollo que organiza el pa\u00eds asi\u00e1tico como plataforma de di\u00e1logo entre altos dirigentes del Ejecutivo, ejecutivos de multinacionales y acad\u00e9micos, asegur\u00f3 que Apple seguir\u00e1 aumentando sus inversiones en China.<\/p>\n<p>\u00abSeguiremos aumentando nuestras inversiones en sectores como las cadenas de suministro, la investigaci\u00f3n y el desarrollo, y la responsabilidad social en China, con el objetivo de apoyar el desarrollo de alta calidad del pa\u00eds\u00bb, dijo, seg\u00fan el comunicado.<\/p>\n<p>Las ventas en China de tel\u00e9fonos inteligentes de la empresa cayeron un 18 % en el \u00faltimo trimestre de 2024 y se situaron por detr\u00e1s de las empresas locales, seg\u00fan la firma de investigaci\u00f3n Counterpoint Research.<\/p>\n<p>Apple tiene en la &#8216;gran China&#8217; (t\u00e9rmino que engloba a China continental, Hong Kong, Macao y Taiw\u00e1n)\u00a0su tercer mayor mercado tras el continente americano y Europa. No obstante, China es precisamente el \u00fanico de sus grandes mercados en el que sus ventas caen.<\/p>\n<p>GS (Efe, Reuters)<\/p>\n<\/div>\n\n","protected":false},"excerpt":{"rendered":"<p>El ministro de Comercio chino, Wang Wentao, se reuni\u00f3 el lunes (24.03.2025) en Pek\u00edn con el consejero delegado del gigante tecnol\u00f3gico estadounidense Apple, Tim Cook, a quien le dijo que espera que la empresa \u00abampl\u00ede sus inversiones en China y se integre profundamente en el mercado chino\u00bb. \u00abChina se mantiene firme en su compromiso de &hellip;<\/p>\n","protected":false},"author":1,"featured_media":20082,"comment_status":"open","ping_status":"open","sticky":false,"template":"","format":"standard","meta":{"fifu_image_url":"https:\/\/static.dw.com\/image\/72025002_6.jpg","fifu_image_alt":"","footnotes":""},"categories":[13],"tags":[],"class_list":["post-20081","post","type-post","status-publish","format-standard","has-post-thumbnail","","category-mundo"],"_links":{"self":[{"href":"https:\/\/noticiasveraces.com\/index.php?rest_route=\/wp\/v2\/posts\/20081","targetHints":{"allow":["GET"]}}],"collection":[{"href":"https:\/\/noticiasveraces.com\/index.php?rest_route=\/wp\/v2\/posts"}],"about":[{"href":"https:\/\/noticiasveraces.com\/index.php?rest_route=\/wp\/v2\/types\/post"}],"author":[{"embeddable":true,"href":"https:\/\/noticiasveraces.com\/index.php?rest_route=\/wp\/v2\/users\/1"}],"replies":[{"embeddable":true,"href":"https:\/\/noticiasveraces.com\/index.php?rest_route=%2Fwp%2Fv2%2Fcomments&post=20081"}],"version-history":[{"count":0,"href":"https:\/\/noticiasveraces.com\/index.php?rest_route=\/wp\/v2\/posts\/20081\/revisions"}],"wp:featuredmedia":[{"embeddable":true,"href":"https:\/\/noticiasveraces.com\/index.php?rest_route=\/wp\/v2\/media\/20082"}],"wp:attachment":[{"href":"https:\/\/noticiasveraces.com\/index.php?rest_route=%2Fwp%2Fv2%2Fmedia&parent=20081"}],"wp:term":[{"taxonomy":"category","embeddable":true,"href":"https:\/\/noticiasveraces.com\/index.php?rest_route=%2Fwp%2Fv2%2Fcategories&post=20081"},{"taxonomy":"post_tag","embeddable":true,"href":"https:\/\/noticiasveraces.com\/index.php?rest_route=%2Fwp%2Fv2%2Ftags&post=20081"}],"curies":[{"name":"wp","href":"https:\/\/api.w.org\/{rel}","templated":true}]}}