{"id":20078,"date":"2025-03-25T00:46:05","date_gmt":"2025-03-25T04:46:05","guid":{"rendered":"https:\/\/noticiasveraces.com\/?p=20078"},"modified":"2025-03-25T00:46:05","modified_gmt":"2025-03-25T04:46:05","slug":"se-puede-ir-nestor-lorenzo-si-colombia-no-gana-revelan-lo-que-pasaria-y-malestar-en-dirigentes-seleccion-colombia","status":"publish","type":"post","link":"https:\/\/noticiasveraces.com\/?p=20078","title":{"rendered":"\u00bfSe puede ir N\u00e9stor Lorenzo si Colombia no gana? Revelan lo que pasar\u00eda y malestar en dirigentes | Selecci\u00f3n Colombia"},"content":{"rendered":"<p> \n<br \/><img decoding=\"async\" src=\"https:\/\/www.futbolred.com\/files\/article_graphic\/uploads\/2025\/03\/04\/67c78e5b6cb4d.jpeg\" \/><\/p>\n<div id=\"cuerpoArticulo\">\n<p class=\"texto intro\" id=\"pnull-m194-193-195\"><b>Colombia <\/b>viene de caer tres partidos consecutivos en Eliminatorias Sudamericanas al Mundial 2026 y el t\u00e9cnico N\u00e9stor Lorenzo dej\u00f3 claro que no patear\u00e1 el tablero ante Paraguay pese a que los resultados no se han dado, as\u00ed que hay expectativa por el juego en Barranquilla.<\/p>\n<p class=\"texto contenido-parrafo-articulo\" id=\"pnull-m206-2-207\">De no ganar, el seleccionado no solo tendr\u00eda una mala racha que ser\u00eda hist\u00f3rica, sino que empezar\u00eda a complicar su clasificaci\u00f3n al Mundial 2026, as\u00ed que es ah\u00ed donde la continuidad del t\u00e9cnico argentino empieza a generar dudas.<\/p>\n<p>Sin embargo, N\u00e9stor Lorenzo no dejar\u00eda, as\u00ed como as\u00ed la Selecci\u00f3n en caso de no conseguir ganar ante Paraguay, m\u00e1s all\u00e1 de llegar a acumular tantos juegos sin ganar.<\/p>\n<p>El reconocido periodista <b>Carlos Antonio V\u00e9lez <\/b>analiz\u00f3 la posibilidad de que se vaya, pero dej\u00f3 claro en el programa \u2018Planeta F\u00fatbol\u2019 de Win Sports que Lorenzo no es de los t\u00e9cnicos que renuncia, as\u00ed que la \u00fanica ser\u00eda que le rescindieran, pero eso parece no ser el plan de la Federaci\u00f3n Colombiana de F\u00fatbol.<\/p>\n<p>\u201cPongo este escenario: el peor de los casos es no ganar. Empatamos o perdemos. <b>El ambiente va a ser muy dif\u00edcil y el t\u00e9cnico no va a renunciar porque este tipo de personas no renuncian. Ese se\u00f1or se queda, pero tampoco lo pueden sacar\u201d<\/b>dijo inicialmente V\u00e9lez<\/p>\n<p class=\"texto contenido-parrafo-articulo\" id=\"pnull-m389-4-390\">Adem\u00e1s, agreg\u00f3 la raz\u00f3n por la que no lo podr\u00edan sacar, dejando claro que \u201cla Federaci\u00f3n generalmente no paga indemnizaciones porque es una costumbre de Jesur\u00fan\u201d.<\/p>\n<p>De igual manera, el reconocido analista mencion\u00f3 que, hasta la clasificaci\u00f3n del Mundial, tampoco habr\u00e1 un cambio porque probablemente se consiga el tiquete con otros juegos restantes.<\/p>\n<p>\u201cLo m\u00e1s grave es que ganando o empatando en un juego de n\u00fameros, clasificamos y el se\u00f1or contin\u00faa, pese a suceder todo lo que acab\u00f3 de suceder. Nadie le garantiza que Colombia tenga una Selecci\u00f3n competitiva. Lo que pasa es que <b>el se\u00f1or no va a renunciar y no lo van a sacar, iremos al Mundial y no tenemos derecho de elegir una persona de estatura para pelearlo. Pase lo que pase se queda\u201d<\/b>mencion\u00f3.<\/p>\n<p><b>\u00bfMalestar de algunos dirigentes por rendimiento?<\/b><\/p>\n<p>Finalmente, solt\u00f3 una bomba en la que revel\u00f3 que habr\u00eda malestar entre los dirigentes, siendo <b>\u00c1lvaro Gonz\u00e1lez \u00c1lzate, <\/b>vicepresidente de la FCF, uno de los que no ha estado de acuerdo con el rendimiento del equipo.<\/p>\n<p>\u00ab<b>Hay malestar entre los dirigentes, \u00c1lvaro Gonz\u00e1lez manifest\u00f3 que no estaba de acuerdo con lo que estaba pasando y que sent\u00ed que hab\u00eda algo raro.<\/b> Consult\u00e9 con \u00e9l en noviembre del a\u00f1o pasado y me dijo que se los advert\u00ed. <b>Dentro de la Federaci\u00f3n hay gente que no est\u00e1 de acuerdo con este manejo, <\/b>no solamente con lo deportivo\u201d, finaliz\u00f3 Carlos Antonio V\u00e9lez.<\/p>\n<\/p><\/div>\n\n","protected":false},"excerpt":{"rendered":"<p>Colombia viene de caer tres partidos consecutivos en Eliminatorias Sudamericanas al Mundial 2026 y el t\u00e9cnico N\u00e9stor Lorenzo dej\u00f3 claro que no patear\u00e1 el tablero ante Paraguay pese a que los resultados no se han dado, as\u00ed que hay expectativa por el juego en Barranquilla. De no ganar, el seleccionado no solo tendr\u00eda una mala &hellip;<\/p>\n","protected":false},"author":1,"featured_media":20080,"comment_status":"open","ping_status":"open","sticky":false,"template":"","format":"standard","meta":{"fifu_image_url":"https:\/\/www.futbolred.com\/files\/og_thumbnail\/uploads\/2025\/03\/04\/67c78e5b6cb4d.jpeg","fifu_image_alt":"","footnotes":""},"categories":[6],"tags":[],"class_list":["post-20078","post","type-post","status-publish","format-standard","has-post-thumbnail","","category-deportes"],"_links":{"self":[{"href":"https:\/\/noticiasveraces.com\/index.php?rest_route=\/wp\/v2\/posts\/20078","targetHints":{"allow":["GET"]}}],"collection":[{"href":"https:\/\/noticiasveraces.com\/index.php?rest_route=\/wp\/v2\/posts"}],"about":[{"href":"https:\/\/noticiasveraces.com\/index.php?rest_route=\/wp\/v2\/types\/post"}],"author":[{"embeddable":true,"href":"https:\/\/noticiasveraces.com\/index.php?rest_route=\/wp\/v2\/users\/1"}],"replies":[{"embeddable":true,"href":"https:\/\/noticiasveraces.com\/index.php?rest_route=%2Fwp%2Fv2%2Fcomments&post=20078"}],"version-history":[{"count":0,"href":"https:\/\/noticiasveraces.com\/index.php?rest_route=\/wp\/v2\/posts\/20078\/revisions"}],"wp:featuredmedia":[{"embeddable":true,"href":"https:\/\/noticiasveraces.com\/index.php?rest_route=\/wp\/v2\/media\/20080"}],"wp:attachment":[{"href":"https:\/\/noticiasveraces.com\/index.php?rest_route=%2Fwp%2Fv2%2Fmedia&parent=20078"}],"wp:term":[{"taxonomy":"category","embeddable":true,"href":"https:\/\/noticiasveraces.com\/index.php?rest_route=%2Fwp%2Fv2%2Fcategories&post=20078"},{"taxonomy":"post_tag","embeddable":true,"href":"https:\/\/noticiasveraces.com\/index.php?rest_route=%2Fwp%2Fv2%2Ftags&post=20078"}],"curies":[{"name":"wp","href":"https:\/\/api.w.org\/{rel}","templated":true}]}}