{"id":20076,"date":"2025-03-25T00:38:37","date_gmt":"2025-03-25T04:38:37","guid":{"rendered":"https:\/\/noticiasveraces.com\/?p=20076"},"modified":"2025-03-25T00:38:37","modified_gmt":"2025-03-25T04:38:37","slug":"el-co-ceo-de-samsung-electronics-han-jong-hee-de-63-anos-pasa-debido-al-ataque-cardiaco","status":"publish","type":"post","link":"https:\/\/noticiasveraces.com\/?p=20076","title":{"rendered":"El co-CEO de Samsung Electronics, Han Jong-hee, de 63 a\u00f1os, pasa debido al ataque card\u00edaco"},"content":{"rendered":"<p> \n<\/p>\n<div id=\"RegularArticle-ArticleBody-5\" data-module=\"ArticleBody\" data-test=\"articleBody-2\" data-analytics=\"RegularArticle-articleBody-5-2\"><span class=\"HighlightShare-hidden\" style=\"top:0;left:0\"\/><\/p>\n<div class=\"InlineImage-imageEmbed\" id=\"ArticleBody-InlineImage-108120651\" data-test=\"InlineImage\">\n<div class=\"InlineImage-wrapper\">\n<div>\n<p>Han Jong-Hee, copresidente ejecutivo de Samsung Electronics Co., en la reuni\u00f3n general anual de la compa\u00f1\u00eda en el Centro de Convenciones Suwon en Suwon, Corea del Sur, el mi\u00e9rcoles 19 de marzo de 2025. <\/p>\n<p>Bloomberg | Bloomberg | Getty Images<\/p>\n<\/div>\n<\/div>\n<\/div>\n<div class=\"group\">\n<p>Corea del Sur <span class=\"QuoteInBody-quoteNameContainer\" data-test=\"QuoteInBody\" id=\"RegularArticle-QuoteInBody-1\">Electr\u00f3nica Samsung<span class=\"QuoteInBody-inlineButton\"><span class=\"AddToWatchlistButton-watchlistContainer\" id=\"-WatchlistDropdown\" data-analytics-id=\"-WatchlistDropdown\"><button class=\"AddToWatchlistButton-watchlistButton\" aria-label=\"Add To Watchlist\" data-testid=\"dropdown-btn\"><span class=\"AddToWatchlistButton-addWatchListFromTag\"\/><\/button><\/span><\/span><\/span>  El martes dijo que su co-CEO Han Jong-Hee, de 63 a\u00f1os, falleci\u00f3 debido a un ataque card\u00edaco. <\/p>\n<p>Dirigi\u00f3 la divisi\u00f3n de electrodom\u00e9sticos digitales de Samsung, as\u00ed como su unidad de experiencia en dispositivos, que incluye tel\u00e9fonos m\u00f3viles y electrodom\u00e9sticos. <\/p>\n<p>Han se uni\u00f3 a Samsung en 1988, aumentando a lo largo de los rangos a lo largo de los a\u00f1os y convirti\u00e9ndose en el jefe del equipo de investigaci\u00f3n y desarrollo de productos en la divisi\u00f3n de visualizaci\u00f3n visual de la compa\u00f1\u00eda en 2011. Fue nombrado CEO en 2022, seg\u00fan el sitio web de la compa\u00f1\u00eda.<\/p>\n<p>La compa\u00f1\u00eda en una declaraci\u00f3n acredit\u00f3 a Han por ayudar a Samsung a convertirse en un l\u00edder mundial en negocios de televisi\u00f3n y por contribuir al crecimiento de la compa\u00f1\u00eda como ejecutivo durante un entorno empresarial desafiante.<\/p>\n<p>\u00abNuestras m\u00e1s profundas condolencias est\u00e1n con su familia y sus seres queridos durante este momento dif\u00edcil\u00bb, dijo Samsung.<\/p>\n<p>Han, uno de los cuatro directores ejecutivos en la junta de Samsung, hab\u00eda organizado la reuni\u00f3n anual de accionistas generales de la compa\u00f1\u00eda en Suwon, Corea del Sur, hace solo una semana, presentando preguntas sobre el pobre desempe\u00f1o de las acciones de la empresa.<\/p>\n<p>La compa\u00f1\u00eda dijo que Jun Young-Hyun, quien fue nombrado co-CEO en noviembre del a\u00f1o pasado, se convertir\u00e1 en el \u00fanico CEO.<\/p>\n<p>El a\u00f1o pasado, Samsung anunci\u00f3 los cambios en el liderazgo de su memoria y las divisiones de chips de fundici\u00f3n en medio de una intensa competencia en el espacio de semiconductores, nombrando a Jun como co-CEO y jefe del brazo de chip de memoria.<\/p>\n<\/div>\n<\/div>\n\n","protected":false},"excerpt":{"rendered":"<p>Han Jong-Hee, copresidente ejecutivo de Samsung Electronics Co., en la reuni\u00f3n general anual de la compa\u00f1\u00eda en el Centro de Convenciones Suwon en Suwon, Corea del Sur, el mi\u00e9rcoles 19 de marzo de 2025. Bloomberg | Bloomberg | Getty Images Corea del Sur Electr\u00f3nica Samsung El martes dijo que su co-CEO Han Jong-Hee, de 63 &hellip;<\/p>\n","protected":false},"author":1,"featured_media":20077,"comment_status":"open","ping_status":"open","sticky":false,"template":"","format":"standard","meta":{"fifu_image_url":"https:\/\/image.cnbcfm.com\/api\/v1\/image\/108120651-1742865383354-gettyimages-2205254040-SKOREA_SAMSUNG.jpeg?v=1742865400&w=1920&h=1080","fifu_image_alt":"","footnotes":""},"categories":[2],"tags":[],"class_list":["post-20076","post","type-post","status-publish","format-standard","has-post-thumbnail","","category-tecnologia"],"_links":{"self":[{"href":"https:\/\/noticiasveraces.com\/index.php?rest_route=\/wp\/v2\/posts\/20076","targetHints":{"allow":["GET"]}}],"collection":[{"href":"https:\/\/noticiasveraces.com\/index.php?rest_route=\/wp\/v2\/posts"}],"about":[{"href":"https:\/\/noticiasveraces.com\/index.php?rest_route=\/wp\/v2\/types\/post"}],"author":[{"embeddable":true,"href":"https:\/\/noticiasveraces.com\/index.php?rest_route=\/wp\/v2\/users\/1"}],"replies":[{"embeddable":true,"href":"https:\/\/noticiasveraces.com\/index.php?rest_route=%2Fwp%2Fv2%2Fcomments&post=20076"}],"version-history":[{"count":0,"href":"https:\/\/noticiasveraces.com\/index.php?rest_route=\/wp\/v2\/posts\/20076\/revisions"}],"wp:featuredmedia":[{"embeddable":true,"href":"https:\/\/noticiasveraces.com\/index.php?rest_route=\/wp\/v2\/media\/20077"}],"wp:attachment":[{"href":"https:\/\/noticiasveraces.com\/index.php?rest_route=%2Fwp%2Fv2%2Fmedia&parent=20076"}],"wp:term":[{"taxonomy":"category","embeddable":true,"href":"https:\/\/noticiasveraces.com\/index.php?rest_route=%2Fwp%2Fv2%2Fcategories&post=20076"},{"taxonomy":"post_tag","embeddable":true,"href":"https:\/\/noticiasveraces.com\/index.php?rest_route=%2Fwp%2Fv2%2Ftags&post=20076"}],"curies":[{"name":"wp","href":"https:\/\/api.w.org\/{rel}","templated":true}]}}