{"id":20044,"date":"2025-03-24T19:30:18","date_gmt":"2025-03-24T23:30:18","guid":{"rendered":"https:\/\/noticiasveraces.com\/?p=20044"},"modified":"2025-03-24T19:30:18","modified_gmt":"2025-03-24T23:30:18","slug":"el-misterio-detras-del-desmayo-de-200-ninas-en-colombia","status":"publish","type":"post","link":"https:\/\/noticiasveraces.com\/?p=20044","title":{"rendered":"El misterio detr\u00e1s del desmayo de 200 ni\u00f1as en Colombia"},"content":{"rendered":"<p> \n<\/p>\n<div id=\"\">\n<figure class=\"bbc-1qn0xuy\">\n<div class=\"bbc-j1srjl\" style=\"padding-bottom:56.25%\"><img loading=\"lazy\" decoding=\"async\" srcset=\"https:\/\/ichef.bbci.co.uk\/ace\/ws\/240\/amz\/worldservice\/live\/assets\/images\/2014\/08\/29\/140829162535_salud_colombia_misterio_desmayos_624x351_elheraldo.jpg.webp 240w, https:\/\/ichef.bbci.co.uk\/ace\/ws\/320\/amz\/worldservice\/live\/assets\/images\/2014\/08\/29\/140829162535_salud_colombia_misterio_desmayos_624x351_elheraldo.jpg.webp 320w, https:\/\/ichef.bbci.co.uk\/ace\/ws\/480\/amz\/worldservice\/live\/assets\/images\/2014\/08\/29\/140829162535_salud_colombia_misterio_desmayos_624x351_elheraldo.jpg.webp 480w, https:\/\/ichef.bbci.co.uk\/ace\/ws\/624\/amz\/worldservice\/live\/assets\/images\/2014\/08\/29\/140829162535_salud_colombia_misterio_desmayos_624x351_elheraldo.jpg.webp 624w\" sizes=\"auto, (min-width: 1008px) 760px, 100vw\" alt=\"Ni\u00f1a desmayada en El Carmen de Bol\u00edvar, Colombia.\" width=\"624\" height=\"351\" src=\"aspect-ratio:624 \/ 351\" class=\"bbc-139onq\"\/><\/p>\n<p class=\"bbc-by8ykd\" role=\"text\"><span class=\"bbc-m04vo2\">Fuente de la imagen, <\/span><span lang=\"en-GB\">EL HERALDO<\/span><\/p>\n<\/div><figcaption class=\"bbc-15f1ujd\" dir=\"ltr\"><span role=\"text\"><span class=\"bbc-m04vo2\">Pie de foto, <\/span><span data-testid=\"caption-paragraph\">Los desmayos son una de las reacciones que han sufrido 200 ni\u00f1as de El Carmen de Bol\u00edvar.<\/span><\/span><\/figcaption><\/figure>\n<section role=\"region\" aria-labelledby=\"article-byline\" class=\"bbc-1vjaf6b\"><strong id=\"article-byline\" aria-hidden=\"true\" class=\"bbc-m04vo2\">Informaci\u00f3n del art\u00edculo<\/strong><\/p>\n<ul role=\"list\" class=\"bbc-1rvtlej\">\n<li><span role=\"text\"><span class=\"bbc-m04vo2\">Autor, <\/span><span class=\"bbc-1ypcc2\">Leire Ventas<\/span><\/span><\/li>\n<li><span role=\"text\"><span class=\"bbc-m04vo2\">T\u00edtulo del autor, <!-- --> <\/span><span class=\"bbc-1y5sx98\">BBC Mundo<\/span><\/span><\/li>\n<li class=\"bbc-v8pmqw\">\n<p><time datetime=\"2014-08-29\" class=\"bbc-1dafq0j e1mklfmt0\">29 de agosto de 2014<\/time><\/p>\n<\/li>\n<\/ul>\n<\/section>\n<div dir=\"ltr\" class=\"bbc-19j92fr ebmt73l0\">\n<p dir=\"ltr\" class=\"bbc-hhl7in e17g058b0\"><b>En los \u00faltimos 12 d\u00edas, los m\u00e9dicos de El Carmen de Bol\u00edvar, una ciudad monta\u00f1osa del norte de Colombia, han atendido a 200 ni\u00f1as con s\u00edntomas comunes: desmayos, mareo, dolor de cabeza, adormecimiento y hormigueo en varias partes del cuerpo. Qu\u00e9 fue lo que caus\u00f3 las reacciones es a\u00fan un misterio.<\/b><\/p>\n<\/div>\n<div dir=\"ltr\" class=\"bbc-19j92fr ebmt73l0\">\n<p dir=\"ltr\" class=\"bbc-hhl7in e17g058b0\">No han sido las primeras con un cuadro similar en llegar al Hospital Nuestra Se\u00f1ora del Carmen.<\/p>\n<\/div>\n<div dir=\"ltr\" class=\"bbc-19j92fr ebmt73l0\">\n<p dir=\"ltr\" class=\"bbc-hhl7in e17g058b0\">Seg\u00fan el alcalde de la localidad, Francisco Vega, se han registrado en total 276 casos desde mediados de a\u00f1o. Todas adolescentes y la mayor\u00eda estudiantes del colegio Esp\u00edritu Santo.<\/p>\n<\/div>\n<div dir=\"ltr\" class=\"bbc-19j92fr ebmt73l0\">\n<p dir=\"ltr\" class=\"bbc-hhl7in e17g058b0\">Sin embargo, el ministro de Salud colombiano, Alejandro Gaviria, habl\u00f3 el jueves de 246 ni\u00f1as con \u00abs\u00edntomas bizarros\u00bb.<\/p>\n<\/div>\n<section aria-label=\"Publicidad 2\" aria-hidden=\"true\" role=\"region\" data-e2e=\"advertisement\" class=\"bbc-geybui\"\/>\n<div dir=\"ltr\" class=\"bbc-19j92fr ebmt73l0\">\n<p dir=\"ltr\" class=\"bbc-hhl7in e17g058b0\">Si existe disparidad de cifras, mayor a\u00fan es el terreno para la especulaci\u00f3n sobre las causas. A falta de un diagn\u00f3stico, son varias las teor\u00edas que corren de boca en boca.<\/p>\n<\/div>\n<div dir=\"ltr\" class=\"bbc-19j92fr ebmt73l0\">\n<p dir=\"ltr\" class=\"bbc-hhl7in e17g058b0\">Para acallar conjeturas, sobre todo la de aquellos que vinculan los casos a una reacci\u00f3n adversa ante la vacuna contra el Virus del Papiloma Humano (VPH), el ministro de Salud remarc\u00f3 en rueda de prensa una hip\u00f3tesis que barajan los expertos, \u00abla que en este momento parece m\u00e1s probable\u00bb.<\/p>\n<\/div>\n<div dir=\"ltr\" class=\"bbc-19j92fr ebmt73l0\">\n<p dir=\"ltr\" class=\"bbc-hhl7in e17g058b0\">Seg\u00fan Gaviria, se trata de \u00abrespuestas psicog\u00e9nicas masivas\u00bb.<\/p>\n<\/div>\n<p><h2 id=\"Temor-colectivo\" tabindex=\"-1\" class=\"bbc-1lgzob2 eglt09e0\">\u00abTemor colectivo\u00bb<\/h2>\n<\/p>\n<div dir=\"ltr\" class=\"bbc-19j92fr ebmt73l0\">\n<p dir=\"ltr\" class=\"bbc-hhl7in e17g058b0\">\u00abLa respuesta psicog\u00e9nica masiva es una especie de sugesti\u00f3n, de temor colectivo que se contagia de un lado a otro y que termina presentando un fen\u00f3meno extra\u00f1o\u00bb, explic\u00f3 el ministro ante los periodistas.<\/p>\n<\/div>\n<div dir=\"ltr\" class=\"bbc-19j92fr ebmt73l0\">\n<p dir=\"ltr\" class=\"bbc-hhl7in e17g058b0\">\u00abSe presentan los s\u00edntomas, pero cuando los m\u00e9dicos van a examinar cl\u00ednicamente a las ni\u00f1as no encuentran ning\u00fan signo de enfermedad\u00bb.<\/p>\n<\/div>\n<div dir=\"ltr\" class=\"bbc-19j92fr ebmt73l0\">\n<p dir=\"ltr\" class=\"bbc-hhl7in e17g058b0\">Mencion\u00f3 casos similares, uno que tuvo lugar en Taiw\u00e1n, tras una vacunaci\u00f3n masiva para prevenir la gripe N1H1, y otro en Australia, pero sin dar fechas ni mayores detalles.<\/p>\n<\/div>\n<div dir=\"ltr\" class=\"bbc-19j92fr ebmt73l0\">\n<p dir=\"ltr\" class=\"bbc-hhl7in e17g058b0\">Sin embargo, Gaviria insisti\u00f3 en que las ni\u00f1as s\u00ed est\u00e1n enfermas.<\/p>\n<\/div>\n<div dir=\"ltr\" class=\"bbc-19j92fr ebmt73l0\">\n<p dir=\"ltr\" class=\"bbc-hhl7in e17g058b0\">\u00abNo es que las ni\u00f1as no est\u00e9n enfermas, s\u00ed lo est\u00e1n. No es que hayamos subestimado el problema. El problema hay que tom\u00e1rselo en serio y seguiremos acompa\u00f1ando a la comunidad, pero esto no parece ser un problema de una enfermedad cl\u00ednica\u00bb.<\/p>\n<\/div>\n<figure class=\"bbc-1qn0xuy\">\n<div class=\"bbc-j1srjl\" style=\"padding-bottom:56.25%\"><img decoding=\"async\" srcset=\"https:\/\/ichef.bbci.co.uk\/ace\/ws\/240\/amz\/worldservice\/live\/assets\/images\/2014\/08\/29\/140829162949_salud_colombia_misterio_desmayos_304x171_elheraldo.jpg.webp 240w, https:\/\/ichef.bbci.co.uk\/ace\/ws\/304\/amz\/worldservice\/live\/assets\/images\/2014\/08\/29\/140829162949_salud_colombia_misterio_desmayos_304x171_elheraldo.jpg.webp 304w\" sizes=\"auto, (min-width: 1008px) 760px, 100vw\" alt=\"Ni\u00f1a desmayada.\" loading=\"lazy\" width=\"304\" height=\"171\" src=\"aspect-ratio:304 \/ 171\" class=\"bbc-139onq\"\/><\/p>\n<p class=\"bbc-by8ykd\" role=\"text\"><span class=\"bbc-m04vo2\">Fuente de la imagen, <\/span><span lang=\"en-GB\">EL HERALDO<\/span><\/p>\n<\/div><figcaption class=\"bbc-15f1ujd\" dir=\"ltr\"><span role=\"text\"><span class=\"bbc-m04vo2\">Pie de foto, <\/span><span data-testid=\"caption-paragraph\">El 21 de marzo recibieron las primeras ni\u00f1as desmayadas en el Hospital Nuestra Se\u00f1ora del Carmen.<\/span><\/span><\/figcaption><\/figure>\n<div dir=\"ltr\" class=\"bbc-19j92fr ebmt73l0\">\n<p dir=\"ltr\" class=\"bbc-hhl7in e17g058b0\">Y adelant\u00f3 que el Ministerio quiere trabajar esta semana con la Asociaci\u00f3n Colombiana de Psiquiatr\u00eda, que se ha mostrado dispuesta a desplazarse a El Carmen de Bol\u00edvar.<\/p>\n<\/div>\n<div dir=\"ltr\" class=\"bbc-19j92fr ebmt73l0\">\n<p dir=\"ltr\" class=\"bbc-hhl7in e17g058b0\">Dicho esto, descart\u00f3 que exista una raz\u00f3n \u00abcl\u00ednica\u00bb y que la vacuna del VPH tenga que ver con el fen\u00f3meno. \u00abNo existen evidencias\u00bb, matiz\u00f3, e insisti\u00f3 que \u00e9sta tiene el aval de la Organizaci\u00f3n Mundial de la Salud, la Organizaci\u00f3n Panamericana de Salud \u00aby todas las asociaciones cient\u00edficas\u00bb.<\/p>\n<\/div>\n<div dir=\"ltr\" class=\"bbc-19j92fr ebmt73l0\">\n<caption>\n<p>Lea tambi\u00e9n: El virus del papiloma humano y la vacuna de la discordia.<\/caption>\n<p><url href=\"&quot;http:\/\/www.bbc.co.uk\/mundo\/noticias\/2014\/08\/140827_salud_polemica_vacuna_virus_papiloma_humano_lv.shtml&quot;\" platform=\"&quot;highweb&quot;\/\"\/><\/div>\n<p><h2 id=\"Enojo-de-padres\" tabindex=\"-1\" class=\"bbc-1lgzob2 eglt09e0\">Enojo de padres<\/h2>\n<\/p>\n<div dir=\"ltr\" class=\"bbc-19j92fr ebmt73l0\">\n<p dir=\"ltr\" class=\"bbc-hhl7in e17g058b0\">Las explicaciones del ministro, sin embargo, no han satisfecho a todos.<\/p>\n<\/div>\n<div dir=\"ltr\" class=\"bbc-19j92fr ebmt73l0\">\n<p dir=\"ltr\" class=\"bbc-hhl7in e17g058b0\">\u00abLa rueda de prensa calde\u00f3 los \u00e1nimos de varios padres\u00bb, explic\u00f3 a BBC Mundo Vicente Arcieri, jefe de informaci\u00f3n de la redacci\u00f3n que el peri\u00f3dico<i class=\"bbc-h1y5j7 eih42320\"> El Heraldo<\/i> tiene en Cartagena de Indias.<\/p>\n<\/div>\n<div dir=\"ltr\" class=\"bbc-19j92fr ebmt73l0\">\n<p dir=\"ltr\" class=\"bbc-hhl7in e17g058b0\">Una hora despu\u00e9s de la conferencia de prensa, varias personas cortaron durante cinco horas la Troncal de Occidente, la carretera que uno el interior del pa\u00eds con la costa, en protesta por la postura de las autoridades.<\/p>\n<\/div>\n<div dir=\"ltr\" class=\"bbc-19j92fr ebmt73l0\">\n<p dir=\"ltr\" class=\"bbc-hhl7in e17g058b0\">Arcieri est\u00e1 siguiendo de cerca el caso.<\/p>\n<\/div>\n<div dir=\"ltr\" class=\"bbc-19j92fr ebmt73l0\">\n<p dir=\"ltr\" class=\"bbc-hhl7in e17g058b0\">El jueves estuvo en el Hospital Nuestra Se\u00f1ora del Carmen e inform\u00f3 a BBC Mundo que ese d\u00eda ingresaron 10 ni\u00f1as con los s\u00edntomas ya mencionados.<\/p>\n<\/div>\n<p><h2 id=\"Meses-sin-respuesta\" tabindex=\"-1\" class=\"bbc-1lgzob2 eglt09e0\">Meses sin respuesta<\/h2>\n<\/p>\n<div dir=\"ltr\" class=\"bbc-19j92fr ebmt73l0\">\n<p dir=\"ltr\" class=\"bbc-hhl7in e17g058b0\">Son los \u00faltimos casos de un fen\u00f3meno que lleva meses preocupando a ciudadanos y autoridades.<\/p>\n<\/div>\n<div dir=\"ltr\" class=\"bbc-19j92fr ebmt73l0\">\n<p dir=\"ltr\" class=\"bbc-hhl7in e17g058b0\">Diez de las pacientes que acudieron primero al Hospital Nuestra Se\u00f1ora del Carmen est\u00e1n siendo tratadas en Bogot\u00e1, en el Hospital Infantil Universitario de San Jos\u00e9.<\/p>\n<\/div>\n<div dir=\"ltr\" class=\"bbc-19j92fr ebmt73l0\">\n<p dir=\"ltr\" class=\"bbc-hhl7in e17g058b0\">Una de ellas es la hija de Mar\u00eda Romero. Fue la primera de las que mostr\u00f3 los s\u00edntomas en El Carmen de Bol\u00edvar, el 21 de marzo. Entonces acudieron por primera vez al centro de salud de su localidad, al que volvieron por la misma raz\u00f3n el 23 de abril.<\/p>\n<\/div>\n<div dir=\"ltr\" class=\"bbc-19j92fr ebmt73l0\">\n<p dir=\"ltr\" class=\"bbc-hhl7in e17g058b0\">\u00abDesde entonces no hemos tenido descanso\u00bb, cont\u00f3 la madre a BBC Mundo por tel\u00e9fono desde la capital colombiana.<\/p>\n<\/div>\n<div dir=\"ltr\" class=\"bbc-19j92fr ebmt73l0\">\n<p dir=\"ltr\" class=\"bbc-hhl7in e17g058b0\">En el hospital bogotano le dijeron que una prueba hab\u00eda concluido que su hija tiene intoxicaci\u00f3n por plomo, as\u00ed como otra de las ni\u00f1as.<\/p>\n<\/div>\n<div dir=\"ltr\" class=\"bbc-19j92fr ebmt73l0\">\n<p dir=\"ltr\" class=\"bbc-hhl7in e17g058b0\">El jefe de toxicolog\u00eda del centro, Camilo Uribe, explic\u00f3 el mi\u00e9rcoles al diario colombiano <i class=\"bbc-h1y5j7 eih42320\">El Tiempo<\/i> que no hab\u00eda caracter\u00edsticas claras ni espec\u00edficas que indicaran qu\u00e9 pod\u00edan tener las otras pacientes. Y agreg\u00f3 que los pr\u00f3ximos ex\u00e1menes estar\u00edan enfocados en endocrinolog\u00eda, inmunolog\u00eda y psiquiatr\u00eda.<\/p>\n<\/div>\n<div dir=\"ltr\" class=\"bbc-19j92fr ebmt73l0\">\n<p dir=\"ltr\" class=\"bbc-hhl7in e17g058b0\">Las autoridades informaron de que pasar\u00e1 al menos una semana para que puedan dar el diagn\u00f3stico. Una respuesta que disipe el misterio y tranquilice los \u00e1nimos.<\/p>\n<\/div>\n<\/div>\n\n","protected":false},"excerpt":{"rendered":"<p>Fuente de la imagen, EL HERALDO Pie de foto, Los desmayos son una de las reacciones que han sufrido 200 ni\u00f1as de El Carmen de Bol\u00edvar. Informaci\u00f3n del art\u00edculo Autor, Leire Ventas T\u00edtulo del autor, BBC Mundo 29 de agosto de 2014 En los \u00faltimos 12 d\u00edas, los m\u00e9dicos de El Carmen de Bol\u00edvar, una &hellip;<\/p>\n","protected":false},"author":1,"featured_media":20045,"comment_status":"open","ping_status":"open","sticky":false,"template":"","format":"standard","meta":{"fifu_image_url":"aspect-ratio:624%20\/%20351","fifu_image_alt":"","footnotes":""},"categories":[8],"tags":[],"class_list":["post-20044","post","type-post","status-publish","format-standard","has-post-thumbnail","","category-salud"],"_links":{"self":[{"href":"https:\/\/noticiasveraces.com\/index.php?rest_route=\/wp\/v2\/posts\/20044","targetHints":{"allow":["GET"]}}],"collection":[{"href":"https:\/\/noticiasveraces.com\/index.php?rest_route=\/wp\/v2\/posts"}],"about":[{"href":"https:\/\/noticiasveraces.com\/index.php?rest_route=\/wp\/v2\/types\/post"}],"author":[{"embeddable":true,"href":"https:\/\/noticiasveraces.com\/index.php?rest_route=\/wp\/v2\/users\/1"}],"replies":[{"embeddable":true,"href":"https:\/\/noticiasveraces.com\/index.php?rest_route=%2Fwp%2Fv2%2Fcomments&post=20044"}],"version-history":[{"count":0,"href":"https:\/\/noticiasveraces.com\/index.php?rest_route=\/wp\/v2\/posts\/20044\/revisions"}],"wp:featuredmedia":[{"embeddable":true,"href":"https:\/\/noticiasveraces.com\/index.php?rest_route=\/wp\/v2\/media\/20045"}],"wp:attachment":[{"href":"https:\/\/noticiasveraces.com\/index.php?rest_route=%2Fwp%2Fv2%2Fmedia&parent=20044"}],"wp:term":[{"taxonomy":"category","embeddable":true,"href":"https:\/\/noticiasveraces.com\/index.php?rest_route=%2Fwp%2Fv2%2Fcategories&post=20044"},{"taxonomy":"post_tag","embeddable":true,"href":"https:\/\/noticiasveraces.com\/index.php?rest_route=%2Fwp%2Fv2%2Ftags&post=20044"}],"curies":[{"name":"wp","href":"https:\/\/api.w.org\/{rel}","templated":true}]}}