{"id":20037,"date":"2025-03-24T18:37:37","date_gmt":"2025-03-24T22:37:37","guid":{"rendered":"https:\/\/noticiasveraces.com\/?p=20037"},"modified":"2025-03-24T18:37:37","modified_gmt":"2025-03-24T22:37:37","slug":"meta-lanza-por-fin-en-europa-su-asistente-de-ia-para-whatsapp-instagram-y-facebook-tecnologia","status":"publish","type":"post","link":"https:\/\/noticiasveraces.com\/?p=20037","title":{"rendered":"Meta lanza por fin en Europa su asistente de IA para WhatsApp, Instagram y Facebook | Tecnolog\u00eda"},"content":{"rendered":"<p> \n<br \/><img decoding=\"async\" src=\"https:\/\/imagenes.elpais.com\/resizer\/v2\/PVJTH33P4ZABJFBKT6C6V377VI.jpeg?auth=995f057edd233ba3c2c76ba0c05ef26b2d9e714287ea1fe7437807b7f9ffd4cc\" \/><\/p>\n<div data-dtm-region=\"articulo_cuerpo\">\n<p class=\"\">Meta ha empezado a desplegar por fin en Europa su asistente de IA en sus aplicaciones de redes y mensajer\u00eda: WhatsApp, Instagram, Facebook y Messenger. MetaAI llega ahora a Europa pero su lanzamiento original fue en Estados Unidos en 2023. Los usuarios ir\u00e1n viendo la opci\u00f3n de \u201cchatear con la IA\u201d en forma de un peque\u00f1o c\u00edrculo azul en sus pantallas progresivamente durante los pr\u00f3ximos d\u00edas. No aparecer\u00e1 a la vez en todos los dispositivos, advierte la compa\u00f1\u00eda: \u201cEsta funci\u00f3n solo est\u00e1 disponible en ciertos pa\u00edses y es posible que a\u00fan no est\u00e9 disponible para ti, incluso si otros usuarios en tu pa\u00eds tienen acceso\u201d. De momento estar\u00e1 solo disponible en seis lenguas del continente: espa\u00f1ol, ingl\u00e9s, franc\u00e9s, italiano, alem\u00e1n y portugu\u00e9s.<\/p>\n<div id=\"sum_twitter\" data-oembed-type=\"twitter\" class=\"a_em _df\">\n<blockquote class=\"twitter-tweet\">\n<p lang=\"en\" dir=\"ltr\">Meta AI a trav\u00e9s de WhatsApp se lanza ahora en la UE y el Reino Unido, disponible para responder sus preguntas m\u00e1s r\u00e1pido de lo que puede beber su espresso \ud83d\ude0c<\/p>\n<p>&#8211; whatsapp (@whatsapp) <a href=\"https:\/\/twitter.com\/WhatsApp\/status\/1903031901624910297?ref_src=twsrc%5Etfw\">21 de marzo de 2025<\/a><\/p><\/blockquote>\n<\/div>\n<p class=\"\">La funci\u00f3n servir\u00e1 para chatear individualmente con el asistente o para invocar su participaci\u00f3n en cualquier chat en marcha de WhatsApp escribiendo \u201c@MetaAI\u201d. En las redes sociales permitir\u00e1 refinar la b\u00fasqueda de posts o v\u00eddeos cortos sobre determinados temas o lugares.<\/p>\n<p class=\"\">La funci\u00f3n permitir\u00e1 generar tambi\u00e9n im\u00e1genes y editarlas. Meta dice que podr\u00e1 leer \u00fanicamente los mensajes dirigidos a su IA, no el resto: \u201cMeta solo puede leer los mensajes que mencionan a @MetaAI o aquellos que las personas eligen compartir con Meta AI. Meta no puede leer ning\u00fan otro mensaje en tus chats personales\u201d, dice la empresa.<\/p>\n<\/div>\n<p><script async src=\"https:\/\/platform.twitter.com\/widgets.js\" charset=\"utf-8\"><\/script><br \/>\n<br \/>\n","protected":false},"excerpt":{"rendered":"<p>Meta ha empezado a desplegar por fin en Europa su asistente de IA en sus aplicaciones de redes y mensajer\u00eda: WhatsApp, Instagram, Facebook y Messenger. MetaAI llega ahora a Europa pero su lanzamiento original fue en Estados Unidos en 2023. Los usuarios ir\u00e1n viendo la opci\u00f3n de \u201cchatear con la IA\u201d en forma de un &hellip;<\/p>\n","protected":false},"author":1,"featured_media":20039,"comment_status":"open","ping_status":"open","sticky":false,"template":"","format":"standard","meta":{"fifu_image_url":"https:\/\/imagenes.elpais.com\/resizer\/v2\/PVJTH33P4ZABJFBKT6C6V377VI.jpeg?auth=995f057edd233ba3c2c76ba0c05ef26b2d9e714287ea1fe7437807b7f9ffd4cc&width=1200","fifu_image_alt":"","footnotes":""},"categories":[2],"tags":[],"class_list":["post-20037","post","type-post","status-publish","format-standard","has-post-thumbnail","","category-tecnologia"],"_links":{"self":[{"href":"https:\/\/noticiasveraces.com\/index.php?rest_route=\/wp\/v2\/posts\/20037","targetHints":{"allow":["GET"]}}],"collection":[{"href":"https:\/\/noticiasveraces.com\/index.php?rest_route=\/wp\/v2\/posts"}],"about":[{"href":"https:\/\/noticiasveraces.com\/index.php?rest_route=\/wp\/v2\/types\/post"}],"author":[{"embeddable":true,"href":"https:\/\/noticiasveraces.com\/index.php?rest_route=\/wp\/v2\/users\/1"}],"replies":[{"embeddable":true,"href":"https:\/\/noticiasveraces.com\/index.php?rest_route=%2Fwp%2Fv2%2Fcomments&post=20037"}],"version-history":[{"count":0,"href":"https:\/\/noticiasveraces.com\/index.php?rest_route=\/wp\/v2\/posts\/20037\/revisions"}],"wp:featuredmedia":[{"embeddable":true,"href":"https:\/\/noticiasveraces.com\/index.php?rest_route=\/wp\/v2\/media\/20039"}],"wp:attachment":[{"href":"https:\/\/noticiasveraces.com\/index.php?rest_route=%2Fwp%2Fv2%2Fmedia&parent=20037"}],"wp:term":[{"taxonomy":"category","embeddable":true,"href":"https:\/\/noticiasveraces.com\/index.php?rest_route=%2Fwp%2Fv2%2Fcategories&post=20037"},{"taxonomy":"post_tag","embeddable":true,"href":"https:\/\/noticiasveraces.com\/index.php?rest_route=%2Fwp%2Fv2%2Ftags&post=20037"}],"curies":[{"name":"wp","href":"https:\/\/api.w.org\/{rel}","templated":true}]}}