{"id":20028,"date":"2025-03-24T16:49:47","date_gmt":"2025-03-24T20:49:47","guid":{"rendered":"https:\/\/noticiasveraces.com\/?p=20028"},"modified":"2025-03-24T16:49:47","modified_gmt":"2025-03-24T20:49:47","slug":"protestas-en-curso-en-turquia-a-raiz-del-arresto-del-alcalde-de-estambul","status":"publish","type":"post","link":"https:\/\/noticiasveraces.com\/?p=20028","title":{"rendered":"Protestas en curso en Turqu\u00eda a ra\u00edz del arresto del alcalde de Estambul"},"content":{"rendered":"<p> \n<\/p>\n<div>\n<div class=\"featured featured-video video-ct\" data-v-5b44a610=\"\"><!----> <\/p>\n<div class=\"contain\" data-v-5b44a610=\"\">\n<div class=\"info\" data-v-5b44a610=\"\">\n<div class=\"caption\" data-v-5b44a610=\"\">\n<h4 class=\"title\" data-v-5b44a610=\"\">Manitistas de spray de pimienta de la polic\u00eda turca en Estambul <\/h4>\n<p data-v-5b44a610=\"\">Los oficiales de polic\u00eda vieron a Pepper que pulverizan a los manifestantes mientras la gente se reun\u00eda en apoyo del alcalde de Estambul Ekrem Imamoglu, cerca del edificio del Municipio Metropolitano de Estambul, en Estambul, Turqu\u00eda, 23 de marzo de 2025. (Cr\u00e9dito: Reuters)<\/p>\n<\/div>\n<\/div>\n<\/div>\n<\/div>\n<p class=\"speakable\">El reciente arresto del alcalde de Estambul Ekrem \u0307mamo\u011flu y el principal rival del presidente Erdogan han provocado las protestas m\u00e1s grandes en Turqu\u00eda en una d\u00e9cada, con m\u00e1s de 1.100 personas detenidas en manifestaciones en todo el pa\u00eds.<\/p>\n<p class=\"speakable\">El alcalde de Estambul y otros 106 funcionarios y pol\u00edticos municipales fueron detenidos el 19 de marzo por lo que Human Rights Watch llam\u00f3 un movimiento pol\u00edticamente motivado para sofocar actividades pol\u00edticas legales.<\/p>\n<p>\u00abAl obligar a Imamoglu a salir de la pol\u00edtica, el gobierno ha cruzado la l\u00ednea que separa al r\u00e9gimen autoritario competitivo de Turqu\u00eda de una autocracia completa de estilo ruso en el que el presidente selecciona a sus oponentes y elecciones son puramente para mostrar\u00bb, dijo Gonul Tol, director de un programa turco del Instituto Medio Oriente, dijo Fox News Digital.<\/p>\n<p><strong>Las autoridades turcas arrestan al rival clave de Erdogan; Los cr\u00edticos dicen que no es &#8216;sin coincidencia&#8217;<\/strong><\/p>\n<div class=\"image-ct inline\">\n<div class=\"m\"><picture><source media=\"(max-width: 767px)\" srcset=\"https:\/\/a57.foxnews.com\/static.foxnews.com\/foxnews.com\/content\/uploads\/2025\/03\/343\/192\/2025-03-23t182448z_1156662030_rc25jda627sz_rtrmadp_3_turkey-opposition-protest.jpg?ve=1&amp;tl=1, https:\/\/a57.foxnews.com\/static.foxnews.com\/foxnews.com\/content\/uploads\/2025\/03\/686\/384\/2025-03-23t182448z_1156662030_rc25jda627sz_rtrmadp_3_turkey-opposition-protest.jpg?ve=1&amp;tl=1 2x\" height=\"192\" width=\"343\"><source media=\"(min-width: 768px) and (max-width: 1023px)\" srcset=\"https:\/\/a57.foxnews.com\/static.foxnews.com\/foxnews.com\/content\/uploads\/2025\/03\/672\/378\/2025-03-23t182448z_1156662030_rc25jda627sz_rtrmadp_3_turkey-opposition-protest.jpg?ve=1&amp;tl=1, https:\/\/a57.foxnews.com\/static.foxnews.com\/foxnews.com\/content\/uploads\/2025\/03\/1344\/756\/2025-03-23t182448z_1156662030_rc25jda627sz_rtrmadp_3_turkey-opposition-protest.jpg?ve=1&amp;tl=1 2x\" height=\"378\" width=\"672\"><source media=\"(min-width: 1024px) and (max-width: 1279px)\" srcset=\"https:\/\/a57.foxnews.com\/static.foxnews.com\/foxnews.com\/content\/uploads\/2025\/03\/931\/523\/2025-03-23t182448z_1156662030_rc25jda627sz_rtrmadp_3_turkey-opposition-protest.jpg?ve=1&amp;tl=1, https:\/\/a57.foxnews.com\/static.foxnews.com\/foxnews.com\/content\/uploads\/2025\/03\/1862\/1046\/2025-03-23t182448z_1156662030_rc25jda627sz_rtrmadp_3_turkey-opposition-protest.jpg?ve=1&amp;tl=1 2x\" height=\"523\" width=\"931\"><source media=\"(min-width: 1280px)\" srcset=\"https:\/\/a57.foxnews.com\/static.foxnews.com\/foxnews.com\/content\/uploads\/2025\/03\/720\/405\/2025-03-23t182448z_1156662030_rc25jda627sz_rtrmadp_3_turkey-opposition-protest.jpg?ve=1&amp;tl=1, https:\/\/a57.foxnews.com\/static.foxnews.com\/foxnews.com\/content\/uploads\/2025\/03\/1440\/810\/2025-03-23t182448z_1156662030_rc25jda627sz_rtrmadp_3_turkey-opposition-protest.jpg?ve=1&amp;tl=1 2x\" height=\"405\" width=\"720\"><img loading=\"lazy\" decoding=\"async\" src=\"https:\/\/a57.foxnews.com\/static.foxnews.com\/foxnews.com\/content\/uploads\/2025\/03\/1200\/675\/2025-03-23t182448z_1156662030_rc25jda627sz_rtrmadp_3_turkey-opposition-protest.jpg?ve=1&amp;tl=1\" alt=\"Los oficiales de polic\u00eda usan pimentero en los manifestantes durante una protesta el d\u00eda en que el alcalde de Estambul Ekrem Imamoglu fue encarcelado como parte de una investigaci\u00f3n de corrupci\u00f3n, en Estambul, Turqu\u00eda, el 23 de marzo de 2025.\" width=\"1200\" height=\"675\"\/><\/source><\/source><\/source><\/source><\/picture><\/div>\n<div class=\"info\">\n<div class=\"caption\">\n<p><span>Los oficiales de polic\u00eda usan pimentero en los manifestantes durante una protesta el d\u00eda en que el alcalde de Estambul Ekrem Imamoglu fue encarcelado como parte de una investigaci\u00f3n de corrupci\u00f3n, en Estambul, Turqu\u00eda, el 23 de marzo de 2025.<\/span> <span>(Alexandros Avramidis\/Reuters)<\/span><\/p>\n<\/div>\n<\/div>\n<\/div>\n<p>Un portavoz de la embajada de Turqu\u00eda en Washington, DC, dijo a Fox News Digital que el ministro del Interior de Turqu\u00eda, Ali Yerlikaya, dijo que 1.133 personas han sido detenidas desde el arresto del alcalde, y que alrededor de 123 polic\u00edas han resultado heridos desde el inicio de las protestas. Yerlikaya tambi\u00e9n aleg\u00f3 que se incautaron armas durante las protestas y se descubri\u00f3 que los individuos detenidos ten\u00edan v\u00ednculos con diferentes organizaciones terroristas y antecedentes penales anteriores.<\/p>\n<p>Algunos expertos creen que Erdogan orquest\u00f3 la medida para dejar de lado a la oposici\u00f3n, silenciar la disidencia pol\u00edtica y aumentar su propio poder.<\/p>\n<p>\u00abEste es un momento oscuro para la democracia en Turqu\u00eda, con un movimiento sin ley tan descaradamente para armarse el sistema de justicia para cancelar el proceso democr\u00e1tico\u00bb, dijo Hugh Williamson, director de Europa y Asia Central de Human Rights Watch, a Fox News Digital en un comunicado.<\/p>\n<p><strong><u>Trump coloc\u00f3 exclusivamente para &#8216;susurrar&#8217; al o\u00eddo de Erdogan sobre las ambiciones regionales turcas: ministro de defensa griega<\/u><\/strong><\/p>\n<div class=\"image-ct inline\">\n<div class=\"m\"><picture><source media=\"(max-width: 767px)\" srcset=\"https:\/\/a57.foxnews.com\/static.foxnews.com\/foxnews.com\/content\/uploads\/2025\/03\/343\/192\/turkeys-erdogan-friday-march-21st-reuters.jpg?ve=1&amp;tl=1, https:\/\/a57.foxnews.com\/static.foxnews.com\/foxnews.com\/content\/uploads\/2025\/03\/686\/384\/turkeys-erdogan-friday-march-21st-reuters.jpg?ve=1&amp;tl=1 2x\" height=\"192\" width=\"343\"><source media=\"(min-width: 768px) and (max-width: 1023px)\" srcset=\"https:\/\/a57.foxnews.com\/static.foxnews.com\/foxnews.com\/content\/uploads\/2025\/03\/672\/378\/turkeys-erdogan-friday-march-21st-reuters.jpg?ve=1&amp;tl=1, https:\/\/a57.foxnews.com\/static.foxnews.com\/foxnews.com\/content\/uploads\/2025\/03\/1344\/756\/turkeys-erdogan-friday-march-21st-reuters.jpg?ve=1&amp;tl=1 2x\" height=\"378\" width=\"672\"><source media=\"(min-width: 1024px) and (max-width: 1279px)\" srcset=\"https:\/\/a57.foxnews.com\/static.foxnews.com\/foxnews.com\/content\/uploads\/2025\/03\/931\/523\/turkeys-erdogan-friday-march-21st-reuters.jpg?ve=1&amp;tl=1, https:\/\/a57.foxnews.com\/static.foxnews.com\/foxnews.com\/content\/uploads\/2025\/03\/1862\/1046\/turkeys-erdogan-friday-march-21st-reuters.jpg?ve=1&amp;tl=1 2x\" height=\"523\" width=\"931\"><source media=\"(min-width: 1280px)\" srcset=\"https:\/\/a57.foxnews.com\/static.foxnews.com\/foxnews.com\/content\/uploads\/2025\/03\/720\/405\/turkeys-erdogan-friday-march-21st-reuters.jpg?ve=1&amp;tl=1, https:\/\/a57.foxnews.com\/static.foxnews.com\/foxnews.com\/content\/uploads\/2025\/03\/1440\/810\/turkeys-erdogan-friday-march-21st-reuters.jpg?ve=1&amp;tl=1 2x\" height=\"405\" width=\"720\"><img loading=\"lazy\" decoding=\"async\" src=\"https:\/\/a57.foxnews.com\/static.foxnews.com\/foxnews.com\/content\/uploads\/2025\/03\/1200\/675\/turkeys-erdogan-friday-march-21st-reuters.jpg?ve=1&amp;tl=1\" alt=\"Ergg\" width=\"1200\" height=\"675\"\/><\/source><\/source><\/source><\/source><\/picture><\/div>\n<div class=\"info\">\n<div class=\"caption\">\n<p><span>Algunos expertos creen que Erdogan orquest\u00f3 la medida para dejar de lado a la oposici\u00f3n, silenciar la disidencia pol\u00edtica y aumentar su propio poder.<\/span> <span>(Presidencia turca\/Reuters)<\/span><\/p>\n<\/div>\n<\/div>\n<\/div>\n<p><strong>La legislaci\u00f3n bipartidista busca controlar el pavo de Erdogan sobre los lazos con los enemigos estadounidenses<\/strong><\/p>\n<p>En un discurso para celebrar el festival de Nowruz el viernes, Erdogan dijo que Turqu\u00eda no era un pa\u00eds que se encontr\u00f3 en la calle y que no se someter\u00e1 al terrorismo callejero.<\/p>\n<p>\u00abNo permitiremos que el orden p\u00fablico se da\u00f1e. No cederemos al vandalismo o al terrorismo callejero\u00bb, dijo Erdogan, seg\u00fan Reuters.<\/p>\n<p>El Partido Popular Republicano (CHP) de la oposici\u00f3n celebr\u00f3 una votaci\u00f3n primaria simb\u00f3lica durante el fin de semana y nomin\u00f3 a \u0307mamo\u011flu para ser candidato al presidente para enfrentar a Erdogan en las elecciones de 2028.<\/p>\n<p>A pesar del aumento de la represi\u00f3n y las amenazas a su propia seguridad, la oposici\u00f3n turca a\u00fan no parece estar retrocediendo.<\/p>\n<p>\u00abNosotros, como el principal partido de oposici\u00f3n que surgi\u00f3 como el primer partido en las \u00faltimas elecciones locales en marzo de 2024, nos mantendremos firmes y resistiremos cualquier tipo de opresi\u00f3n por parte del gobierno\u00bb, dijo a Fox Digital Digital a Fox Digital.<\/p>\n<p>Uzgel dijo que Erdogan parece asustado de perder el poder, e insta a los partidarios de la oposici\u00f3n a salir a las calles para defender la democracia, desafiar la falta de ley y desafiar el abuso del poder del gobierno de Erdogan.  <\/p>\n<p>\u00abEstamos felices de ver que nuestra gente sale a las calles a pesar del uso ocasional de la fuerza por parte de la polic\u00eda antidisturbios, y demuestra pac\u00edficamente, lo cual es un derecho constitucional\u00bb, agreg\u00f3.<\/p>\n<p>Imamoglu, que actualmente est\u00e1 encarcelado y est\u00e1 esperando el juicio por cargos de corrupci\u00f3n, fue visto como el retador m\u00e1s serio de la regla de d\u00e9cadas de Erdogan. Su detenci\u00f3n probablemente lo mantendr\u00e1 fuera de la oposici\u00f3n pol\u00edtica en el futuro previsible, dando un gran golpe al movimiento prodemocr\u00e1tico de Turqu\u00eda. <\/p>\n<p>Tol del Instituto de Medio Oriente dijo que Erdogan est\u00e1 depositando que la ira de las personas se disipa con el tiempo y que las protestas masivas eventualmente se apagar\u00e1n. La elecci\u00f3n no est\u00e1 programada hasta 2028, y la gente, Erdogan espera, lo m\u00e1s probable es que olvide y siga adelante.<\/p>\n<p><strong><u>Haga clic aqu\u00ed para obtener la aplicaci\u00f3n Fox News<\/u><\/strong><\/p>\n<div class=\"image-ct inline\">\n<div class=\"m\"><picture><source media=\"(max-width: 767px)\" srcset=\"https:\/\/a57.foxnews.com\/static.foxnews.com\/foxnews.com\/content\/uploads\/2025\/03\/343\/192\/ap25078591179033-scaled.jpg?ve=1&amp;tl=1, https:\/\/a57.foxnews.com\/static.foxnews.com\/foxnews.com\/content\/uploads\/2025\/03\/686\/384\/ap25078591179033-scaled.jpg?ve=1&amp;tl=1 2x\" height=\"192\" width=\"343\"><source media=\"(min-width: 768px) and (max-width: 1023px)\" srcset=\"https:\/\/a57.foxnews.com\/static.foxnews.com\/foxnews.com\/content\/uploads\/2025\/03\/672\/378\/ap25078591179033-scaled.jpg?ve=1&amp;tl=1, https:\/\/a57.foxnews.com\/static.foxnews.com\/foxnews.com\/content\/uploads\/2025\/03\/1344\/756\/ap25078591179033-scaled.jpg?ve=1&amp;tl=1 2x\" height=\"378\" width=\"672\"><source media=\"(min-width: 1024px) and (max-width: 1279px)\" srcset=\"https:\/\/a57.foxnews.com\/static.foxnews.com\/foxnews.com\/content\/uploads\/2025\/03\/931\/523\/ap25078591179033-scaled.jpg?ve=1&amp;tl=1, https:\/\/a57.foxnews.com\/static.foxnews.com\/foxnews.com\/content\/uploads\/2025\/03\/1862\/1046\/ap25078591179033-scaled.jpg?ve=1&amp;tl=1 2x\" height=\"523\" width=\"931\"><source media=\"(min-width: 1280px)\" srcset=\"https:\/\/a57.foxnews.com\/static.foxnews.com\/foxnews.com\/content\/uploads\/2025\/03\/720\/405\/ap25078591179033-scaled.jpg?ve=1&amp;tl=1, https:\/\/a57.foxnews.com\/static.foxnews.com\/foxnews.com\/content\/uploads\/2025\/03\/1440\/810\/ap25078591179033-scaled.jpg?ve=1&amp;tl=1 2x\" height=\"405\" width=\"720\"><img loading=\"lazy\" decoding=\"async\" src=\"https:\/\/a57.foxnews.com\/static.foxnews.com\/foxnews.com\/content\/uploads\/2025\/03\/1200\/675\/ap25078591179033-scaled.jpg?ve=1&amp;tl=1\" alt=\"Protestas anti-erdogan\" width=\"1200\" height=\"675\"\/><\/source><\/source><\/source><\/source><\/picture><\/div>\n<div class=\"info\">\n<div class=\"caption\">\n<p><span>La gente se re\u00fane fuera del Ayuntamiento para protestar por el arresto del alcalde de Estambul, Ekrem Imamoglu, en Estambul, Turqu\u00eda, mi\u00e9rcoles 19 de marzo de 2025.<\/span> <span>(Foto de Francisco Seco\/AP)<\/span><\/p>\n<\/div>\n<\/div>\n<\/div>\n<p>El peligro, seg\u00fan TOL, es que las protestas callejeras en el Medio Oriente y en otros lugares tienden a ir en muchas direcciones diferentes, y no se sabe cu\u00e1nto tiempo durar\u00e1 la ira p\u00fablica por los arrestos y cu\u00e1nto apoyo m\u00e1s popular el movimiento obtendr\u00e1.<\/p>\n<p>Imamo\u011flu, miembro del Partido Popular Republicano (CHP) secular, fue elegido alcalde de Estambul en 2019 y reelegido en 2023. En ambas elecciones, derrot\u00f3 a los oponentes respaldados por Erdogan. <\/p>\n<p>Los problemas de Turqu\u00eda llegan en un momento en que el presidente Trump est\u00e1 considerando levantar las sanciones al miembro de la OTAN y reanudar la venta de aviones de combate F-35 despu\u00e9s de una llamada telef\u00f3nica reciente con Erdogan.<\/p>\n<p><i>Reuters contribuy\u00f3 a este art\u00edculo.<\/i><\/p>\n<p> <!----> <\/div>\n\n","protected":false},"excerpt":{"rendered":"<p>Manitistas de spray de pimienta de la polic\u00eda turca en Estambul Los oficiales de polic\u00eda vieron a Pepper que pulverizan a los manifestantes mientras la gente se reun\u00eda en apoyo del alcalde de Estambul Ekrem Imamoglu, cerca del edificio del Municipio Metropolitano de Estambul, en Estambul, Turqu\u00eda, 23 de marzo de 2025. (Cr\u00e9dito: Reuters) El &hellip;<\/p>\n","protected":false},"author":1,"featured_media":20030,"comment_status":"open","ping_status":"open","sticky":false,"template":"","format":"standard","meta":{"fifu_image_url":"https:\/\/static.foxnews.com\/foxnews.com\/content\/uploads\/2025\/03\/2025-03-23t182448z_1156662030_rc25jda627sz_rtrmadp_3_turkey-opposition-protest.jpg","fifu_image_alt":"","footnotes":""},"categories":[13],"tags":[],"class_list":["post-20028","post","type-post","status-publish","format-standard","has-post-thumbnail","","category-mundo"],"_links":{"self":[{"href":"https:\/\/noticiasveraces.com\/index.php?rest_route=\/wp\/v2\/posts\/20028","targetHints":{"allow":["GET"]}}],"collection":[{"href":"https:\/\/noticiasveraces.com\/index.php?rest_route=\/wp\/v2\/posts"}],"about":[{"href":"https:\/\/noticiasveraces.com\/index.php?rest_route=\/wp\/v2\/types\/post"}],"author":[{"embeddable":true,"href":"https:\/\/noticiasveraces.com\/index.php?rest_route=\/wp\/v2\/users\/1"}],"replies":[{"embeddable":true,"href":"https:\/\/noticiasveraces.com\/index.php?rest_route=%2Fwp%2Fv2%2Fcomments&post=20028"}],"version-history":[{"count":0,"href":"https:\/\/noticiasveraces.com\/index.php?rest_route=\/wp\/v2\/posts\/20028\/revisions"}],"wp:featuredmedia":[{"embeddable":true,"href":"https:\/\/noticiasveraces.com\/index.php?rest_route=\/wp\/v2\/media\/20030"}],"wp:attachment":[{"href":"https:\/\/noticiasveraces.com\/index.php?rest_route=%2Fwp%2Fv2%2Fmedia&parent=20028"}],"wp:term":[{"taxonomy":"category","embeddable":true,"href":"https:\/\/noticiasveraces.com\/index.php?rest_route=%2Fwp%2Fv2%2Fcategories&post=20028"},{"taxonomy":"post_tag","embeddable":true,"href":"https:\/\/noticiasveraces.com\/index.php?rest_route=%2Fwp%2Fv2%2Ftags&post=20028"}],"curies":[{"name":"wp","href":"https:\/\/api.w.org\/{rel}","templated":true}]}}