{"id":20001,"date":"2025-03-24T11:57:12","date_gmt":"2025-03-24T15:57:12","guid":{"rendered":"https:\/\/noticiasveraces.com\/?p=20001"},"modified":"2025-03-24T11:57:12","modified_gmt":"2025-03-24T15:57:12","slug":"informes-de-desplazamiento-repentino-de-ford-f-150-que-se-investiga","status":"publish","type":"post","link":"https:\/\/noticiasveraces.com\/?p=20001","title":{"rendered":"Informes de desplazamiento repentino de Ford F-150 que se investiga"},"content":{"rendered":"<p> \n<\/p>\n<div><!----> <!----> <\/p>\n<div class=\"featured featured-video video-ct\">\n<div class=\"contain\">\n<div class=\"info\">\n<div class=\"caption\">\n<p>El t\u00e9cnico autom\u00e1tico Makenna Enga discute el esfuerzo del fabricante de autom\u00f3viles para combatir la creciente escasez de trabajadores calificados en &#8216;Varney &#038; Co.&#8217;<\/p>\n<\/div>\n<\/div>\n<\/div>\n<\/div>\n<p>La Oficina de Investigaci\u00f3n de Investigaci\u00f3n de Defectos de la Administraci\u00f3n Nacional de Seguridad del Tr\u00e1fico en Carreteras est\u00e1 abriendo una \u00abevaluaci\u00f3n preliminar\u00bb con respecto a los informes de los camiones Ford F-150 2015-2017 de repente hacia abajo mientras se mueve a \u00abvelocidades de carretera\u00bb.<\/p>\n<p>\u00abLa Oficina de Investigaci\u00f3n de Defectos (ODI) ha recibido 138 quejas de los consumidores para los a\u00f1os modelo 2015-2017 Ford F-150 Veh\u00edculos que alegan un cambio de transmisi\u00f3n inesperado y no solicitado a una marcha m\u00e1s baja mientras viaja a velocidades de carretera sin ninguna entrada o aportaci\u00f3n previa de advertencia\u00bb, se\u00f1ala el anuncio en el sitio web de NHTSA.<\/p>\n<p>\u00abEste cambio de reducci\u00f3n de transmisi\u00f3n sin solicitud causar\u00eda una desaceleraci\u00f3n inesperada del veh\u00edculo<strong>.<\/strong> Ciertas quejas de los consumidores tambi\u00e9n alegan que las ruedas traseras del veh\u00edculo se bloquean temporalmente, se apoderan y se deslizan durante el cambio descendente, lo que resulta en una p\u00e9rdida de control del veh\u00edculo que aumenta el riesgo de accidentes y lesiones \u00ab.<\/p>\n<p><strong>Ford presenta su flota de Ford Heritage<\/strong><\/p>\n<div class=\"inline image-ct\">\n<div class=\"m\"><picture><source media=\"(max-width: 767px)\" srcset=\"https:\/\/a57.foxnews.com\/static.foxbusiness.com\/foxbusiness.com\/content\/uploads\/2025\/03\/343\/192\/ford-logo.jpg?ve=1&amp;tl=1, https:\/\/a57.foxnews.com\/static.foxbusiness.com\/foxbusiness.com\/content\/uploads\/2025\/03\/686\/384\/ford-logo.jpg?ve=1&amp;tl=1 2x\"><source media=\"(min-width: 768px) and (max-width: 1023px)\" srcset=\"https:\/\/a57.foxnews.com\/static.foxbusiness.com\/foxbusiness.com\/content\/uploads\/2025\/03\/672\/378\/ford-logo.jpg?ve=1&amp;tl=1, https:\/\/a57.foxnews.com\/static.foxbusiness.com\/foxbusiness.com\/content\/uploads\/2025\/03\/1344\/756\/ford-logo.jpg?ve=1&amp;tl=1 2x\"><source media=\"(min-width: 1024px) and (max-width: 1279px)\" srcset=\"https:\/\/a57.foxnews.com\/static.foxbusiness.com\/foxbusiness.com\/content\/uploads\/2025\/03\/931\/523\/ford-logo.jpg?ve=1&amp;tl=1, https:\/\/a57.foxnews.com\/static.foxbusiness.com\/foxbusiness.com\/content\/uploads\/2025\/03\/1862\/1046\/ford-logo.jpg?ve=1&amp;tl=1 2x\"><source media=\"(min-width: 1280px)\" srcset=\"https:\/\/a57.foxnews.com\/static.foxbusiness.com\/foxbusiness.com\/content\/uploads\/2025\/03\/720\/405\/ford-logo.jpg?ve=1&amp;tl=1, https:\/\/a57.foxnews.com\/static.foxbusiness.com\/foxbusiness.com\/content\/uploads\/2025\/03\/1440\/810\/ford-logo.jpg?ve=1&amp;tl=1 2x\"><img decoding=\"async\" src=\"https:\/\/a57.foxnews.com\/static.foxbusiness.com\/foxbusiness.com\/content\/uploads\/2025\/03\/931\/523\/ford-logo.jpg?ve=1&amp;tl=1\" alt=\"Logotipo de Ford\"\/><\/source><\/source><\/source><\/source><\/picture><\/div>\n<div class=\"caption\">\n<p><span>El logotipo de Ford Motor Co. se muestra fuera de un concesionario de autom\u00f3viles Ford en Hailey, Idaho, el 21 de marzo de 2025.<\/span><span>  (Patrick T. Fallon\/AFP a trav\u00e9s de Getty Images)<\/span><\/p>\n<\/div>\n<\/div>\n<p>La evaluaci\u00f3n est\u00e1 destinada a \u00abdeterminar el alcance y la gravedad de las posibles consecuencias relacionadas con la seguridad\u00bb, indica el anuncio.<\/p>\n<p>Se estima que 1,270,970 2015-2017 Ford F-150 est\u00e1n bajo escrutinio, un documento del gobierno sobre la investigaci\u00f3n.<\/p>\n<p><strong>Ford invirti\u00f3 $ 4 millones en becas para t\u00e9cnicos de autom\u00f3viles<\/strong><\/p>\n<div class=\"inline image-ct\">\n<div class=\"m\"><picture><source media=\"(max-width: 767px)\" srcset=\"https:\/\/a57.foxnews.com\/static.foxbusiness.com\/foxbusiness.com\/content\/uploads\/2025\/03\/343\/192\/ford-truck.jpg?ve=1&amp;tl=1, https:\/\/a57.foxnews.com\/static.foxbusiness.com\/foxbusiness.com\/content\/uploads\/2025\/03\/686\/384\/ford-truck.jpg?ve=1&amp;tl=1 2x\"><source media=\"(min-width: 768px) and (max-width: 1023px)\" srcset=\"https:\/\/a57.foxnews.com\/static.foxbusiness.com\/foxbusiness.com\/content\/uploads\/2025\/03\/672\/378\/ford-truck.jpg?ve=1&amp;tl=1, https:\/\/a57.foxnews.com\/static.foxbusiness.com\/foxbusiness.com\/content\/uploads\/2025\/03\/1344\/756\/ford-truck.jpg?ve=1&amp;tl=1 2x\"><source media=\"(min-width: 1024px) and (max-width: 1279px)\" srcset=\"https:\/\/a57.foxnews.com\/static.foxbusiness.com\/foxbusiness.com\/content\/uploads\/2025\/03\/931\/523\/ford-truck.jpg?ve=1&amp;tl=1, https:\/\/a57.foxnews.com\/static.foxbusiness.com\/foxbusiness.com\/content\/uploads\/2025\/03\/1862\/1046\/ford-truck.jpg?ve=1&amp;tl=1 2x\"><source media=\"(min-width: 1280px)\" srcset=\"https:\/\/a57.foxnews.com\/static.foxbusiness.com\/foxbusiness.com\/content\/uploads\/2025\/03\/720\/405\/ford-truck.jpg?ve=1&amp;tl=1, https:\/\/a57.foxnews.com\/static.foxbusiness.com\/foxbusiness.com\/content\/uploads\/2025\/03\/1440\/810\/ford-truck.jpg?ve=1&amp;tl=1 2x\"><img decoding=\"async\" src=\"https:\/\/a57.foxnews.com\/static.foxbusiness.com\/foxbusiness.com\/content\/uploads\/2025\/03\/931\/523\/ford-truck.jpg?ve=1&amp;tl=1\" alt=\"Ford F150\"\/><\/source><\/source><\/source><\/source><\/picture><\/div>\n<div class=\"caption\">\n<p><span>Ford F150 2016 se exhibe en el 108\u00ba Auto Show anual de Chicago en McCormick Place en Chicago, Illinois, el 12 de febrero de 2016. <\/span><span>  (Raymond Boyd\/Getty Images)<\/span><\/p>\n<\/div>\n<\/div>\n<p>Un portavoz de Ford le dijo a Fox News Digital por correo electr\u00f3nico el lunes que la compa\u00f1\u00eda est\u00e1 \u00abtrabajando con NHTSA para apoyar su investigaci\u00f3n\u00bb y que \u00abesta investigaci\u00f3n est\u00e1 solo en la transmisi\u00f3n de 6 velocidades\u00bb.<\/p>\n<p>La compa\u00f1\u00eda ha emitido retiros de seguridad previamente con respecto a la reducci\u00f3n problem\u00e1tica en otro a\u00f1o modelo F-150.<\/p>\n<p><strong>Ford retira 668K F-150 Pickups sobre un problema inesperado de cambio descendente<\/strong><\/p>\n<div class=\"inline image-ct\">\n<div class=\"m\"><picture><source media=\"(max-width: 767px)\" srcset=\"https:\/\/a57.foxnews.com\/static.foxbusiness.com\/foxbusiness.com\/content\/uploads\/2025\/03\/343\/192\/ford-truck-2.jpg?ve=1&amp;tl=1, https:\/\/a57.foxnews.com\/static.foxbusiness.com\/foxbusiness.com\/content\/uploads\/2025\/03\/686\/384\/ford-truck-2.jpg?ve=1&amp;tl=1 2x\"><source media=\"(min-width: 768px) and (max-width: 1023px)\" srcset=\"https:\/\/a57.foxnews.com\/static.foxbusiness.com\/foxbusiness.com\/content\/uploads\/2025\/03\/672\/378\/ford-truck-2.jpg?ve=1&amp;tl=1, https:\/\/a57.foxnews.com\/static.foxbusiness.com\/foxbusiness.com\/content\/uploads\/2025\/03\/1344\/756\/ford-truck-2.jpg?ve=1&amp;tl=1 2x\"><source media=\"(min-width: 1024px) and (max-width: 1279px)\" srcset=\"https:\/\/a57.foxnews.com\/static.foxbusiness.com\/foxbusiness.com\/content\/uploads\/2025\/03\/931\/523\/ford-truck-2.jpg?ve=1&amp;tl=1, https:\/\/a57.foxnews.com\/static.foxbusiness.com\/foxbusiness.com\/content\/uploads\/2025\/03\/1862\/1046\/ford-truck-2.jpg?ve=1&amp;tl=1 2x\"><source media=\"(min-width: 1280px)\" srcset=\"https:\/\/a57.foxnews.com\/static.foxbusiness.com\/foxbusiness.com\/content\/uploads\/2025\/03\/720\/405\/ford-truck-2.jpg?ve=1&amp;tl=1, https:\/\/a57.foxnews.com\/static.foxbusiness.com\/foxbusiness.com\/content\/uploads\/2025\/03\/1440\/810\/ford-truck-2.jpg?ve=1&amp;tl=1 2x\"><img decoding=\"async\" src=\"https:\/\/a57.foxnews.com\/static.foxbusiness.com\/foxbusiness.com\/content\/uploads\/2025\/03\/931\/523\/ford-truck-2.jpg?ve=1&amp;tl=1\" alt=\"Cami\u00f3n Ford F150\"\/><\/source><\/source><\/source><\/source><\/picture><\/div>\n<div class=\"caption\">\n<p><span>Ford F150 2016 se exhibe en el 108\u00ba Auto Show anual de Chicago en McCormick Place en Chicago, Illinois, el 12 de febrero de 2016.<\/span><span>  (Raymond Boyd\/Getty Images)<\/span><\/p>\n<\/div>\n<\/div>\n<p><strong><u>Haga clic aqu\u00ed para obtener la aplicaci\u00f3n Fox News<\/u><\/strong><\/p>\n<p>El 50 aniversario del F-150 es en 2025, se\u00f1al\u00f3 Ford en un comunicado de prensa a fines del a\u00f1o pasado.<\/p>\n<\/div>\n\n","protected":false},"excerpt":{"rendered":"<p>El t\u00e9cnico autom\u00e1tico Makenna Enga discute el esfuerzo del fabricante de autom\u00f3viles para combatir la creciente escasez de trabajadores calificados en &#8216;Varney &#038; Co.&#8217; La Oficina de Investigaci\u00f3n de Investigaci\u00f3n de Defectos de la Administraci\u00f3n Nacional de Seguridad del Tr\u00e1fico en Carreteras est\u00e1 abriendo una \u00abevaluaci\u00f3n preliminar\u00bb con respecto a los informes de los camiones &hellip;<\/p>\n","protected":false},"author":1,"featured_media":20003,"comment_status":"open","ping_status":"open","sticky":false,"template":"","format":"standard","meta":{"fifu_image_url":"https:\/\/a57.foxnews.com\/static.foxbusiness.com\/foxbusiness.com\/content\/uploads\/2025\/03\/0\/0\/ford-logo.jpg?ve=1&tl=1","fifu_image_alt":"","footnotes":""},"categories":[3],"tags":[],"class_list":["post-20001","post","type-post","status-publish","format-standard","has-post-thumbnail","","category-negocio"],"_links":{"self":[{"href":"https:\/\/noticiasveraces.com\/index.php?rest_route=\/wp\/v2\/posts\/20001","targetHints":{"allow":["GET"]}}],"collection":[{"href":"https:\/\/noticiasveraces.com\/index.php?rest_route=\/wp\/v2\/posts"}],"about":[{"href":"https:\/\/noticiasveraces.com\/index.php?rest_route=\/wp\/v2\/types\/post"}],"author":[{"embeddable":true,"href":"https:\/\/noticiasveraces.com\/index.php?rest_route=\/wp\/v2\/users\/1"}],"replies":[{"embeddable":true,"href":"https:\/\/noticiasveraces.com\/index.php?rest_route=%2Fwp%2Fv2%2Fcomments&post=20001"}],"version-history":[{"count":0,"href":"https:\/\/noticiasveraces.com\/index.php?rest_route=\/wp\/v2\/posts\/20001\/revisions"}],"wp:featuredmedia":[{"embeddable":true,"href":"https:\/\/noticiasveraces.com\/index.php?rest_route=\/wp\/v2\/media\/20003"}],"wp:attachment":[{"href":"https:\/\/noticiasveraces.com\/index.php?rest_route=%2Fwp%2Fv2%2Fmedia&parent=20001"}],"wp:term":[{"taxonomy":"category","embeddable":true,"href":"https:\/\/noticiasveraces.com\/index.php?rest_route=%2Fwp%2Fv2%2Fcategories&post=20001"},{"taxonomy":"post_tag","embeddable":true,"href":"https:\/\/noticiasveraces.com\/index.php?rest_route=%2Fwp%2Fv2%2Ftags&post=20001"}],"curies":[{"name":"wp","href":"https:\/\/api.w.org\/{rel}","templated":true}]}}