{"id":19994,"date":"2025-03-24T11:40:12","date_gmt":"2025-03-24T15:40:12","guid":{"rendered":"https:\/\/noticiasveraces.com\/?p=19994"},"modified":"2025-03-24T11:40:12","modified_gmt":"2025-03-24T15:40:12","slug":"el-video-muestra-los-momentos-finales-del-piloto-antes-del-fatal","status":"publish","type":"post","link":"https:\/\/noticiasveraces.com\/?p=19994","title":{"rendered":"El video muestra los momentos finales del piloto antes del fatal"},"content":{"rendered":"<p> \n<\/p>\n<div>\n<p class=\"speakable\">Los momentos finales de un piloto \u00abaltamente calificado\u00bb fueron capturados en video antes de morir en un accidente en un espect\u00e1culo a\u00e9reo en Sud\u00e1frica durante el fin de semana. <\/p>\n<p class=\"speakable\">El incidente fatal que involucr\u00f3 a James O&#8217;Connell se desarroll\u00f3 el s\u00e1bado en el aer\u00f3dromo de la Bah\u00eda de Saldanha a las afueras de Ciudad del Cabo. Las im\u00e1genes mostraron un avi\u00f3n realizando una maniobra a\u00e9rea antes de chocar contra el suelo, generando una bola de fuego y dibujando gritos de los asistentes. <\/p>\n<p>\u00abEs con una profunda tristeza que los organizadores de West Coast Airshow confirman un accidente fatal que involucra a James O&#8217;Connell, un piloto de prueba altamente calificado y respetado de Sud\u00e1frica, cuando pilot\u00f3 el avi\u00f3n Impala Mark 1 durante la exhibici\u00f3n de hoy en Saldanha\u00bb, dijeron los organizadores del evento en una declaraci\u00f3n. <\/p>\n<p>\u00abEl Sr. O&#8217;Connell estaba realizando una exhibici\u00f3n de rutina destinada a demostrar las capacidades del Impala Mark 1, un amado Warbird con una profunda importancia hist\u00f3rica para muchos sudafricanos, fue especialmente un gran momento porque el Impala no se ha visto actuando en espect\u00e1culos de aire durante muchos a\u00f1os\u00bb, agregaron. \u00abLas maniobras estaban siendo ejecutadas como parte del programa oficial de exhibici\u00f3n a\u00e9rea, presenciada por miles de espectadores\u00bb. <\/p>\n<p><strong>El tren de aterrizaje del avi\u00f3n de Delta se derrumb\u00f3 durante el aterrizaje accidente de Toronto, dicen los investigadores<\/strong><strong> <\/strong><\/p>\n<div class=\"image-ct inline\">\n<div class=\"m\"><picture><source media=\"(max-width: 767px)\" srcset=\"https:\/\/a57.foxnews.com\/static.foxnews.com\/foxnews.com\/content\/uploads\/2025\/03\/343\/192\/south-africa-airshow-crash-1.jpg?ve=1&amp;tl=1, https:\/\/a57.foxnews.com\/static.foxnews.com\/foxnews.com\/content\/uploads\/2025\/03\/686\/384\/south-africa-airshow-crash-1.jpg?ve=1&amp;tl=1 2x\" height=\"192\" width=\"343\"><source media=\"(min-width: 768px) and (max-width: 1023px)\" srcset=\"https:\/\/a57.foxnews.com\/static.foxnews.com\/foxnews.com\/content\/uploads\/2025\/03\/672\/378\/south-africa-airshow-crash-1.jpg?ve=1&amp;tl=1, https:\/\/a57.foxnews.com\/static.foxnews.com\/foxnews.com\/content\/uploads\/2025\/03\/1344\/756\/south-africa-airshow-crash-1.jpg?ve=1&amp;tl=1 2x\" height=\"378\" width=\"672\"><source media=\"(min-width: 1024px) and (max-width: 1279px)\" srcset=\"https:\/\/a57.foxnews.com\/static.foxnews.com\/foxnews.com\/content\/uploads\/2025\/03\/931\/523\/south-africa-airshow-crash-1.jpg?ve=1&amp;tl=1, https:\/\/a57.foxnews.com\/static.foxnews.com\/foxnews.com\/content\/uploads\/2025\/03\/1862\/1046\/south-africa-airshow-crash-1.jpg?ve=1&amp;tl=1 2x\" height=\"523\" width=\"931\"><source media=\"(min-width: 1280px)\" srcset=\"https:\/\/a57.foxnews.com\/static.foxnews.com\/foxnews.com\/content\/uploads\/2025\/03\/720\/405\/south-africa-airshow-crash-1.jpg?ve=1&amp;tl=1, https:\/\/a57.foxnews.com\/static.foxnews.com\/foxnews.com\/content\/uploads\/2025\/03\/1440\/810\/south-africa-airshow-crash-1.jpg?ve=1&amp;tl=1 2x\" height=\"405\" width=\"720\"><img loading=\"lazy\" decoding=\"async\" src=\"https:\/\/a57.foxnews.com\/static.foxnews.com\/foxnews.com\/content\/uploads\/2025\/03\/1200\/675\/south-africa-airshow-crash-1.jpg?ve=1&amp;tl=1\" alt=\"Los momentos finales del piloto sudafricano\" width=\"1200\" height=\"675\"\/><\/source><\/source><\/source><\/source><\/picture><\/div>\n<div class=\"info\">\n<div class=\"caption\">\n<p><span>Un avi\u00f3n volado por James O&#8217;Connell se ve momentos antes de estrellarse el s\u00e1bado en Sud\u00e1frica durante un espect\u00e1culo a\u00e9reo.<\/span> <span>(Maritha Wagner\/TMX)<\/span><\/p>\n<\/div>\n<\/div>\n<\/div>\n<p>El video del incidente mostr\u00f3 una nube de humo negro que se elevaba hacia el cielo despu\u00e9s del accidente. <\/p>\n<p>\u00abGir\u00f3 el avi\u00f3n &#8230; Gir\u00f3 el avi\u00f3n, el tren de rodaje estaba levantado. Al salir de \u00e9l, se pod\u00eda ver claramente que estaba perdiendo la altura\u00bb, dijo el comentarista de Airshow Brian Emmenis. \u00abSali\u00f3 hacia los hangares, estaba en esa etapa en una gran inmersi\u00f3n profunda, y fue directamente al suelo. No hab\u00eda se\u00f1ales de un intento de expulsar\u00bb. <\/p>\n<p><strong>El avi\u00f3n de Alaska que se estrell\u00f3 y dej\u00f3 10 muertos fue m\u00e1s de 1,000 libras por encima del l\u00edmite de peso, NTSB encuentra<\/strong><strong> <\/strong><\/p>\n<div class=\"image-ct inline\">\n<div class=\"m\"><picture><source media=\"(max-width: 767px)\" srcset=\"https:\/\/a57.foxnews.com\/static.foxnews.com\/foxnews.com\/content\/uploads\/2025\/03\/343\/192\/south-africa-air-show-crash-2.jpg?ve=1&amp;tl=1, https:\/\/a57.foxnews.com\/static.foxnews.com\/foxnews.com\/content\/uploads\/2025\/03\/686\/384\/south-africa-air-show-crash-2.jpg?ve=1&amp;tl=1 2x\" height=\"192\" width=\"343\"><source media=\"(min-width: 768px) and (max-width: 1023px)\" srcset=\"https:\/\/a57.foxnews.com\/static.foxnews.com\/foxnews.com\/content\/uploads\/2025\/03\/672\/378\/south-africa-air-show-crash-2.jpg?ve=1&amp;tl=1, https:\/\/a57.foxnews.com\/static.foxnews.com\/foxnews.com\/content\/uploads\/2025\/03\/1344\/756\/south-africa-air-show-crash-2.jpg?ve=1&amp;tl=1 2x\" height=\"378\" width=\"672\"><source media=\"(min-width: 1024px) and (max-width: 1279px)\" srcset=\"https:\/\/a57.foxnews.com\/static.foxnews.com\/foxnews.com\/content\/uploads\/2025\/03\/931\/523\/south-africa-air-show-crash-2.jpg?ve=1&amp;tl=1, https:\/\/a57.foxnews.com\/static.foxnews.com\/foxnews.com\/content\/uploads\/2025\/03\/1862\/1046\/south-africa-air-show-crash-2.jpg?ve=1&amp;tl=1 2x\" height=\"523\" width=\"931\"><source media=\"(min-width: 1280px)\" srcset=\"https:\/\/a57.foxnews.com\/static.foxnews.com\/foxnews.com\/content\/uploads\/2025\/03\/720\/405\/south-africa-air-show-crash-2.jpg?ve=1&amp;tl=1, https:\/\/a57.foxnews.com\/static.foxnews.com\/foxnews.com\/content\/uploads\/2025\/03\/1440\/810\/south-africa-air-show-crash-2.jpg?ve=1&amp;tl=1 2x\" height=\"405\" width=\"720\"><img loading=\"lazy\" decoding=\"async\" src=\"https:\/\/a57.foxnews.com\/static.foxnews.com\/foxnews.com\/content\/uploads\/2025\/03\/1200\/675\/south-africa-air-show-crash-2.jpg?ve=1&amp;tl=1\" alt=\"Sud\u00e1frica Avi\u00f3n Crash Fireball Ball\" width=\"1200\" height=\"675\"\/><\/source><\/source><\/source><\/source><\/picture><\/div>\n<div class=\"info\">\n<div class=\"caption\">\n<p><span>Se ve una bola de fuego en el aer\u00f3dromo de la Bah\u00eda de Saldanha al norte de Ciudad del Cabo el s\u00e1bado 22 de marzo, cuando el avi\u00f3n se estrell\u00f3.<\/span> <span>(Maritha Wagner\/TMX)<\/span><\/p>\n<\/div>\n<\/div>\n<\/div>\n<p>\u00abLos servicios de emergencia respondieron de inmediato, la multitud permaneci\u00f3 detr\u00e1s de las barreras, totalmente aturdidas, y la atenci\u00f3n m\u00e9dica fue entregada a la multitud\u00bb, agreg\u00f3. <\/p>\n<p>Ning\u00fan espectador resultaron heridos en el accidente, y la Autoridad de Aviaci\u00f3n Civil de Sud\u00e1frica y Air Show Sud\u00e1frica ahora est\u00e1n investigando. <\/p>\n<div class=\"image-ct inline\">\n<div class=\"m\"><picture><source media=\"(max-width: 767px)\" srcset=\"https:\/\/a57.foxnews.com\/static.foxnews.com\/foxnews.com\/content\/uploads\/2025\/03\/343\/192\/south-africa-air-show-crash-3.jpg?ve=1&amp;tl=1, https:\/\/a57.foxnews.com\/static.foxnews.com\/foxnews.com\/content\/uploads\/2025\/03\/686\/384\/south-africa-air-show-crash-3.jpg?ve=1&amp;tl=1 2x\" height=\"192\" width=\"343\"><source media=\"(min-width: 768px) and (max-width: 1023px)\" srcset=\"https:\/\/a57.foxnews.com\/static.foxnews.com\/foxnews.com\/content\/uploads\/2025\/03\/672\/378\/south-africa-air-show-crash-3.jpg?ve=1&amp;tl=1, https:\/\/a57.foxnews.com\/static.foxnews.com\/foxnews.com\/content\/uploads\/2025\/03\/1344\/756\/south-africa-air-show-crash-3.jpg?ve=1&amp;tl=1 2x\" height=\"378\" width=\"672\"><source media=\"(min-width: 1024px) and (max-width: 1279px)\" srcset=\"https:\/\/a57.foxnews.com\/static.foxnews.com\/foxnews.com\/content\/uploads\/2025\/03\/931\/523\/south-africa-air-show-crash-3.jpg?ve=1&amp;tl=1, https:\/\/a57.foxnews.com\/static.foxnews.com\/foxnews.com\/content\/uploads\/2025\/03\/1862\/1046\/south-africa-air-show-crash-3.jpg?ve=1&amp;tl=1 2x\" height=\"523\" width=\"931\"><source media=\"(min-width: 1280px)\" srcset=\"https:\/\/a57.foxnews.com\/static.foxnews.com\/foxnews.com\/content\/uploads\/2025\/03\/720\/405\/south-africa-air-show-crash-3.jpg?ve=1&amp;tl=1, https:\/\/a57.foxnews.com\/static.foxnews.com\/foxnews.com\/content\/uploads\/2025\/03\/1440\/810\/south-africa-air-show-crash-3.jpg?ve=1&amp;tl=1 2x\" height=\"405\" width=\"720\"><img loading=\"lazy\" decoding=\"async\" src=\"https:\/\/a57.foxnews.com\/static.foxnews.com\/foxnews.com\/content\/uploads\/2025\/03\/1200\/675\/south-africa-air-show-crash-3.jpg?ve=1&amp;tl=1\" alt=\"Sud\u00e1frica Afras del accidente a\u00e9reo de Sud\u00e1frica\" width=\"1200\" height=\"675\"\/><\/source><\/source><\/source><\/source><\/picture><\/div>\n<div class=\"info\">\n<div class=\"caption\">\n<p><span>La Autoridad de Aviaci\u00f3n Civil de Sud\u00e1frica y Air Show Sud\u00e1frica ahora est\u00e1n investigando el accidente fatal.<\/span> <span>(Maritha Wagner\/TMX)<\/span><\/p>\n<\/div>\n<\/div>\n<\/div>\n<p><strong>Haga clic aqu\u00ed para obtener la aplicaci\u00f3n Fox News<\/strong><strong> <\/strong><\/p>\n<p>\u00abLos organizadores extienden sus m\u00e1s profundas condolencias a la familia, amigos y colegas de aviaci\u00f3n del Sr. O&#8217;Connell\u00bb, agregaron. <\/p>\n<p> <!----> <\/p>\n<div class=\"article-meta\">\n<div class=\"author-bio\">\n<p>Greg Norman es reportero de Fox News Digital.<\/p>\n<\/div>\n<\/div>\n<\/div>\n\n","protected":false},"excerpt":{"rendered":"<p>Los momentos finales de un piloto \u00abaltamente calificado\u00bb fueron capturados en video antes de morir en un accidente en un espect\u00e1culo a\u00e9reo en Sud\u00e1frica durante el fin de semana. El incidente fatal que involucr\u00f3 a James O&#8217;Connell se desarroll\u00f3 el s\u00e1bado en el aer\u00f3dromo de la Bah\u00eda de Saldanha a las afueras de Ciudad del &hellip;<\/p>\n","protected":false},"author":1,"featured_media":19996,"comment_status":"open","ping_status":"open","sticky":false,"template":"","format":"standard","meta":{"fifu_image_url":"https:\/\/static.foxnews.com\/foxnews.com\/content\/uploads\/2025\/03\/south-africa-airshow-crash-1.jpg","fifu_image_alt":"","footnotes":""},"categories":[13],"tags":[],"class_list":["post-19994","post","type-post","status-publish","format-standard","has-post-thumbnail","","category-mundo"],"_links":{"self":[{"href":"https:\/\/noticiasveraces.com\/index.php?rest_route=\/wp\/v2\/posts\/19994","targetHints":{"allow":["GET"]}}],"collection":[{"href":"https:\/\/noticiasveraces.com\/index.php?rest_route=\/wp\/v2\/posts"}],"about":[{"href":"https:\/\/noticiasveraces.com\/index.php?rest_route=\/wp\/v2\/types\/post"}],"author":[{"embeddable":true,"href":"https:\/\/noticiasveraces.com\/index.php?rest_route=\/wp\/v2\/users\/1"}],"replies":[{"embeddable":true,"href":"https:\/\/noticiasveraces.com\/index.php?rest_route=%2Fwp%2Fv2%2Fcomments&post=19994"}],"version-history":[{"count":0,"href":"https:\/\/noticiasveraces.com\/index.php?rest_route=\/wp\/v2\/posts\/19994\/revisions"}],"wp:featuredmedia":[{"embeddable":true,"href":"https:\/\/noticiasveraces.com\/index.php?rest_route=\/wp\/v2\/media\/19996"}],"wp:attachment":[{"href":"https:\/\/noticiasveraces.com\/index.php?rest_route=%2Fwp%2Fv2%2Fmedia&parent=19994"}],"wp:term":[{"taxonomy":"category","embeddable":true,"href":"https:\/\/noticiasveraces.com\/index.php?rest_route=%2Fwp%2Fv2%2Fcategories&post=19994"},{"taxonomy":"post_tag","embeddable":true,"href":"https:\/\/noticiasveraces.com\/index.php?rest_route=%2Fwp%2Fv2%2Ftags&post=19994"}],"curies":[{"name":"wp","href":"https:\/\/api.w.org\/{rel}","templated":true}]}}