{"id":19981,"date":"2025-03-24T07:33:52","date_gmt":"2025-03-24T11:33:52","guid":{"rendered":"https:\/\/noticiasveraces.com\/?p=19981"},"modified":"2025-03-24T07:33:52","modified_gmt":"2025-03-24T11:33:52","slug":"a-49-anos-del-ultimo-golpe-de-estado-el-gobierno-milei-avanza-con-el-desmantelamiento-de-la-memoria","status":"publish","type":"post","link":"https:\/\/noticiasveraces.com\/?p=19981","title":{"rendered":"A 49 a\u00f1os del \u00faltimo golpe de Estado, el Gobierno Milei avanza con el desmantelamiento de la memoria"},"content":{"rendered":"<p> \n<br \/><img decoding=\"async\" src=\"https:\/\/s.france24.com\/media\/display\/fe7a96e2-0809-11f0-8585-005056a97e36\/w:1024\/p:16x9\/AP23118678808689.jpg\" \/><br \/>Este 24 de marzo, se cumple un nuevo aniversario del comienzo de la \u00faltima dictadura c\u00edvico-militar en Argentina. A lo largo de los a\u00f1os, diferentes gobiernos hicieron hincapi\u00e9 en la importancia de la memoria para que las nuevas generaciones no olvidaran los horrores del terrorismo de Estado. Sin embargo, con la llegada de Javier Milei a la Presidencia, se ha avanzado en el desmantelamiento de ese legado. Expertos sostienen que estas medidas ponen en riesgo d\u00e9cadas de trabajo en la preservaci\u00f3n de la memoria hist\u00f3rica y en la lucha por la verdad y la justicia.\u00a0<br \/>\n<br \/>\n","protected":false},"excerpt":{"rendered":"<p>Este 24 de marzo, se cumple un nuevo aniversario del comienzo de la \u00faltima dictadura c\u00edvico-militar en Argentina. A lo largo de los a\u00f1os, diferentes gobiernos hicieron hincapi\u00e9 en la importancia de la memoria para que las nuevas generaciones no olvidaran los horrores del terrorismo de Estado. Sin embargo, con la llegada de Javier Milei &hellip;<\/p>\n","protected":false},"author":1,"featured_media":19983,"comment_status":"open","ping_status":"open","sticky":false,"template":"","format":"standard","meta":{"fifu_image_url":"https:\/\/s.france24.com\/media\/display\/fe7a96e2-0809-11f0-8585-005056a97e36\/w:1024\/p:16x9\/AP23118678808689.jpg","fifu_image_alt":"","footnotes":""},"categories":[13],"tags":[],"class_list":["post-19981","post","type-post","status-publish","format-standard","has-post-thumbnail","","category-mundo"],"_links":{"self":[{"href":"https:\/\/noticiasveraces.com\/index.php?rest_route=\/wp\/v2\/posts\/19981","targetHints":{"allow":["GET"]}}],"collection":[{"href":"https:\/\/noticiasveraces.com\/index.php?rest_route=\/wp\/v2\/posts"}],"about":[{"href":"https:\/\/noticiasveraces.com\/index.php?rest_route=\/wp\/v2\/types\/post"}],"author":[{"embeddable":true,"href":"https:\/\/noticiasveraces.com\/index.php?rest_route=\/wp\/v2\/users\/1"}],"replies":[{"embeddable":true,"href":"https:\/\/noticiasveraces.com\/index.php?rest_route=%2Fwp%2Fv2%2Fcomments&post=19981"}],"version-history":[{"count":0,"href":"https:\/\/noticiasveraces.com\/index.php?rest_route=\/wp\/v2\/posts\/19981\/revisions"}],"wp:featuredmedia":[{"embeddable":true,"href":"https:\/\/noticiasveraces.com\/index.php?rest_route=\/wp\/v2\/media\/19983"}],"wp:attachment":[{"href":"https:\/\/noticiasveraces.com\/index.php?rest_route=%2Fwp%2Fv2%2Fmedia&parent=19981"}],"wp:term":[{"taxonomy":"category","embeddable":true,"href":"https:\/\/noticiasveraces.com\/index.php?rest_route=%2Fwp%2Fv2%2Fcategories&post=19981"},{"taxonomy":"post_tag","embeddable":true,"href":"https:\/\/noticiasveraces.com\/index.php?rest_route=%2Fwp%2Fv2%2Ftags&post=19981"}],"curies":[{"name":"wp","href":"https:\/\/api.w.org\/{rel}","templated":true}]}}