{"id":19978,"date":"2025-03-24T06:42:09","date_gmt":"2025-03-24T10:42:09","guid":{"rendered":"https:\/\/noticiasveraces.com\/?p=19978"},"modified":"2025-03-24T06:42:09","modified_gmt":"2025-03-24T10:42:09","slug":"santa-fe-se-arrepintio-de-contratar-a-jorge-bava-foto-alberto-gamero-y-eduardo-mendez-confunde-curiosidades-de-futbol","status":"publish","type":"post","link":"https:\/\/noticiasveraces.com\/?p=19978","title":{"rendered":"\u00bfSanta Fe se arrepinti\u00f3 de contratar a Jorge Bava? Foto Alberto Gamero y Eduardo M\u00e9ndez confunde | Curiosidades de f\u00fatbol"},"content":{"rendered":"<p> \n<br \/><img decoding=\"async\" src=\"https:\/\/www.futbolred.com\/files\/article_graphic\/files\/crop\/uploads\/2025\/03\/24\/67e0fb765e5cd.r_1341117.0-25-1024-537.jpeg\" \/><\/p>\n<div id=\"cuerpoArticulo\">\n<p class=\"texto intro\" id=\"p239811-m1186-1185-1187\"><b>En Independiente Santa Fe esperan anunciar esta semana a su nuevo director t\u00e9cnico<\/b>en medio de un interinato incre\u00edble con <b>Francisco L\u00f3pez<\/b> como t\u00e9cnico encargado, con 13 puntos de 15 posibles en los 5 partidos que ha dirigido.<\/p>\n<p>L\u00f3pez, quien es director deportivo de las categor\u00edas menores, dirigir\u00eda su \u00faltimo partido como interino este mi\u00e9rcoles 26 de marzo, en el cl\u00e1sico contra Millonarios, adelantado de la fecha 17 de la Liga BetPlay I-2025.<\/p>\n<p>Luego asumir\u00e1 un nuevo entrenador en Santa Fe, y <b>ser\u00eda el uruguayo Jorge Bava<\/b>quien, seg\u00fan se conoce, ya est\u00e1 en Bogot\u00e1 y espera firmar su contrato para ser anunciado oficialmente.<\/p>\n<p class=\"texto contenido-parrafo-articulo\" id=\"p239811-m1198-1-1199\">Sin embargo, este domingo 23 de marzo <b>hubo una foto que caus\u00f3 confusi\u00f3n entre los aficionados, pues aparece Eduardo M\u00e9ndez<\/b>presidente del club bogotano, en el aeropuerto El Dorado, <b>hablando con Alberto Gamero<\/b>quien est\u00e1 en Colombia hace unos d\u00edas, luego de viajar a M\u00e9xico y Europa para ver f\u00fatbol y actualizarse, adem\u00e1s de disfrutar como turista.<\/p>\n<div id=\"p239811-m1204-2-1205\" class=\"\">\n<blockquote class=\"twitter-tweet\">\n<p lang=\"es\" dir=\"ltr\">\u00bfSer\u00e1 que lo de Bava se cay\u00f3?, \u00bfSer\u00e1 que M\u00e9ndez dej\u00f3 tirado a Bava?, \u00bfO Bava nos dej\u00f3 tirados a nosotros? Esas son preguntas que Santa Fe debe responder anunciando al DT en los pr\u00f3ximos d\u00edas. Curioso m\u00e1s que menos la foto de Gamero, porque Santa Fe no viaja por partidos. <a href=\"https:\/\/t.co\/FCXes2eTKn\">pic.twitter.com\/fcxes2etkn<\/a><\/p>\n<p>&#8211; Otro (@Drugosp) <a href=\"https:\/\/twitter.com\/DrugosP\/status\/1904014822963884185?ref_src=twsrc%5Etfw\">24 de marzo de 2025<\/a><\/p><\/blockquote><\/div>\n<p class=\"texto contenido-parrafo-articulo\" id=\"p239811-m1248-5-1249\">La imagen se hizo viral r\u00e1pidamente, y los aficionados cardenales empezaron a hacerse muchas preguntas: <b>\u00bfse reactiv\u00f3 la posibilidad de que Gamero sea nuevo DT de Santa Fe?<\/b> \u00bfQu\u00e9 pas\u00f3 con Jorge Bava? \u00bfPor qu\u00e9 el uruguayo no fue a El Camp\u00edn? <\/p>\n<p>Esas y otras dudas las investig\u00f3 <i>FUTBOLRED<\/i>y <b>quedaron cosas muy claras sobre las negociaciones de Santa Fe con su nuevo t\u00e9cnico<\/b>.<\/p>\n<p class=\"texto contenido-parrafo-articulo\" id=\"p239811-m1254-6-1255\">Lo primero que hay que decir que desde que se fue Pablo Peirano, a finales de febrero, <b>el deseo principal de Eduardo M\u00e9ndez fue Gamero<\/b>; pero el samario no acept\u00f3 la oferta para ser nuevo DT de Santa Fe.<\/p>\n<p><b><i>\u00bfLa foto de Gamero y M\u00e9ndez es real?<\/i><\/b><br \/>La imagen la subi\u00f3 Laura Bar\u00f3n en su cuenta de TikTok (@laubaron4), y luego de indagar en el entorno del entrenador y del dirigente, se confirm\u00f3 que la foto es real, que ambos coincidieron este domingo y ambos emprendieron viaje para salir de Bogot\u00e1.<\/p>\n<p><b><i>\u00bfQu\u00e9 pas\u00f3 con Jorge Bava?<\/i><\/b><br \/>El entrenador uruguayo ya est\u00e1 en Bogot\u00e1, esperando firmar contrato para ser anunciado oficialmente como DT de Santa Fe. Sin embargo, la reuni\u00f3n con el presidente M\u00e9ndez se demorar\u00eda y hasta que no haya firma, no se puede dar como un hecho su contrataci\u00f3n.<\/p>\n<p><b><i>\u00bfPor qu\u00e9 Eduardo M\u00e9ndez no ha cerrado la contrataci\u00f3n de un nuevo t\u00e9cnico?<\/i><\/b><br \/>Este domingo, el dirigente viaj\u00f3 a Barranquilla, pues el martes 25 de marzo estar\u00e1 presente en la reuni\u00f3n de los 36 presidentes de los clubes del f\u00fatbol colombiano para elegir nuevo presidente de la Dimayor. As\u00ed, hasta el mi\u00e9rcoles 26 de marzo firmar\u00eda a su nuevo entrenador, y por eso Francisco L\u00f3pez dirigir\u00e1 el cl\u00e1sico en el que ser\u00e1 visitante de Millonarios.<\/p>\n<p class=\"texto contenido-parrafo-articulo\" id=\"p239811-m1279-8-1280\"><b><i>\u00bfGamero es opci\u00f3n para dirigir a Santa Fe?<br \/><\/i><\/b>Siempre lo fue, hasta que el mismo t\u00e9cnico desisti\u00f3 de asumir ese reto en el equipo cardenal. As\u00ed, el encuentro con Eduardo M\u00e9ndez fue casual, pues Gamero tambi\u00e9n ten\u00eda un viaje programado este domingo, aunque se desconoce si era a su natal Santa Marta o a otra ciudad del caribe colombiano; lo cierto es que est\u00e1 en esa zona del pa\u00eds junto a su esposa, en plan de descanso.<\/p>\n<p>De esa manera quedan todas las dudas despejadas: Santa Fe s\u00ed tendr\u00e1 nuevo t\u00e9cnico, pero ser\u00e1 Jorge Bava y no Gamero.<\/p>\n<p>El uruguayo y su cuerpo t\u00e9cnico tendr\u00edan su primer pr\u00e1ctica en Santa Fe el jueves 27 de marzo, y Bava debutar\u00eda oficialmente el domingo 30 de marzo en Santa Marta, en la visita a Uni\u00f3n Magdalena por la fecha 11 de la Liga BetPlay I-2025.<\/p>\n<\/p><\/div>\n<p><script async src=\"https:\/\/platform.twitter.com\/widgets.js\" charset=\"utf-8\"><\/script><br \/>\n<br \/>\n","protected":false},"excerpt":{"rendered":"<p>En Independiente Santa Fe esperan anunciar esta semana a su nuevo director t\u00e9cnicoen medio de un interinato incre\u00edble con Francisco L\u00f3pez como t\u00e9cnico encargado, con 13 puntos de 15 posibles en los 5 partidos que ha dirigido. L\u00f3pez, quien es director deportivo de las categor\u00edas menores, dirigir\u00eda su \u00faltimo partido como interino este mi\u00e9rcoles 26 &hellip;<\/p>\n","protected":false},"author":1,"featured_media":19980,"comment_status":"open","ping_status":"open","sticky":false,"template":"","format":"standard","meta":{"fifu_image_url":"https:\/\/www.futbolred.com\/files\/og_thumbnail\/uploads\/2025\/03\/24\/67e0fb765e5cd.jpeg","fifu_image_alt":"","footnotes":""},"categories":[6],"tags":[],"class_list":["post-19978","post","type-post","status-publish","format-standard","has-post-thumbnail","","category-deportes"],"_links":{"self":[{"href":"https:\/\/noticiasveraces.com\/index.php?rest_route=\/wp\/v2\/posts\/19978","targetHints":{"allow":["GET"]}}],"collection":[{"href":"https:\/\/noticiasveraces.com\/index.php?rest_route=\/wp\/v2\/posts"}],"about":[{"href":"https:\/\/noticiasveraces.com\/index.php?rest_route=\/wp\/v2\/types\/post"}],"author":[{"embeddable":true,"href":"https:\/\/noticiasveraces.com\/index.php?rest_route=\/wp\/v2\/users\/1"}],"replies":[{"embeddable":true,"href":"https:\/\/noticiasveraces.com\/index.php?rest_route=%2Fwp%2Fv2%2Fcomments&post=19978"}],"version-history":[{"count":0,"href":"https:\/\/noticiasveraces.com\/index.php?rest_route=\/wp\/v2\/posts\/19978\/revisions"}],"wp:featuredmedia":[{"embeddable":true,"href":"https:\/\/noticiasveraces.com\/index.php?rest_route=\/wp\/v2\/media\/19980"}],"wp:attachment":[{"href":"https:\/\/noticiasveraces.com\/index.php?rest_route=%2Fwp%2Fv2%2Fmedia&parent=19978"}],"wp:term":[{"taxonomy":"category","embeddable":true,"href":"https:\/\/noticiasveraces.com\/index.php?rest_route=%2Fwp%2Fv2%2Fcategories&post=19978"},{"taxonomy":"post_tag","embeddable":true,"href":"https:\/\/noticiasveraces.com\/index.php?rest_route=%2Fwp%2Fv2%2Ftags&post=19978"}],"curies":[{"name":"wp","href":"https:\/\/api.w.org\/{rel}","templated":true}]}}