{"id":19948,"date":"2025-03-24T03:16:20","date_gmt":"2025-03-24T07:16:20","guid":{"rendered":"https:\/\/noticiasveraces.com\/?p=19948"},"modified":"2025-03-24T03:16:20","modified_gmt":"2025-03-24T07:16:20","slug":"ue-dice-estar-lista-para-reconstruir-gaza-pero-sin-hamas-dw-23-03-2025","status":"publish","type":"post","link":"https:\/\/noticiasveraces.com\/?p=19948","title":{"rendered":"UE dice estar lista para reconstruir Gaza, pero sin Ham\u00e1s \u2013 DW \u2013 23\/03\/2025"},"content":{"rendered":"<p> \n<\/p>\n<div>\n<p>La alta representante de la Uni\u00f3n Europea (UE) para la Pol\u00edtica Exterior, Kaja Kallas, anunci\u00f3 este domingo que la UE est\u00e1 preparada para presentar la ayuda necesaria para la reconstrucci\u00f3n de la Franja de Gaza y mostr\u00f3 el rechazo de los Veintisiete a la participaci\u00f3n de Ham\u00e1s en el futuro del enclave palestino.<\/p>\n<p>\u00abLa UE est\u00e1 preparada para presentar la ayuda financiera para la reconstrucci\u00f3n de Gaza y est\u00e1 claro que necesitamos m\u00e1s precisi\u00f3n en cuanto a compartir los costos, las preparaciones de seguridad y el gobierno de Gaza\u00bb, afirm\u00f3 la representante europea en una rueda de prensa conjunta con el ministro de Asuntos Exteriores egipcio, Badr Abdelaty, en El Cairo.<\/p>\n<p>Todos esos detalles \u00abse discutir\u00e1n con la delegaci\u00f3n ministerial \u00e1rabe-isl\u00e1mica\u00bb, en un encuentro previsto para esta jornada antes que Kallas abandone ma\u00f1ana Egipto con rumbo a Israel y Palestina.<\/p>\n<p>\u00abEst\u00e1 claro que no apoyamos ninguna participaci\u00f3n de Ham\u00e1s en el futuro gobierno de Gaza, y subrayo el compromiso de la UE en la soluci\u00f3n de dos estados como \u00fanica v\u00eda de alcanzar una paz duradera y justa\u00bb, remarc\u00f3.<\/p>\n<p>\u00abPor nuestra parte est\u00e1 claro que Ham\u00e1s tiene que librar a los rehenes y que Israel tiene que permitir la ayuda humanitaria, porque resulta dif\u00edcil hablar de la construcci\u00f3n de Gaza mientras se bombardea\u00bb, apunt\u00f3.<\/p>\n<h2>Jefa de la diplomacia europea visitar\u00e1 Israel y los Territorios Palestinos<\/h2>\n<p>La jefa de la diplomacia de la Uni\u00f3n Europea, Kaja Kallas, visitar\u00e1 este lunes (24.03.2025) Israel y Cisjordania palestina ocupada para instar a la reanudaci\u00f3n inmediata del acuerdo de alto el fuego en Gaza, anunci\u00f3 su oficina.<\/p>\n<p>\u00abLa misi\u00f3n ser\u00e1 una ocasi\u00f3n para discutir sobre el conflicto en Gaza, recordar la importancia de un acceso sin trabas y una distribuci\u00f3n sostenida de ayuda humanitaria a gran escala en Gaza, y pedir que se reanude inmediatamente la aplicaci\u00f3n plena del acuerdo de alto el fuego y la liberaci\u00f3n de rehenes\u00bb, declar\u00f3.<\/p>\n<p>(Efe, AFP\/MN)     <\/p>\n<\/p>\n<\/div>\n\n","protected":false},"excerpt":{"rendered":"<p>La alta representante de la Uni\u00f3n Europea (UE) para la Pol\u00edtica Exterior, Kaja Kallas, anunci\u00f3 este domingo que la UE est\u00e1 preparada para presentar la ayuda necesaria para la reconstrucci\u00f3n de la Franja de Gaza y mostr\u00f3 el rechazo de los Veintisiete a la participaci\u00f3n de Ham\u00e1s en el futuro del enclave palestino. \u00abLa UE &hellip;<\/p>\n","protected":false},"author":1,"featured_media":19949,"comment_status":"open","ping_status":"open","sticky":false,"template":"","format":"standard","meta":{"fifu_image_url":"https:\/\/static.dw.com\/image\/71983771_6.jpg","fifu_image_alt":"","footnotes":""},"categories":[13],"tags":[],"class_list":["post-19948","post","type-post","status-publish","format-standard","has-post-thumbnail","","category-mundo"],"_links":{"self":[{"href":"https:\/\/noticiasveraces.com\/index.php?rest_route=\/wp\/v2\/posts\/19948","targetHints":{"allow":["GET"]}}],"collection":[{"href":"https:\/\/noticiasveraces.com\/index.php?rest_route=\/wp\/v2\/posts"}],"about":[{"href":"https:\/\/noticiasveraces.com\/index.php?rest_route=\/wp\/v2\/types\/post"}],"author":[{"embeddable":true,"href":"https:\/\/noticiasveraces.com\/index.php?rest_route=\/wp\/v2\/users\/1"}],"replies":[{"embeddable":true,"href":"https:\/\/noticiasveraces.com\/index.php?rest_route=%2Fwp%2Fv2%2Fcomments&post=19948"}],"version-history":[{"count":0,"href":"https:\/\/noticiasveraces.com\/index.php?rest_route=\/wp\/v2\/posts\/19948\/revisions"}],"wp:featuredmedia":[{"embeddable":true,"href":"https:\/\/noticiasveraces.com\/index.php?rest_route=\/wp\/v2\/media\/19949"}],"wp:attachment":[{"href":"https:\/\/noticiasveraces.com\/index.php?rest_route=%2Fwp%2Fv2%2Fmedia&parent=19948"}],"wp:term":[{"taxonomy":"category","embeddable":true,"href":"https:\/\/noticiasveraces.com\/index.php?rest_route=%2Fwp%2Fv2%2Fcategories&post=19948"},{"taxonomy":"post_tag","embeddable":true,"href":"https:\/\/noticiasveraces.com\/index.php?rest_route=%2Fwp%2Fv2%2Ftags&post=19948"}],"curies":[{"name":"wp","href":"https:\/\/api.w.org\/{rel}","templated":true}]}}