{"id":19946,"date":"2025-03-24T02:14:56","date_gmt":"2025-03-24T06:14:56","guid":{"rendered":"https:\/\/noticiasveraces.com\/?p=19946"},"modified":"2025-03-24T02:14:56","modified_gmt":"2025-03-24T06:14:56","slug":"lula-busca-nuevos-mercados-en-visita-oficial-a-japon-dw-24-03-2025","status":"publish","type":"post","link":"https:\/\/noticiasveraces.com\/?p=19946","title":{"rendered":"Lula busca nuevos mercados en visita oficial a Jap\u00f3n \u2013 DW \u2013 24\/03\/2025"},"content":{"rendered":"<p> \n<\/p>\n<div>\n<p>El presidente brasile\u00f1o, Luiz In\u00e1cio Lula da Silva, lleg\u00f3 este lunes (24.03.2025) a Tokio, la capital de Jap\u00f3n,\u00a0para iniciar una visita oficial de tres d\u00edas, en la que ser\u00e1 recibido por los emperadores y por el primer ministro, en un viaje en el que busca expandir mercados para Brasil.<\/p>\n<p>Lula lleg\u00f3 al aeropuerto tokiota de Haneda a las 10:45 (2:45 de la madrugada CET) y fue recibido por una delegaci\u00f3n japonesa, seg\u00fan confirm\u00f3 un portavoz de la Canciller\u00eda nipona.<\/p>\n<p>En visita oficial entre el lunes y el mi\u00e9rcoles, Lula intentar\u00e1 un acuerdo que permita la entrada de la carne bovina brasile\u00f1a al mercado nip\u00f3n y tantear\u00e1 la posibilidad de abrir negociaciones para un acuerdo de libre comercio con el Mercosur (bloque integrado por Argentina, Brasil, Paraguay y Uruguay).<\/p>\n<p>En concreto, el Gobierno brasile\u00f1o intentar\u00e1 convencer a Jap\u00f3n de que env\u00ede una misi\u00f3n t\u00e9cnica de autoridades sanitarias a Brasil para que inspeccione las condiciones de producci\u00f3n de carne bovina en el pa\u00eds y levante las actuales restricciones al producto latinoamericano en el tercer mayor comprador de carnes del mundo.<\/p>\n<p>Brasil es el mayor productor y exportador de carne bovina y de pollo en el mundo.<\/p>\n<h2>El tercer mayor socio comercial de Brasil en Asia<\/h2>\n<p>Jap\u00f3n fue el tercer mayor socio comercial de Brasil en Asia el a\u00f1o pasado, con un intercambio comercial que sum\u00f3 unos 11.000 millones de d\u00f3lares y un super\u00e1vit brasile\u00f1o de 148 millones de d\u00f3lares.<\/p>\n<p>La visita oficial se produce en un momento en el que Brasil comienza a buscar mercados para dirigir los productos que puedan sufrir restricciones en Estados Unidos con la pol\u00edtica de imposici\u00f3n de aranceles del presidente Donald Trump.<\/p>\n<p>Igualmente se produce en un momento en que el gigante latinoamericano busca alternativas para, en medio de la incertidumbre generada por la actual guerra comercial, reducir su dependencia de China, el mayor destino de sus exportaciones.<\/p>\n<p><span data-slot-id=\"Article_InContent-1\" class=\"rich-text-ad\"\/><\/p>\n<h2>Encuentro con los emperadores<\/h2>\n<p>El martes, Lula tendr\u00e1 un encuentro con el emperador Naruhito y la emperatriz Masako.<\/p>\n<p>Ese mismo d\u00eda los emperadores ofrecer\u00e1n una cena en el Palacio Imperial para homenajear al l\u00edder progresista brasile\u00f1o y a parte de los miembros de su comitiva, entre los que figuran once ministros y los presidentes del Senado, Davi Alcolumbre, y la C\u00e1mara de Diputados, Hugo Motta.<\/p>\n<p>El mi\u00e9rcoles el presidente brasile\u00f1o participar\u00e1 en el F\u00f3rum Empresarial Brasil-Jap\u00f3n con empresarios de ambos pa\u00edses y tendr\u00e1 una reuni\u00f3n con el primer ministro japon\u00e9s, Shigeru Ishiba, quien tambi\u00e9n ser\u00e1 su anfitri\u00f3n en una cena en el Palacio Akasaka.<\/p>\n<p>Se espera que Ishiba y Lula acuerden un \u00abplan de acci\u00f3n\u00bb dirigido a potenciar diversas \u00e1reas de la cooperaci\u00f3n bilateral, entre las que estar\u00e1n la seguridad y las inversiones, seg\u00fan adelantaron fuentes diplom\u00e1ticas.<\/p>\n<p>Tras su paso por Jap\u00f3n, Lula viajar\u00e1 el jueves a Han\u00f3i para una visita oficial a partir del viernes en la que se reunir\u00e1 con el primer ministro de Vietnam, Pham Minh Chinh, quien visit\u00f3 Brasil el a\u00f1o pasado para iniciar conversaciones que permitan establecer una asociaci\u00f3n estrat\u00e9gica entre ambos pa\u00edses.<\/p>\n<p>Igualmente el viernes el l\u00edder progresista se reunir\u00e1 con el presidente vietnamita, Luong Cuong.<\/p>\n<p><strong>JC (EFE, AFP, CGNT)<\/strong> <\/p>\n<\/p>\n<\/div>\n\n","protected":false},"excerpt":{"rendered":"<p>El presidente brasile\u00f1o, Luiz In\u00e1cio Lula da Silva, lleg\u00f3 este lunes (24.03.2025) a Tokio, la capital de Jap\u00f3n,\u00a0para iniciar una visita oficial de tres d\u00edas, en la que ser\u00e1 recibido por los emperadores y por el primer ministro, en un viaje en el que busca expandir mercados para Brasil. Lula lleg\u00f3 al aeropuerto tokiota de &hellip;<\/p>\n","protected":false},"author":1,"featured_media":19947,"comment_status":"open","ping_status":"open","sticky":false,"template":"","format":"standard","meta":{"fifu_image_url":"https:\/\/static.dw.com\/image\/71462970_6.jpg","fifu_image_alt":"","footnotes":""},"categories":[13],"tags":[],"class_list":["post-19946","post","type-post","status-publish","format-standard","has-post-thumbnail","","category-mundo"],"_links":{"self":[{"href":"https:\/\/noticiasveraces.com\/index.php?rest_route=\/wp\/v2\/posts\/19946","targetHints":{"allow":["GET"]}}],"collection":[{"href":"https:\/\/noticiasveraces.com\/index.php?rest_route=\/wp\/v2\/posts"}],"about":[{"href":"https:\/\/noticiasveraces.com\/index.php?rest_route=\/wp\/v2\/types\/post"}],"author":[{"embeddable":true,"href":"https:\/\/noticiasveraces.com\/index.php?rest_route=\/wp\/v2\/users\/1"}],"replies":[{"embeddable":true,"href":"https:\/\/noticiasveraces.com\/index.php?rest_route=%2Fwp%2Fv2%2Fcomments&post=19946"}],"version-history":[{"count":0,"href":"https:\/\/noticiasveraces.com\/index.php?rest_route=\/wp\/v2\/posts\/19946\/revisions"}],"wp:featuredmedia":[{"embeddable":true,"href":"https:\/\/noticiasveraces.com\/index.php?rest_route=\/wp\/v2\/media\/19947"}],"wp:attachment":[{"href":"https:\/\/noticiasveraces.com\/index.php?rest_route=%2Fwp%2Fv2%2Fmedia&parent=19946"}],"wp:term":[{"taxonomy":"category","embeddable":true,"href":"https:\/\/noticiasveraces.com\/index.php?rest_route=%2Fwp%2Fv2%2Fcategories&post=19946"},{"taxonomy":"post_tag","embeddable":true,"href":"https:\/\/noticiasveraces.com\/index.php?rest_route=%2Fwp%2Fv2%2Ftags&post=19946"}],"curies":[{"name":"wp","href":"https:\/\/api.w.org\/{rel}","templated":true}]}}