{"id":19944,"date":"2025-03-24T01:14:01","date_gmt":"2025-03-24T05:14:01","guid":{"rendered":"https:\/\/noticiasveraces.com\/?p=19944"},"modified":"2025-03-24T01:14:01","modified_gmt":"2025-03-24T05:14:01","slug":"oposicion-turca-protestara-hasta-que-liberen-a-imamoglu-dw-24-03-2025","status":"publish","type":"post","link":"https:\/\/noticiasveraces.com\/?p=19944","title":{"rendered":"Oposici\u00f3n turca protestar\u00e1 hasta que liberen a Imamoglu \u2013 DW \u2013 24\/03\/2025"},"content":{"rendered":"<p> \n<\/p>\n<div>\n<p>El mayor partido de la oposici\u00f3n de Turqu\u00eda, el socialdem\u00f3crata CHP, anunci\u00f3 este domingo (23.03.2025) movilizaciones diarias hasta conseguir la puesta en libertad del alcalde de Estambul, Ekrem Imamoglu, enviado a prisi\u00f3n preventiva bajo acusaciones de corrupci\u00f3n que sus seguidores consideran falsas.<\/p>\n<p>\u00abA partir de ma\u00f1ana nos reuniremos a las 20.30 horas (17.30 GMT), tanto aqu\u00ed en Estambul como en toda Turqu\u00eda, en las plazas que se anuncien\u00bb, proclam\u00f3 el l\u00edder del CHP, \u00d6zg\u00fcr \u00d6zel, ante una enorme multitud que se congreg\u00f3 por quinto d\u00eda consecutivo ante el ayuntamiento de la ciudad del B\u00f3sforo.<\/p>\n<p>\u00abTras consultar con los dem\u00e1s partidos y grupos, designaremos una plaza, ya sea Sara\u00e7hane, ya sea otra mayor, nos congregaremos y no pararemos hasta que no nos devuelvan a nuestro candidato presidencial\u00bb, anunci\u00f3 \u00d6zel.<\/p>\n<p>Aunque los comicios est\u00e1n previstos para 2028, la oposici\u00f3n reclama que se adelanten y considera la causa judicial abierta contra Imamoglu como una maniobra del Gobierno para bloquear el camino del popular alcalde hacia la Presidencia.<\/p>\n<p>El mi\u00e9rcoles, fecha en la que fue detenido Imamoglu bajo acusaciones de corrupci\u00f3n y de colaboraci\u00f3n con el terrorismo, decenas de miles de personas se congregaron ante la alcald\u00eda, convocadas por el CHP.<\/p>\n<p>El n\u00famero de participantes en las multitudinarias manifestaciones ha ido creciendo d\u00eda a d\u00eda, superando ampliamente los 50.000 ayer y probablemente rebasando los cien mil hoy, pese a las amplias prohibiciones de protestas y marchas impuestas por las autoridades hasta el pr\u00f3ximo martes.<\/p>\n<p>Tambi\u00e9n hubo, todos los d\u00edas, protestas en el resto del pa\u00eds, especialmente en Esmirna y en Ankara, donde la polic\u00eda hoy volvi\u00f3 a dispersar a los manifestantes con cargas de gas lacrim\u00f3geno, informa la cadena turca NTV.<\/p>\n<p>La televisi\u00f3n, una de las mayores del pa\u00eds, que apenas hab\u00eda cubierto las protestas en los \u00faltimos d\u00edas, empez\u00f3 a emitir im\u00e1genes despu\u00e9s de que \u00d6zel invitara en su discurso de hoy a sus seguidores a boicotear las emisoras que no cubrieran las protestas, subraya el diario opositor Cumhuriyet.<\/p>\n<p>En su discurso, \u00d6zel llam\u00f3 tambi\u00e9n a los votantes del AKP y de su aliado, el ultranacionalista MHP, a adherirse a las protestas, subrayando el desastre econ\u00f3mico desencadenado por la detenci\u00f3n de Imamoglu, con un desplome de la Bolsa de Estambul y la necesidad del Banco Central de vender divisas para estabilizar la lira.<\/p>\n<p>Aunque no hay confirmaci\u00f3n oficial de la dimensi\u00f3n de las p\u00e9rdidas, \u00d6zel asegur\u00f3 que en solo tres d\u00edas el Banco tuvo que gastar 26.000 millones de d\u00f3lares para evitar el hundimiento de la moneda nacional.<\/p>\n<p>El Banco Central convoc\u00f3 este domingo una reuni\u00f3n con los directivos de varios bancos turcos para evaluar la situaci\u00f3n, prometiendo usar \u00abde manera eficiente sus herramientas\u00bb, indica el diario economista D\u00fcnya.<\/p>\n<p>Adem\u00e1s, el Consejo de Mercados del Capital, un organismo oficial turco, anunci\u00f3 tambi\u00e9n hoy medidas para evitar ventas de especulaci\u00f3n a la baja y prevenir nuevos desplomes en la Bolsa.<\/p>\n<p><span data-slot-id=\"Article_InContent-1\" class=\"rich-text-ad\"\/><\/p>\n<h2>Rev\u00e9s para la democracia<\/h2>\n<p>De su lado, Alemania dijo que el encarcelamiento del alcalde de Estambul es un importante rev\u00e9s para la democracia en Turqu\u00eda y pidi\u00f3 transparencia y un juicio basado en el Estado de derecho para aclarar las acusaciones.<\/p>\n<p>\u00abEl encarcelamiento del alcalde de Estambul y destacado pol\u00edtico opositor Ekrem Imamoglu es un importante rev\u00e9s para la democracia en Turqu\u00eda\u00bb, dijo un portavoz del Ministerio de Exteriores.<\/p>\n<p>En opini\u00f3n de la diplomacia germana, la competici\u00f3n pol\u00edtica entre rivales \u00abno debe realizarse a trav\u00e9s de tribunales y prisiones\u00bb.<\/p>\n<p>\u00abEsperamos que las acusaciones se aclaren de forma transparente lo m\u00e1s r\u00e1pidamente posible y que se celebre un juicio basado en el Estado de derecho\u00bb, a\u00f1adi\u00f3.<\/p>\n<p>Lo mismo, indic\u00f3 el portavoz, se aplica a las acusaciones contra los manifestantes detenidos.<\/p>\n<p>\u00abEl respeto al Estado de derecho y a los principios democr\u00e1ticos sigue siendo un componente central de nuestras relaciones con Turqu\u00eda, tanto a nivel bilateral como en las relaciones entre la Uni\u00f3n Europea y Turqu\u00eda\u00bb, record\u00f3 Berl\u00edn a Ankara.<\/p>\n<p>Un tribunal de Estambul impuso este domingo prisi\u00f3n preventiva a Imamoglu, l\u00edder socialdem\u00f3crata, principal rival del presidente de Turqu\u00eda, Recep Tayyip Erdogan, y cuya detenci\u00f3n el pasado mi\u00e9rcoles ha desatado una masiva ola de protestas en todo el pa\u00eds.<\/p>\n<p>El dictamen se refiere a la acusaci\u00f3n de corrupci\u00f3n y sobornos, una de las dos causas judiciales abiertas contra \u00e9l, mientras que los jueces decidieron no imponer medidas en el juicio por presunta colaboraci\u00f3n con un grupo terrorista, en referencia a la guerrilla kurda.<\/p>\n<p>El partido de Imamoglu, el socialdem\u00f3crata CHP, hab\u00eda anunciado que iba a presentar al popular alcalde como candidato presidencial en las pr\u00f3ximas elecciones, previstas para 2028, aunque la oposici\u00f3n reclama que se adelanten.<\/p>\n<p>Mg (Efe, AP)<\/p>\n<\/p>\n<\/div>\n\n","protected":false},"excerpt":{"rendered":"<p>El mayor partido de la oposici\u00f3n de Turqu\u00eda, el socialdem\u00f3crata CHP, anunci\u00f3 este domingo (23.03.2025) movilizaciones diarias hasta conseguir la puesta en libertad del alcalde de Estambul, Ekrem Imamoglu, enviado a prisi\u00f3n preventiva bajo acusaciones de corrupci\u00f3n que sus seguidores consideran falsas. \u00abA partir de ma\u00f1ana nos reuniremos a las 20.30 horas (17.30 GMT), tanto &hellip;<\/p>\n","protected":false},"author":1,"featured_media":19945,"comment_status":"open","ping_status":"open","sticky":false,"template":"","format":"standard","meta":{"fifu_image_url":"https:\/\/static.dw.com\/image\/72013962_6.jpg","fifu_image_alt":"","footnotes":""},"categories":[13],"tags":[],"class_list":["post-19944","post","type-post","status-publish","format-standard","has-post-thumbnail","","category-mundo"],"_links":{"self":[{"href":"https:\/\/noticiasveraces.com\/index.php?rest_route=\/wp\/v2\/posts\/19944","targetHints":{"allow":["GET"]}}],"collection":[{"href":"https:\/\/noticiasveraces.com\/index.php?rest_route=\/wp\/v2\/posts"}],"about":[{"href":"https:\/\/noticiasveraces.com\/index.php?rest_route=\/wp\/v2\/types\/post"}],"author":[{"embeddable":true,"href":"https:\/\/noticiasveraces.com\/index.php?rest_route=\/wp\/v2\/users\/1"}],"replies":[{"embeddable":true,"href":"https:\/\/noticiasveraces.com\/index.php?rest_route=%2Fwp%2Fv2%2Fcomments&post=19944"}],"version-history":[{"count":0,"href":"https:\/\/noticiasveraces.com\/index.php?rest_route=\/wp\/v2\/posts\/19944\/revisions"}],"wp:featuredmedia":[{"embeddable":true,"href":"https:\/\/noticiasveraces.com\/index.php?rest_route=\/wp\/v2\/media\/19945"}],"wp:attachment":[{"href":"https:\/\/noticiasveraces.com\/index.php?rest_route=%2Fwp%2Fv2%2Fmedia&parent=19944"}],"wp:term":[{"taxonomy":"category","embeddable":true,"href":"https:\/\/noticiasveraces.com\/index.php?rest_route=%2Fwp%2Fv2%2Fcategories&post=19944"},{"taxonomy":"post_tag","embeddable":true,"href":"https:\/\/noticiasveraces.com\/index.php?rest_route=%2Fwp%2Fv2%2Ftags&post=19944"}],"curies":[{"name":"wp","href":"https:\/\/api.w.org\/{rel}","templated":true}]}}