{"id":19930,"date":"2025-03-23T23:10:16","date_gmt":"2025-03-24T03:10:16","guid":{"rendered":"https:\/\/noticiasveraces.com\/?p=19930"},"modified":"2025-03-23T23:10:16","modified_gmt":"2025-03-24T03:10:16","slug":"tribunal-surcoreano-niega-destitucion-de-presidente-interino-dw-24-03-2025","status":"publish","type":"post","link":"https:\/\/noticiasveraces.com\/?p=19930","title":{"rendered":"Tribunal surcoreano niega destituci\u00f3n de presidente interino \u2013 DW \u2013 24\/03\/2025"},"content":{"rendered":"<p> \n<\/p>\n<div>\n<p>El Tribunal Constitucional de Corea del Sur desestim\u00f3 este lunes (24.03.2025) la destituci\u00f3n del primer ministro surcoreano, Han Duck-soo, que fue suspendido como presidente interino el a\u00f1o pasado.<\/p>\n<p>El fallo se produce antes de que el mismo tribunal emita otro dictamen sobre la destituci\u00f3n del presidente suspendido Yoon Suk-yeol, despu\u00e9s de que se viera envuelto en una crisis pol\u00edtica tras su breve imposici\u00f3n de la ley marcial en el pa\u00eds.<\/p>\n<p>La decisi\u00f3n de hoy se produjo con cinco votos a favor y uno en contra por parte de los miembros del tribunal, mientras que otros dos jueces votaron a favor de rechazar la moci\u00f3n en su totalidad.<\/p>\n<p>La decisi\u00f3n restituye a Han como presidente interino. El fallo se produjo tres meses despu\u00e9s de que la Asamblea Nacional acusara al primer ministro y entonces presidente interino por su presunto papel en la declaraci\u00f3n de ley marcial del 3 de diciembre por parte de Yoon, entre otras razones.<\/p>\n<p>Han llevaba menos de dos semanas en el cargo de presidente interino y fue destituido el 27 de diciembre tras enfrentarse al parlamento, liderado por la oposici\u00f3n, al negarse a nombrar a tres jueces m\u00e1s para el Tribunal Constitucional.<\/p>\n<h2>Fallo contra Yoon<\/h2>\n<p>Entonces, el ministro de Finanzas, Choi Sang-mok, asumi\u00f3 el cargo de presidente interino mientras el Tribunal Constitucional examinaba los casos de Yoon y Han.<\/p>\n<p>Todav\u00eda se desconoce la fecha en la que el Tribunal Constitucional emitir\u00e1 el fallo contra Yoon, que decidir\u00e1 si se confirma su suspensi\u00f3n o si recupera sus poderes presidenciales.<\/p>\n<p>Para el mismo, la Polic\u00eda surcoreana activar\u00e1 su m\u00e1ximo nivel de emergencia y movilizar\u00e1 al 100 % de la fuerza policial el d\u00eda del fallo, con el fin de evitar posibles disturbios, protestas masivas y ataques contra instalaciones clave.<\/p>\n<p>El Tribunal Constitucional concluy\u00f3 a finales del mes pasado el juicio pol\u00edtico sobre la destituci\u00f3n contra Yoon por su declaraci\u00f3n sobre la ley marcial del 3 de diciembre.<\/p>\n<p>MG (Efe, Reuters)<\/p>\n<\/p>\n<\/div>\n\n","protected":false},"excerpt":{"rendered":"<p>El Tribunal Constitucional de Corea del Sur desestim\u00f3 este lunes (24.03.2025) la destituci\u00f3n del primer ministro surcoreano, Han Duck-soo, que fue suspendido como presidente interino el a\u00f1o pasado. El fallo se produce antes de que el mismo tribunal emita otro dictamen sobre la destituci\u00f3n del presidente suspendido Yoon Suk-yeol, despu\u00e9s de que se viera envuelto &hellip;<\/p>\n","protected":false},"author":1,"featured_media":19931,"comment_status":"open","ping_status":"open","sticky":false,"template":"","format":"standard","meta":{"fifu_image_url":"https:\/\/static.dw.com\/image\/66241482_6.jpg","fifu_image_alt":"","footnotes":""},"categories":[13],"tags":[],"class_list":["post-19930","post","type-post","status-publish","format-standard","has-post-thumbnail","","category-mundo"],"_links":{"self":[{"href":"https:\/\/noticiasveraces.com\/index.php?rest_route=\/wp\/v2\/posts\/19930","targetHints":{"allow":["GET"]}}],"collection":[{"href":"https:\/\/noticiasveraces.com\/index.php?rest_route=\/wp\/v2\/posts"}],"about":[{"href":"https:\/\/noticiasveraces.com\/index.php?rest_route=\/wp\/v2\/types\/post"}],"author":[{"embeddable":true,"href":"https:\/\/noticiasveraces.com\/index.php?rest_route=\/wp\/v2\/users\/1"}],"replies":[{"embeddable":true,"href":"https:\/\/noticiasveraces.com\/index.php?rest_route=%2Fwp%2Fv2%2Fcomments&post=19930"}],"version-history":[{"count":0,"href":"https:\/\/noticiasveraces.com\/index.php?rest_route=\/wp\/v2\/posts\/19930\/revisions"}],"wp:featuredmedia":[{"embeddable":true,"href":"https:\/\/noticiasveraces.com\/index.php?rest_route=\/wp\/v2\/media\/19931"}],"wp:attachment":[{"href":"https:\/\/noticiasveraces.com\/index.php?rest_route=%2Fwp%2Fv2%2Fmedia&parent=19930"}],"wp:term":[{"taxonomy":"category","embeddable":true,"href":"https:\/\/noticiasveraces.com\/index.php?rest_route=%2Fwp%2Fv2%2Fcategories&post=19930"},{"taxonomy":"post_tag","embeddable":true,"href":"https:\/\/noticiasveraces.com\/index.php?rest_route=%2Fwp%2Fv2%2Ftags&post=19930"}],"curies":[{"name":"wp","href":"https:\/\/api.w.org\/{rel}","templated":true}]}}