{"id":19926,"date":"2025-03-23T21:05:16","date_gmt":"2025-03-24T01:05:16","guid":{"rendered":"https:\/\/noticiasveraces.com\/?p=19926"},"modified":"2025-03-23T21:05:16","modified_gmt":"2025-03-24T01:05:16","slug":"al-menos-un-muerto-en-supuestos-ataques-de-ee-uu-en-yemen-dw-24-03-2025","status":"publish","type":"post","link":"https:\/\/noticiasveraces.com\/?p=19926","title":{"rendered":"Al menos un muerto en supuestos ataques de EE.UU. en Yemen \u2013 DW \u2013 24\/03\/2025"},"content":{"rendered":"<p> \n<\/p>\n<div>\n<p>Al menos una persona muri\u00f3 y otras 13 resultaron heridas este domingo (23.03.2025) en un ataque a\u00e9reo de Estados Unidos contra un almac\u00e9n situado en el s\u00f3tano de un edificio residencial en un barrio de la capital yemen\u00ed, San\u00e1, inform\u00f3 el Ministerio de Salud controlado por los rebeldes hut\u00edes del Yemen.<\/p>\n<p>El portavoz del citado departamento, Anees al Asbahi, conden\u00f3 en su perfil oficial de X \u00abla flagrante agresi\u00f3n estadounidense\u00bb que \u00ablanz\u00f3 varios ataques, teniendo como objetivo deliberado y directo un edificio en un barrio residencial\u00bb en el \u00e1rea de Asr, del Distrito Principal de la capital.<\/p>\n<p>El informe preliminar compartido por el ministro detall\u00f3 que un ciudadano muri\u00f3 y otros 13 resultaron heridos en este ataque dirigido contra un supuesto almac\u00e9n ubicado en el s\u00f3tano del edificio afectado, si bien no detall\u00f3 si las v\u00edctimas eran residentes del inmueble o personas que se encontraban en las inmediaciones.<\/p>\n<p>Varios testigos dijeron a EFE que el hombre fallecido y los heridos eran transe\u00fantes en la calle y que el edificio no estaba ocupado por residentes en el momento en el que el misil impact\u00f3 en el s\u00f3tano del edificio que se utilizaba como almac\u00e9n.<\/p>\n<p>La agencia EFE constat\u00f3 sobre el terreno c\u00f3mo fuerzas de seguridad, con antorchas atadas a la cabeza, buscaban sobrevivientes entre el mont\u00f3n de hormig\u00f3n destrozado, metal retorcido y pertenencias esparcidas, mientras una multitud de personas se arremolinaban detr\u00e1s del cord\u00f3n policial. <\/p>\n<p><span data-slot-id=\"Article_InContent-1\" class=\"rich-text-ad\"\/><\/p>\n<h2>\u00abObjetivos civiles y civiles\u00bb<\/h2>\n<p>\u00abConsideramos a los Estados Unidos, a la comunidad internacional y a las organizaciones internacionales y humanitarias pol\u00edtica y moralmente responsables de las consecuencias de los ataques y bombardeos deliberados de instalaciones civiles y barrios residenciales\u00bb, agreg\u00f3 el ministro.<\/p>\n<p>Tambi\u00e9n hizo un llamamiento a la comunidad internacional, organizaciones e instituciones de derechos humanos y humanitarias para \u00abdenunciar y criminalizar las violaciones de la agresi\u00f3n estadounidense que tienen como blanco objetivos civiles y civiles\u00bb.<\/p>\n<p>La televisi\u00f3n Al Masirah, portavoz de los rebeldes yemen\u00edes, inform\u00f3 que la aviaci\u00f3n estadounidense lanz\u00f3 dos ataques contra los alrededores de San\u00e1, concretamente contra las localidades de Sahar y Saqayna, si bien no inform\u00f3 de cifras de posibles v\u00edctimas ni detalles de da\u00f1os materiales.<\/p>\n<p>Las operaciones militares a\u00e9reas de EE.UU. en el Yemen se producen pocos d\u00edas despu\u00e9s de que los hut\u00edes aseguraran que reanudar\u00edan sus ataques contra barcos israel\u00edes o vinculados al Estado jud\u00edo si Israel no levanta el asedio a Gaza.<\/p>\n<p>El movimiento insurgente respaldado por Ir\u00e1n ha lanzado cientos de ataques contra Israel, as\u00ed como contra la navegaci\u00f3n comercial en los mares Rojo y Ar\u00e1bigo, desde el estallido de la guerra en la Franja de Gaza el 7 de octubre de 2023 en respuesta a la matanza de palestinos por parte del Estado jud\u00edo.<\/p>\n<p>MG (Efe, Reuters)<\/p>\n<\/p>\n<\/div>\n\n","protected":false},"excerpt":{"rendered":"<p>Al menos una persona muri\u00f3 y otras 13 resultaron heridas este domingo (23.03.2025) en un ataque a\u00e9reo de Estados Unidos contra un almac\u00e9n situado en el s\u00f3tano de un edificio residencial en un barrio de la capital yemen\u00ed, San\u00e1, inform\u00f3 el Ministerio de Salud controlado por los rebeldes hut\u00edes del Yemen. El portavoz del citado &hellip;<\/p>\n","protected":false},"author":1,"featured_media":19927,"comment_status":"open","ping_status":"open","sticky":false,"template":"","format":"standard","meta":{"fifu_image_url":"https:\/\/static.dw.com\/image\/71997914_6.jpg","fifu_image_alt":"","footnotes":""},"categories":[13],"tags":[],"class_list":["post-19926","post","type-post","status-publish","format-standard","has-post-thumbnail","","category-mundo"],"_links":{"self":[{"href":"https:\/\/noticiasveraces.com\/index.php?rest_route=\/wp\/v2\/posts\/19926","targetHints":{"allow":["GET"]}}],"collection":[{"href":"https:\/\/noticiasveraces.com\/index.php?rest_route=\/wp\/v2\/posts"}],"about":[{"href":"https:\/\/noticiasveraces.com\/index.php?rest_route=\/wp\/v2\/types\/post"}],"author":[{"embeddable":true,"href":"https:\/\/noticiasveraces.com\/index.php?rest_route=\/wp\/v2\/users\/1"}],"replies":[{"embeddable":true,"href":"https:\/\/noticiasveraces.com\/index.php?rest_route=%2Fwp%2Fv2%2Fcomments&post=19926"}],"version-history":[{"count":0,"href":"https:\/\/noticiasveraces.com\/index.php?rest_route=\/wp\/v2\/posts\/19926\/revisions"}],"wp:featuredmedia":[{"embeddable":true,"href":"https:\/\/noticiasveraces.com\/index.php?rest_route=\/wp\/v2\/media\/19927"}],"wp:attachment":[{"href":"https:\/\/noticiasveraces.com\/index.php?rest_route=%2Fwp%2Fv2%2Fmedia&parent=19926"}],"wp:term":[{"taxonomy":"category","embeddable":true,"href":"https:\/\/noticiasveraces.com\/index.php?rest_route=%2Fwp%2Fv2%2Fcategories&post=19926"},{"taxonomy":"post_tag","embeddable":true,"href":"https:\/\/noticiasveraces.com\/index.php?rest_route=%2Fwp%2Fv2%2Ftags&post=19926"}],"curies":[{"name":"wp","href":"https:\/\/api.w.org\/{rel}","templated":true}]}}