{"id":19919,"date":"2025-03-23T20:03:09","date_gmt":"2025-03-24T00:03:09","guid":{"rendered":"https:\/\/noticiasveraces.com\/?p=19919"},"modified":"2025-03-23T20:03:09","modified_gmt":"2025-03-24T00:03:09","slug":"canada-oficializa-elecciones-legislativas-anticipadas-dw-23-03-2025","status":"publish","type":"post","link":"https:\/\/noticiasveraces.com\/?p=19919","title":{"rendered":"Canad\u00e1 oficializa elecciones legislativas anticipadas \u2013 DW \u2013 23\/03\/2025"},"content":{"rendered":"<p> \n<\/p>\n<div>\n<p>El primer ministro canadiense, Mark Carney, solicit\u00f3 este domingo (23.03.2025) a la gobernadora general del pa\u00eds, que ejerce las funciones de jefa de Estado, Mary Simon, la disoluci\u00f3n del Parlamento y la celebraci\u00f3n de elecciones anticipadas el 28 de abril.<\/p>\n<p>Carney, que se convirti\u00f3 en primer ministro el pasado 14 de marzo tras la dimisi\u00f3n de Justin Trudeau, decidi\u00f3 anticipar seis meses las elecciones cuando las \u00faltimas encuestas se\u00f1alan que el gobernante Partido Liberal (PL) puede ganar por cuarta vez consecutiva y alcanzar la mayor\u00eda de la C\u00e1mara Baja del Parlamento. <\/p>\n<p>El an\u00e1lisis de las encuestas de la radiotelevisi\u00f3n p\u00fablica canadiense, CBC, coloca al Partido Liberal de Carney con una intenci\u00f3n de voto del 37,5 %, lo que podr\u00eda suponer 174 de los 338 esca\u00f1os de la C\u00e1mara de los Comunes, dos m\u00e1s de la mayor\u00eda. Mientras que el Partido Conservador (PC), liderado por Pierre Poilievre, conseguir\u00eda un 37,1 % de los votos y 134 diputados.<\/p>\n<h2>Campa\u00f1a con el fantasma de Trump<\/h2>\n<p>La campa\u00f1a electoral estar\u00e1 marcada por las amenazas del presidente estadounidense, Donald Trump, de convertir Canad\u00e1 en el 51 estado del vecino pa\u00eds. Desde que lleg\u00f3 a la Casa Blanca el 20 de enero, Trump ha impuesto aranceles a parte de las importaciones canadienses y ha se\u00f1alado que est\u00e1 dispuesto a utilizar \u00abla fuerza econ\u00f3mica\u00bb de EE.UU. para anexionar Canad\u00e1.<\/p>\n<p>Los sondeos revelan que las amenazas de Trump se han convertido en la principal preocupaci\u00f3n del electorado canadiense, por delante de los temas econ\u00f3micos que durante 2024 minaron el apoyo a los liberales y finalmente forzaron la dimisi\u00f3n de Trudeau.<\/p>\n<p>\u00abEstamos encarando la crisis m\u00e1s significante de nuestra vida por las injustificadas acciones comerciales del presidente Trump y sus amenazas a nuestra soberan\u00eda\u00bb, declar\u00f3 ante los medios de comunicaci\u00f3n.<\/p>\n<p>(Efe, AFP\/MN)<\/p>\n<\/p>\n<\/div>\n\n","protected":false},"excerpt":{"rendered":"<p>El primer ministro canadiense, Mark Carney, solicit\u00f3 este domingo (23.03.2025) a la gobernadora general del pa\u00eds, que ejerce las funciones de jefa de Estado, Mary Simon, la disoluci\u00f3n del Parlamento y la celebraci\u00f3n de elecciones anticipadas el 28 de abril. Carney, que se convirti\u00f3 en primer ministro el pasado 14 de marzo tras la dimisi\u00f3n &hellip;<\/p>\n","protected":false},"author":1,"featured_media":19920,"comment_status":"open","ping_status":"open","sticky":false,"template":"","format":"standard","meta":{"fifu_image_url":"https:\/\/static.dw.com\/image\/72012346_6.jpg","fifu_image_alt":"","footnotes":""},"categories":[13],"tags":[],"class_list":["post-19919","post","type-post","status-publish","format-standard","has-post-thumbnail","","category-mundo"],"_links":{"self":[{"href":"https:\/\/noticiasveraces.com\/index.php?rest_route=\/wp\/v2\/posts\/19919","targetHints":{"allow":["GET"]}}],"collection":[{"href":"https:\/\/noticiasveraces.com\/index.php?rest_route=\/wp\/v2\/posts"}],"about":[{"href":"https:\/\/noticiasveraces.com\/index.php?rest_route=\/wp\/v2\/types\/post"}],"author":[{"embeddable":true,"href":"https:\/\/noticiasveraces.com\/index.php?rest_route=\/wp\/v2\/users\/1"}],"replies":[{"embeddable":true,"href":"https:\/\/noticiasveraces.com\/index.php?rest_route=%2Fwp%2Fv2%2Fcomments&post=19919"}],"version-history":[{"count":0,"href":"https:\/\/noticiasveraces.com\/index.php?rest_route=\/wp\/v2\/posts\/19919\/revisions"}],"wp:featuredmedia":[{"embeddable":true,"href":"https:\/\/noticiasveraces.com\/index.php?rest_route=\/wp\/v2\/media\/19920"}],"wp:attachment":[{"href":"https:\/\/noticiasveraces.com\/index.php?rest_route=%2Fwp%2Fv2%2Fmedia&parent=19919"}],"wp:term":[{"taxonomy":"category","embeddable":true,"href":"https:\/\/noticiasveraces.com\/index.php?rest_route=%2Fwp%2Fv2%2Fcategories&post=19919"},{"taxonomy":"post_tag","embeddable":true,"href":"https:\/\/noticiasveraces.com\/index.php?rest_route=%2Fwp%2Fv2%2Ftags&post=19919"}],"curies":[{"name":"wp","href":"https:\/\/api.w.org\/{rel}","templated":true}]}}