{"id":19895,"date":"2025-03-23T16:48:13","date_gmt":"2025-03-23T20:48:13","guid":{"rendered":"https:\/\/noticiasveraces.com\/?p=19895"},"modified":"2025-03-23T16:48:13","modified_gmt":"2025-03-23T20:48:13","slug":"gobierno-turco-suspende-a-imamoglu-como-alcalde-de-estambul-dw-23-03-2025","status":"publish","type":"post","link":"https:\/\/noticiasveraces.com\/?p=19895","title":{"rendered":"Gobierno turco suspende a Imamoglu como alcalde de Estambul \u2013 DW \u2013 23\/03\/2025"},"content":{"rendered":"<p> \n<\/p>\n<div>\n<p>El Ministerio del Interior de Turqu\u00eda anunci\u00f3 este domingo (23.03.2025) que suspende de su cargo al alcalde de Estambul, Ekrem Imamoglu, enviado a prisi\u00f3n preventiva por cargos de corrupci\u00f3n. No obstante, no han intervenido la alcald\u00eda nombrando a un funcionario en su lugar.<\/p>\n<p>En un comunicado publicado en la red X, el ministerio indica que como \u00abmedida temporal\u00bb suspende a Imamoglu, acusado de cuatro delitos en el marco de una investigaci\u00f3n sobre corrupci\u00f3n por la que fue detenido el mi\u00e9rcoles.<\/p>\n<p>La detenci\u00f3n del popular alcalde, que lleg\u00f3 al cargo en 2019 y renov\u00f3 mandato en 2024, caus\u00f3 enormes protestas en Turqu\u00eda, ya que su partido, el socialdem\u00f3crata CHP, ha designado a Imamoglu candidato para las pr\u00f3ximas elecciones presidenciales, donde deber\u00eda enfrentar al actual presidente, el islamista Recep Tayyip Erdogan<\/p>\n<p>Imamoglu est\u00e1 acusado de registro ilegal de datos personales, soborno, manipulaci\u00f3n de licitaciones y creaci\u00f3n de una organizaci\u00f3n delictiva, cargos que la oposici\u00f3n considera fabricados para apartar de la pol\u00edtica al futuro rival de Erdogan.<\/p>\n<h2>M\u00e1s ediles suspendidos<\/h2>\n<p>El Ministerio del Interior tambi\u00e9n apart\u00f3 temporalmente de su cargo al alcalde del distrito de Beylikd\u00fcz\u00fc, Mehmet Murat \u00c7alik, acusado de corrupci\u00f3n y de formar parte de una organizaci\u00f3n delictiva, lo mismo aplic\u00f3 a Resul Emrah Sahan, alcalde del distrito de Sisli, acusado de \u00abcolaboraci\u00f3n con una banda terrorista\u00bb, y en este caso nombr\u00f3 como sustituto al delegado del Interior del mismo distrito, Cevdet Ert\u00fcrkmen, interviniendo as\u00ed la alcald\u00eda.<\/p>\n<p>En el caso de Estambul, la asamblea municipal debe elegir ahora un sustituto del alcalde entre los concejales de la Asamblea municipal, en la que el CHP tiene mayor\u00eda, con 180 miembros frente a los 126 del AKP, el partido islamista de Erdogan.<\/p>\n<p>El CHP ha vuelto a invitar a sus simpatizantes a manifestarse tambi\u00e9n esta noche, al igual que las precedentes, ante la alcald\u00eda de Estambul, donde ya el s\u00e1bado unas 50.000 personas se congregaron para pedir la liberaci\u00f3n del alcalde.<\/p>\n<p>(Efe, DPA\/MN)<\/p>\n<\/p>\n<\/div>\n\n","protected":false},"excerpt":{"rendered":"<p>El Ministerio del Interior de Turqu\u00eda anunci\u00f3 este domingo (23.03.2025) que suspende de su cargo al alcalde de Estambul, Ekrem Imamoglu, enviado a prisi\u00f3n preventiva por cargos de corrupci\u00f3n. No obstante, no han intervenido la alcald\u00eda nombrando a un funcionario en su lugar. En un comunicado publicado en la red X, el ministerio indica que &hellip;<\/p>\n","protected":false},"author":1,"featured_media":19896,"comment_status":"open","ping_status":"open","sticky":false,"template":"","format":"standard","meta":{"fifu_image_url":"https:\/\/static.dw.com\/image\/72011001_6.jpg","fifu_image_alt":"","footnotes":""},"categories":[13],"tags":[],"class_list":["post-19895","post","type-post","status-publish","format-standard","has-post-thumbnail","","category-mundo"],"_links":{"self":[{"href":"https:\/\/noticiasveraces.com\/index.php?rest_route=\/wp\/v2\/posts\/19895","targetHints":{"allow":["GET"]}}],"collection":[{"href":"https:\/\/noticiasveraces.com\/index.php?rest_route=\/wp\/v2\/posts"}],"about":[{"href":"https:\/\/noticiasveraces.com\/index.php?rest_route=\/wp\/v2\/types\/post"}],"author":[{"embeddable":true,"href":"https:\/\/noticiasveraces.com\/index.php?rest_route=\/wp\/v2\/users\/1"}],"replies":[{"embeddable":true,"href":"https:\/\/noticiasveraces.com\/index.php?rest_route=%2Fwp%2Fv2%2Fcomments&post=19895"}],"version-history":[{"count":0,"href":"https:\/\/noticiasveraces.com\/index.php?rest_route=\/wp\/v2\/posts\/19895\/revisions"}],"wp:featuredmedia":[{"embeddable":true,"href":"https:\/\/noticiasveraces.com\/index.php?rest_route=\/wp\/v2\/media\/19896"}],"wp:attachment":[{"href":"https:\/\/noticiasveraces.com\/index.php?rest_route=%2Fwp%2Fv2%2Fmedia&parent=19895"}],"wp:term":[{"taxonomy":"category","embeddable":true,"href":"https:\/\/noticiasveraces.com\/index.php?rest_route=%2Fwp%2Fv2%2Fcategories&post=19895"},{"taxonomy":"post_tag","embeddable":true,"href":"https:\/\/noticiasveraces.com\/index.php?rest_route=%2Fwp%2Fv2%2Ftags&post=19895"}],"curies":[{"name":"wp","href":"https:\/\/api.w.org\/{rel}","templated":true}]}}