{"id":19892,"date":"2025-03-23T15:46:59","date_gmt":"2025-03-23T19:46:59","guid":{"rendered":"https:\/\/noticiasveraces.com\/?p=19892"},"modified":"2025-03-23T15:46:59","modified_gmt":"2025-03-23T19:46:59","slug":"alcalde-de-turquia-alcalde-de-capital-city-a-medida-que-continua-los-disturbios","status":"publish","type":"post","link":"https:\/\/noticiasveraces.com\/?p=19892","title":{"rendered":"Alcalde de Turqu\u00eda Alcalde de Capital City a medida que contin\u00faa los disturbios"},"content":{"rendered":"<p> \n<\/p>\n<div>\n<div class=\"featured featured-video video-ct\" data-v-5b44a610=\"\"><!----> <\/p>\n<div class=\"contain\" data-v-5b44a610=\"\">\n<div class=\"info\" data-v-5b44a610=\"\">\n<div class=\"caption\" data-v-5b44a610=\"\">\n<h4 class=\"title\" data-v-5b44a610=\"\">Manitistas de spray de pimienta de la polic\u00eda turca en Estambul <\/h4>\n<p data-v-5b44a610=\"\">Los oficiales de polic\u00eda vieron a Pepper que pulverizan a los manifestantes mientras la gente se reun\u00eda en apoyo del alcalde de Estambul Ekrem Imamoglu, cerca del edificio del Municipio Metropolitano de Estambul, en Estambul, Turqu\u00eda, 23 de marzo de 2025. (Cr\u00e9dito: Reuters)<\/p>\n<\/div>\n<\/div>\n<\/div>\n<\/div>\n<p class=\"speakable\">Un tribunal turco el domingo encarcel\u00f3 el domingo al alcalde de Estanbul, Ekrem Imamoglu, el principal rival pol\u00edtico del presidente Tayyip Erdogan, en espera de juicio por cargos de corrupci\u00f3n, en un movimiento que probablemente inflame las mayores protestas del pa\u00eds en m\u00e1s de una d\u00e9cada.<\/p>\n<p class=\"speakable\">La decisi\u00f3n de enviar a Imamoglu a la c\u00e1rcel se produce despu\u00e9s del partido principal de la oposici\u00f3n, los l\u00edderes europeos y decenas de miles de manifestantes criticaron las acciones contra \u00e9l como politizadas y antidemocr\u00e1ticas.<\/p>\n<p>A medida que se desarrollaron los desarrollos de la sala del tribunal, hubo se\u00f1ales de que los problemas del alcalde estaban impulsando la oposici\u00f3n contra el gobierno de Erdogan, que ha manejado Turqu\u00eda durante 22 a\u00f1os.<\/p>\n<p>Miles de miembros del Partido Popular Republicano (CHP) y no miembros se convirtieron en centros de votaci\u00f3n en todo el pa\u00eds para elegir a Imamoglu su candidato en un voto presidencial futuro.<\/p>\n<p><strong>Christian Watch Group se eleva para proteger a la comunidad en medio de la creciente violencia en Siria<\/strong><\/p>\n<p>La votaci\u00f3n no miembro ser\u00e1 observada de cerca como un indicador de cu\u00e1nto apoyo que disfruta el imamoglu muy popular m\u00e1s all\u00e1 de los fieles del partido.<\/p>\n<p>Imamoglu ha negado los cargos que enfrenta como \u00abacusaciones y calumnias inimaginables\u00bb y pidi\u00f3 protestas a nivel nacional el domingo. \u00abRastaremos este golpe, esta mancha oscura en nuestra democracia, todos juntos\u00bb, dijo.<\/p>\n<p>Las im\u00e1genes mostraron lo que los emisoras dijeron que fue llevado a la prisi\u00f3n de Silivri en un convoy policial.<\/p>\n<p>Imamoglu fue retirado del servicio, junto con otros dos alcaldes del distrito, dijo un comunicado del Ministerio del Interior.<\/p>\n<div class=\"image-ct inline\">\n<div class=\"m\"><picture><source media=\"(max-width: 767px)\" srcset=\"https:\/\/a57.foxnews.com\/static.foxnews.com\/foxnews.com\/content\/uploads\/2025\/03\/343\/192\/2025-03-23t182848z_1391216137_rc26jda8006o_rtrmadp_3_turkey-opposition-protest.jpg?ve=1&amp;tl=1, https:\/\/a57.foxnews.com\/static.foxnews.com\/foxnews.com\/content\/uploads\/2025\/03\/686\/384\/2025-03-23t182848z_1391216137_rc26jda8006o_rtrmadp_3_turkey-opposition-protest.jpg?ve=1&amp;tl=1 2x\" height=\"192\" width=\"343\"><source media=\"(min-width: 768px) and (max-width: 1023px)\" srcset=\"https:\/\/a57.foxnews.com\/static.foxnews.com\/foxnews.com\/content\/uploads\/2025\/03\/672\/378\/2025-03-23t182848z_1391216137_rc26jda8006o_rtrmadp_3_turkey-opposition-protest.jpg?ve=1&amp;tl=1, https:\/\/a57.foxnews.com\/static.foxnews.com\/foxnews.com\/content\/uploads\/2025\/03\/1344\/756\/2025-03-23t182848z_1391216137_rc26jda8006o_rtrmadp_3_turkey-opposition-protest.jpg?ve=1&amp;tl=1 2x\" height=\"378\" width=\"672\"><source media=\"(min-width: 1024px) and (max-width: 1279px)\" srcset=\"https:\/\/a57.foxnews.com\/static.foxnews.com\/foxnews.com\/content\/uploads\/2025\/03\/931\/523\/2025-03-23t182848z_1391216137_rc26jda8006o_rtrmadp_3_turkey-opposition-protest.jpg?ve=1&amp;tl=1, https:\/\/a57.foxnews.com\/static.foxnews.com\/foxnews.com\/content\/uploads\/2025\/03\/1862\/1046\/2025-03-23t182848z_1391216137_rc26jda8006o_rtrmadp_3_turkey-opposition-protest.jpg?ve=1&amp;tl=1 2x\" height=\"523\" width=\"931\"><source media=\"(min-width: 1280px)\" srcset=\"https:\/\/a57.foxnews.com\/static.foxnews.com\/foxnews.com\/content\/uploads\/2025\/03\/720\/405\/2025-03-23t182848z_1391216137_rc26jda8006o_rtrmadp_3_turkey-opposition-protest.jpg?ve=1&amp;tl=1, https:\/\/a57.foxnews.com\/static.foxnews.com\/foxnews.com\/content\/uploads\/2025\/03\/1440\/810\/2025-03-23t182848z_1391216137_rc26jda8006o_rtrmadp_3_turkey-opposition-protest.jpg?ve=1&amp;tl=1 2x\" height=\"405\" width=\"720\"><img loading=\"lazy\" decoding=\"async\" src=\"https:\/\/a57.foxnews.com\/static.foxnews.com\/foxnews.com\/content\/uploads\/2025\/03\/1200\/675\/2025-03-23t182848z_1391216137_rc26jda8006o_rtrmadp_3_turkey-opposition-protest.jpg?ve=1&amp;tl=1\" alt=\"Protestas en Turqu\u00eda\" width=\"1200\" height=\"675\"\/><\/source><\/source><\/source><\/source><\/picture><\/div>\n<div class=\"info\">\n<div class=\"caption\">\n<p><span>Un manifestante tiene un cartel que dice \u00abde las escuelas secundarias hasta las calles\u00bb, frente a los agentes de polic\u00eda, durante una protesta el d\u00eda en que el alcalde de Estambul Ekrem Imamoglu fue encarcelado como parte de una investigaci\u00f3n de corrupci\u00f3n, en Estambul, 23 de marzo de 2025.<\/span> <span>(Reuters\/urit bektas)<\/span><\/p>\n<\/div>\n<\/div>\n<\/div>\n<p>El gobierno niega que las investigaciones est\u00e9n motivadas pol\u00edticamente y dice que los tribunales son independientes.<\/p>\n<p>Una prohibici\u00f3n nacional de las reuniones callejeras se extendi\u00f3 el s\u00e1bado durante cuatro d\u00edas m\u00e1s, pero las protestas y las escaramuzas con la polic\u00eda continuaron durante la noche en las principales ciudades.<\/p>\n<p>Miles se llenaron fuera del tribunal durante la noche y temprano el domingo esperando las decisiones sobre Imamoglu.<\/p>\n<p>El tribunal dijo que Imamoglu, de 54 a\u00f1os, y al menos otros 20 fueron encarcelados como parte de una investigaci\u00f3n de corrupci\u00f3n, uno de los dos abri\u00f3 en su contra la semana pasada.<\/p>\n<p>Dijo que fue arrestado por \u00abestablecer y dirigir una organizaci\u00f3n criminal, aceptar sobornos, malversaci\u00f3n de fondos, registrar ilegalmente los datos personales y manipular las licitaciones p\u00fablicas en relaci\u00f3n con una investigaci\u00f3n financiera\u00bb.<\/p>\n<p><strong>El Papa Francisco hace la primera aparici\u00f3n desde la hospitalizaci\u00f3n, se sumerge inmediatamente en la pol\u00edtica<\/strong><\/p>\n<p>El encarcelamiento limita una represi\u00f3n legal de meses sobre las cifras de la oposici\u00f3n y la eliminaci\u00f3n de otros funcionarios electos de su cargo, en lo que los cr\u00edticos llamaron un intento del gobierno de da\u00f1ar sus perspectivas electorales.<\/p>\n<p>Seis de los 27 alcaldes municipales del CHP ahora est\u00e1n bajo arresto, un a\u00f1o despu\u00e9s de que los partidos de oposici\u00f3n le entregaron al partido AK de Erdogan su peor derrota electoral en las elecciones municipales.<\/p>\n<p>El CHP abri\u00f3 las colegios electorales del partido el domingo a los no miembros para emitir \u00abvotos solidarios\u00bb para Imamoglu, quien fue el \u00fanico nombre en la boleta para el candidato presidencial.<\/p>\n<div class=\"image-ct inline\">\n<div class=\"m\"><picture><source media=\"(max-width: 767px)\" srcset=\"https:\/\/a57.foxnews.com\/static.foxnews.com\/foxnews.com\/content\/uploads\/2025\/03\/343\/192\/2025-03-23t182524z_583145437_rc25jdajnhhw_rtrmadp_3_turkey-opposition-protest.jpg?ve=1&amp;tl=1, https:\/\/a57.foxnews.com\/static.foxnews.com\/foxnews.com\/content\/uploads\/2025\/03\/686\/384\/2025-03-23t182524z_583145437_rc25jdajnhhw_rtrmadp_3_turkey-opposition-protest.jpg?ve=1&amp;tl=1 2x\" height=\"192\" width=\"343\"><source media=\"(min-width: 768px) and (max-width: 1023px)\" srcset=\"https:\/\/a57.foxnews.com\/static.foxnews.com\/foxnews.com\/content\/uploads\/2025\/03\/672\/378\/2025-03-23t182524z_583145437_rc25jdajnhhw_rtrmadp_3_turkey-opposition-protest.jpg?ve=1&amp;tl=1, https:\/\/a57.foxnews.com\/static.foxnews.com\/foxnews.com\/content\/uploads\/2025\/03\/1344\/756\/2025-03-23t182524z_583145437_rc25jdajnhhw_rtrmadp_3_turkey-opposition-protest.jpg?ve=1&amp;tl=1 2x\" height=\"378\" width=\"672\"><source media=\"(min-width: 1024px) and (max-width: 1279px)\" srcset=\"https:\/\/a57.foxnews.com\/static.foxnews.com\/foxnews.com\/content\/uploads\/2025\/03\/931\/523\/2025-03-23t182524z_583145437_rc25jdajnhhw_rtrmadp_3_turkey-opposition-protest.jpg?ve=1&amp;tl=1, https:\/\/a57.foxnews.com\/static.foxnews.com\/foxnews.com\/content\/uploads\/2025\/03\/1862\/1046\/2025-03-23t182524z_583145437_rc25jdajnhhw_rtrmadp_3_turkey-opposition-protest.jpg?ve=1&amp;tl=1 2x\" height=\"523\" width=\"931\"><source media=\"(min-width: 1280px)\" srcset=\"https:\/\/a57.foxnews.com\/static.foxnews.com\/foxnews.com\/content\/uploads\/2025\/03\/720\/405\/2025-03-23t182524z_583145437_rc25jdajnhhw_rtrmadp_3_turkey-opposition-protest.jpg?ve=1&amp;tl=1, https:\/\/a57.foxnews.com\/static.foxnews.com\/foxnews.com\/content\/uploads\/2025\/03\/1440\/810\/2025-03-23t182524z_583145437_rc25jdajnhhw_rtrmadp_3_turkey-opposition-protest.jpg?ve=1&amp;tl=1 2x\" height=\"405\" width=\"720\"><img loading=\"lazy\" decoding=\"async\" src=\"https:\/\/a57.foxnews.com\/static.foxnews.com\/foxnews.com\/content\/uploads\/2025\/03\/1200\/675\/2025-03-23t182524z_583145437_rc25jdajnhhw_rtrmadp_3_turkey-opposition-protest.jpg?ve=1&amp;tl=1\" alt=\"La gente participa en una protesta el d\u00eda en que el alcalde de Estambul Ekrem Imamoglu fue encarcelado como parte de una investigaci\u00f3n de corrupci\u00f3n, en Estambul\" width=\"1200\" height=\"675\"\/><\/source><\/source><\/source><\/source><\/picture><\/div>\n<div class=\"info\">\n<div class=\"caption\">\n<p><span>Un manifestante con ropa de derviche, se encuentra en el suelo, durante una protesta el d\u00eda en que el alcalde de Estambul Ekrem Imamoglu fue encarcelado como parte de una investigaci\u00f3n de corrupci\u00f3n, en Estambul, Turqu\u00eda, 23 de marzo de 2025. Reuters\/Alexandros Avramidis<\/span> <span>(Reuters\/Alexandros Avramidis)<\/span><\/p>\n<\/div>\n<\/div>\n<\/div>\n<p>El presidente de CHP, Ozgur Ozel, predijo millones de votos de no miembros, diciendo que Imamoglu est\u00e1 \u00aben el camino a la prisi\u00f3n pero tambi\u00e9n a la presidencia\u00bb.<\/p>\n<p>No se programan la elecci\u00f3n general hasta 2028.<\/p>\n<p>Pero si Erdogan, de 71 a\u00f1os, que ha liderado a Turqu\u00eda durante 22 a\u00f1os, volver\u00e1 a funcionar, el Parlamento necesitar\u00eda respaldar una elecci\u00f3n anterior ya que el presidente habr\u00e1 alcanzado su l\u00edmite en esa fecha. Imamoglu lidera de Erdogan en algunas encuestas de opini\u00f3n.<\/p>\n<p>Imamoglu tambi\u00e9n enfrenta cargos de terrorismo, pero el tribunal no lo arrest\u00f3 formalmente en aquellos al mismo tiempo.<\/p>\n<p>Una futura decisi\u00f3n para encarcelarlo en espera de juicio por cargos relacionados con el terrorismo podr\u00eda permitir al gobierno designar a un administrador para dirigir Estambul. Una condena podr\u00eda evitar que se postule para presidente.<\/p>\n<p>El CHP dijo que apelar\u00eda contra el fallo y elegir\u00eda a alguien para que trabaje como alcalde interino.<\/p>\n<p><strong>El ex reh\u00e9n israel\u00ed dice que New Found Faith la ayud\u00f3 a sobrevivir al cautiverio de Hamas<\/strong><\/p>\n<p>Poco despu\u00e9s del fallo de la corte, el alcalde prometi\u00f3 derrotar a Erdogan, y dijo que aquellos que dirigieron la investigaci\u00f3n ser\u00edan responsables.<\/p>\n<p>\u00abImamoglu se ha convertido en la &#8230; pesadilla de Erdogan\u00bb, dijo Mehmet Karatas, un partidario de la oposici\u00f3n, fuera del tribunal. \u00abHaremos el presidente de Ekrem Imamoglu\u00bb.<\/p>\n<p>La detenci\u00f3n de Imamoglu ha recorrido mercados, con la Lira turca, las acciones y los bonos que sufren fuertes ca\u00eddas desde el mi\u00e9rcoles. Los analistas esperan m\u00e1s presi\u00f3n de venta despu\u00e9s de la c\u00e1rcel.<\/p>\n<p>El gobernador del banco central turco Fatih Karahan se encuentra con miembros de la Junta de la Asociaci\u00f3n de Bancos de Turqu\u00eda (TBB) el domingo.<\/p>\n<div class=\"image-ct inline\">\n<div class=\"m\"><picture><source media=\"(max-width: 767px)\" srcset=\"https:\/\/a57.foxnews.com\/static.foxnews.com\/foxnews.com\/content\/uploads\/2025\/03\/343\/192\/2025-03-23t182448z_1156662030_rc25jda627sz_rtrmadp_3_turkey-opposition-protest.jpg?ve=1&amp;tl=1, https:\/\/a57.foxnews.com\/static.foxnews.com\/foxnews.com\/content\/uploads\/2025\/03\/686\/384\/2025-03-23t182448z_1156662030_rc25jda627sz_rtrmadp_3_turkey-opposition-protest.jpg?ve=1&amp;tl=1 2x\" height=\"192\" width=\"343\"><source media=\"(min-width: 768px) and (max-width: 1023px)\" srcset=\"https:\/\/a57.foxnews.com\/static.foxnews.com\/foxnews.com\/content\/uploads\/2025\/03\/672\/378\/2025-03-23t182448z_1156662030_rc25jda627sz_rtrmadp_3_turkey-opposition-protest.jpg?ve=1&amp;tl=1, https:\/\/a57.foxnews.com\/static.foxnews.com\/foxnews.com\/content\/uploads\/2025\/03\/1344\/756\/2025-03-23t182448z_1156662030_rc25jda627sz_rtrmadp_3_turkey-opposition-protest.jpg?ve=1&amp;tl=1 2x\" height=\"378\" width=\"672\"><source media=\"(min-width: 1024px) and (max-width: 1279px)\" srcset=\"https:\/\/a57.foxnews.com\/static.foxnews.com\/foxnews.com\/content\/uploads\/2025\/03\/931\/523\/2025-03-23t182448z_1156662030_rc25jda627sz_rtrmadp_3_turkey-opposition-protest.jpg?ve=1&amp;tl=1, https:\/\/a57.foxnews.com\/static.foxnews.com\/foxnews.com\/content\/uploads\/2025\/03\/1862\/1046\/2025-03-23t182448z_1156662030_rc25jda627sz_rtrmadp_3_turkey-opposition-protest.jpg?ve=1&amp;tl=1 2x\" height=\"523\" width=\"931\"><source media=\"(min-width: 1280px)\" srcset=\"https:\/\/a57.foxnews.com\/static.foxnews.com\/foxnews.com\/content\/uploads\/2025\/03\/720\/405\/2025-03-23t182448z_1156662030_rc25jda627sz_rtrmadp_3_turkey-opposition-protest.jpg?ve=1&amp;tl=1, https:\/\/a57.foxnews.com\/static.foxnews.com\/foxnews.com\/content\/uploads\/2025\/03\/1440\/810\/2025-03-23t182448z_1156662030_rc25jda627sz_rtrmadp_3_turkey-opposition-protest.jpg?ve=1&amp;tl=1 2x\" height=\"405\" width=\"720\"><img loading=\"lazy\" decoding=\"async\" src=\"https:\/\/a57.foxnews.com\/static.foxnews.com\/foxnews.com\/content\/uploads\/2025\/03\/1200\/675\/2025-03-23t182448z_1156662030_rc25jda627sz_rtrmadp_3_turkey-opposition-protest.jpg?ve=1&amp;tl=1\" alt=\"La gente participa en una protesta el d\u00eda en que el alcalde de Estambul Ekrem Imamoglu fue encarcelado como parte de una investigaci\u00f3n de corrupci\u00f3n, en Estambul\" width=\"1200\" height=\"675\"\/><\/source><\/source><\/source><\/source><\/picture><\/div>\n<div class=\"info\">\n<div class=\"caption\">\n<p><span>Los oficiales de polic\u00eda usan pimentero en los manifestantes durante una protesta el d\u00eda en que el alcalde de Estambul Ekrem Imamoglu fue encarcelado como parte de una investigaci\u00f3n de corrupci\u00f3n, en Estambul, Turqu\u00eda, 23 de marzo de 2025. Reuters\/Alexandros Avramidis<\/span> <span>(Reuters\/Alexandros Avramidis)<\/span><\/p>\n<\/div>\n<\/div>\n<\/div>\n<p>El Banco Central utilizar\u00e1 todos los instrumentos dentro de las reglas del mercado de manera efectiva y decisiva para mantener la estabilidad, dijo Karahan a Bankers, dijo el TBB.<\/p>\n<p>La desobediencia civil se ha frenado dram\u00e1ticamente en Turqu\u00eda desde que las protestas nacionales del Parque Gezi contra el gobierno de Erdogan en 2013, lo que provoc\u00f3 una violenta represi\u00f3n estatal.<\/p>\n<p>Sin embargo, miles se reunieron nuevamente el s\u00e1bado por la noche fuera del edificio del municipio de Estambul y el juzgado principal. Cientos de polic\u00edas usaron gases lacrim\u00f3genos y spray de pimienta para dispersar a los manifestantes, mientras la multitud arrojaba petardos y otros objetos.<\/p>\n<p>Aunque la mayor\u00eda de las manifestaciones han sido pac\u00edficas, los manifestantes tambi\u00e9n se enfrentaron con la polic\u00eda en la provincia costera occidental de Izmir y la capital Ankara por una tercera noche consecutiva, con la polic\u00eda disparando ca\u00f1ones de agua.<\/p>\n<p><strong><u>Haga clic aqu\u00ed para obtener la aplicaci\u00f3n Fox News<\/u><\/strong><\/p>\n<p>Las autoridades han detenido a m\u00e1s de 300 personas durante las protestas.<\/p>\n<p><i>Informes adicionales de Huseyin Hayatsever, Mert Ozkan y Mehmet Emin Caliskan; Escritura de Jonathan Spicer; Edici\u00f3n de Daniel Wallis, William Mallard, David Goodman, Alison Williams y Giles Elgood<\/i><\/p>\n<p> <!----> <!----><\/div>\n\n","protected":false},"excerpt":{"rendered":"<p>Manitistas de spray de pimienta de la polic\u00eda turca en Estambul Los oficiales de polic\u00eda vieron a Pepper que pulverizan a los manifestantes mientras la gente se reun\u00eda en apoyo del alcalde de Estambul Ekrem Imamoglu, cerca del edificio del Municipio Metropolitano de Estambul, en Estambul, Turqu\u00eda, 23 de marzo de 2025. (Cr\u00e9dito: Reuters) Un &hellip;<\/p>\n","protected":false},"author":1,"featured_media":19894,"comment_status":"open","ping_status":"open","sticky":false,"template":"","format":"standard","meta":{"fifu_image_url":"https:\/\/static.foxnews.com\/foxnews.com\/content\/uploads\/2025\/03\/2025-03-23t182449z_900530379_rc25jda3ezsv_rtrmadp_3_turkey-opposition-protest.jpg","fifu_image_alt":"","footnotes":""},"categories":[13],"tags":[],"class_list":["post-19892","post","type-post","status-publish","format-standard","has-post-thumbnail","","category-mundo"],"_links":{"self":[{"href":"https:\/\/noticiasveraces.com\/index.php?rest_route=\/wp\/v2\/posts\/19892","targetHints":{"allow":["GET"]}}],"collection":[{"href":"https:\/\/noticiasveraces.com\/index.php?rest_route=\/wp\/v2\/posts"}],"about":[{"href":"https:\/\/noticiasveraces.com\/index.php?rest_route=\/wp\/v2\/types\/post"}],"author":[{"embeddable":true,"href":"https:\/\/noticiasveraces.com\/index.php?rest_route=\/wp\/v2\/users\/1"}],"replies":[{"embeddable":true,"href":"https:\/\/noticiasveraces.com\/index.php?rest_route=%2Fwp%2Fv2%2Fcomments&post=19892"}],"version-history":[{"count":0,"href":"https:\/\/noticiasveraces.com\/index.php?rest_route=\/wp\/v2\/posts\/19892\/revisions"}],"wp:featuredmedia":[{"embeddable":true,"href":"https:\/\/noticiasveraces.com\/index.php?rest_route=\/wp\/v2\/media\/19894"}],"wp:attachment":[{"href":"https:\/\/noticiasveraces.com\/index.php?rest_route=%2Fwp%2Fv2%2Fmedia&parent=19892"}],"wp:term":[{"taxonomy":"category","embeddable":true,"href":"https:\/\/noticiasveraces.com\/index.php?rest_route=%2Fwp%2Fv2%2Fcategories&post=19892"},{"taxonomy":"post_tag","embeddable":true,"href":"https:\/\/noticiasveraces.com\/index.php?rest_route=%2Fwp%2Fv2%2Ftags&post=19892"}],"curies":[{"name":"wp","href":"https:\/\/api.w.org\/{rel}","templated":true}]}}