{"id":19889,"date":"2025-03-23T14:45:13","date_gmt":"2025-03-23T18:45:13","guid":{"rendered":"https:\/\/noticiasveraces.com\/?p=19889"},"modified":"2025-03-23T14:45:13","modified_gmt":"2025-03-23T18:45:13","slug":"el-primer-ministro-canadiense-mark-carney-llama-a-las-elecciones-a-las-amenazas-de-trump-en-medio-de-las-amenazas-de-trump","status":"publish","type":"post","link":"https:\/\/noticiasveraces.com\/?p=19889","title":{"rendered":"El primer ministro canadiense, Mark Carney, llama a las elecciones a las amenazas de Trump en medio de las amenazas de Trump"},"content":{"rendered":"<p> \n<\/p>\n<div>\n<p class=\"speakable\">El nuevo primer ministro canadiense Mark Carney y su oponente conservador iniciaron sus campa\u00f1as electorales el domingo en el contexto de una guerra comercial y amenazas de anexi\u00f3n del presidente de los Estados Unidos, Donald Trump.<\/p>\n<p class=\"speakable\">Carney anunci\u00f3 que habr\u00e1 una campa\u00f1a electoral de cinco semanas antes de la votaci\u00f3n del 28 de abril.<\/p>\n<p>Los liberales gobernantes parec\u00edan preparados para una derrota de elecciones hist\u00f3ricas este a\u00f1o hasta que Trump declar\u00f3 una guerra comercial. Trump ha dicho repetidamente que Canad\u00e1 deber\u00eda convertirse en el estado 51 de los Estados Unidos y reconoci\u00f3 el viernes que ha alterado la pol\u00edtica canadiense.<\/p>\n<p>Los ataques casi diarios de Trump contra la soberan\u00eda de Canad\u00e1 han enfurecido a los canadienses y han llevado a un aumento en el nacionalismo canadiense que ha reforzado el n\u00famero de encuestas liberales.<\/p>\n<p><strong><u>La &#8216;sala de ira&#8217; de Canad\u00e1 permite a los visitantes aplastar a Trump, Vance, retratos de almizcle para lanzar la angustia de la tarifa<\/u><\/strong><\/p>\n<div class=\"image-ct inline\">\n<div class=\"m\"><picture><source media=\"(max-width: 767px)\" srcset=\"https:\/\/a57.foxnews.com\/static.foxnews.com\/foxnews.com\/content\/uploads\/2025\/03\/343\/192\/mark-carney.jpg?ve=1&amp;tl=1, https:\/\/a57.foxnews.com\/static.foxnews.com\/foxnews.com\/content\/uploads\/2025\/03\/686\/384\/mark-carney.jpg?ve=1&amp;tl=1 2x\" height=\"192\" width=\"343\"><source media=\"(min-width: 768px) and (max-width: 1023px)\" srcset=\"https:\/\/a57.foxnews.com\/static.foxnews.com\/foxnews.com\/content\/uploads\/2025\/03\/672\/378\/mark-carney.jpg?ve=1&amp;tl=1, https:\/\/a57.foxnews.com\/static.foxnews.com\/foxnews.com\/content\/uploads\/2025\/03\/1344\/756\/mark-carney.jpg?ve=1&amp;tl=1 2x\" height=\"378\" width=\"672\"><source media=\"(min-width: 1024px) and (max-width: 1279px)\" srcset=\"https:\/\/a57.foxnews.com\/static.foxnews.com\/foxnews.com\/content\/uploads\/2025\/03\/931\/523\/mark-carney.jpg?ve=1&amp;tl=1, https:\/\/a57.foxnews.com\/static.foxnews.com\/foxnews.com\/content\/uploads\/2025\/03\/1862\/1046\/mark-carney.jpg?ve=1&amp;tl=1 2x\" height=\"523\" width=\"931\"><source media=\"(min-width: 1280px)\" srcset=\"https:\/\/a57.foxnews.com\/static.foxnews.com\/foxnews.com\/content\/uploads\/2025\/03\/720\/405\/mark-carney.jpg?ve=1&amp;tl=1, https:\/\/a57.foxnews.com\/static.foxnews.com\/foxnews.com\/content\/uploads\/2025\/03\/1440\/810\/mark-carney.jpg?ve=1&amp;tl=1 2x\" height=\"405\" width=\"720\"><img loading=\"lazy\" decoding=\"async\" src=\"https:\/\/a57.foxnews.com\/static.foxnews.com\/foxnews.com\/content\/uploads\/2025\/03\/1200\/675\/mark-carney.jpg?ve=1&amp;tl=1\" alt=\"Mark Carney hablando en podio\" width=\"1200\" height=\"675\"\/><\/source><\/source><\/source><\/source><\/picture><\/div>\n<div class=\"info\">\n<div class=\"caption\">\n<p><span>El primer ministro canadiense Mark Carney celebra una conferencia de prensa el viernes 21 de marzo de 2025.<\/span> <!----><\/p>\n<\/div>\n<\/div>\n<\/div>\n<p>\u00abEl presidente Trump afirma que Canad\u00e1 no es un pa\u00eds real. Quiere rompernos para que Estados Unidos pueda ser due\u00f1o de nosotros. No dejaremos que eso suceda\u00bb, dijo Carney.<\/p>\n<p>Los liberales gobernantes parec\u00edan preparados para una derrota hist\u00f3rica de elecciones este a\u00f1o hasta que Justin Trudeau anunci\u00f3 su renuncia en enero y Trump declar\u00f3 una guerra comercial. Carney ha dicho que el gobierno en un momento de crisis necesita un mandato fuerte y claro.<\/p>\n<p>\u00abLa pr\u00f3xima elecci\u00f3n ser\u00e1 una de las m\u00e1s importantes en nuestras vidas\u00bb, public\u00f3 en las redes sociales durante la noche.<\/p>\n<p>La campa\u00f1a electoral para 343 esca\u00f1os o distritos en la C\u00e1mara de los Comunes durar\u00e1 37 d\u00edas. Mientras que otros partidos se est\u00e1n ejecutando, los liberales y los conservadores son los dos \u00fanicos que tienen la oportunidad de formar un gobierno. El partido que ordena a una mayor\u00eda en el Parlamento, ya sea solo o con el apoyo de otro partido, formar\u00e1 el pr\u00f3ximo gobierno y su l\u00edder ser\u00e1 el primer ministro.<\/p>\n<p><strong><u>El nuevo primer ministro de Canad\u00e1 y el cr\u00edtico de Trump, Mark Carney, acus\u00f3 a estar fuera de contacto con el &#8216;hombre com\u00fan&#8217;<\/u><\/strong><\/p>\n<div class=\"image-ct inline\">\n<div class=\"m\"><picture><source media=\"(max-width: 767px)\" srcset=\"https:\/\/a57.foxnews.com\/static.foxnews.com\/foxnews.com\/content\/uploads\/2024\/04\/343\/192\/JT.jpg?ve=1&amp;tl=1, https:\/\/a57.foxnews.com\/static.foxnews.com\/foxnews.com\/content\/uploads\/2024\/04\/686\/384\/JT.jpg?ve=1&amp;tl=1 2x\" height=\"192\" width=\"343\"><source media=\"(min-width: 768px) and (max-width: 1023px)\" srcset=\"https:\/\/a57.foxnews.com\/static.foxnews.com\/foxnews.com\/content\/uploads\/2024\/04\/672\/378\/JT.jpg?ve=1&amp;tl=1, https:\/\/a57.foxnews.com\/static.foxnews.com\/foxnews.com\/content\/uploads\/2024\/04\/1344\/756\/JT.jpg?ve=1&amp;tl=1 2x\" height=\"378\" width=\"672\"><source media=\"(min-width: 1024px) and (max-width: 1279px)\" srcset=\"https:\/\/a57.foxnews.com\/static.foxnews.com\/foxnews.com\/content\/uploads\/2024\/04\/931\/523\/JT.jpg?ve=1&amp;tl=1, https:\/\/a57.foxnews.com\/static.foxnews.com\/foxnews.com\/content\/uploads\/2024\/04\/1862\/1046\/JT.jpg?ve=1&amp;tl=1 2x\" height=\"523\" width=\"931\"><source media=\"(min-width: 1280px)\" srcset=\"https:\/\/a57.foxnews.com\/static.foxnews.com\/foxnews.com\/content\/uploads\/2024\/04\/720\/405\/JT.jpg?ve=1&amp;tl=1, https:\/\/a57.foxnews.com\/static.foxnews.com\/foxnews.com\/content\/uploads\/2024\/04\/1440\/810\/JT.jpg?ve=1&amp;tl=1 2x\" height=\"405\" width=\"720\"><img loading=\"lazy\" decoding=\"async\" src=\"https:\/\/a57.foxnews.com\/static.foxnews.com\/foxnews.com\/content\/uploads\/2024\/04\/1200\/675\/JT.jpg?ve=1&amp;tl=1\" alt=\"Justin Trudeau\" width=\"1200\" height=\"675\"\/><\/source><\/source><\/source><\/source><\/picture><\/div>\n<div class=\"info\">\n<div class=\"caption\">\n<p><span>Mark Carney reemplaz\u00f3 al ex primer ministro canadiense Justin Trudeau luego de la decisi\u00f3n de Trudeau de renunciar en enero.<\/span> <span>(Arlyn McADorey\/Bloomberg a trav\u00e9s de Getty Images)<\/span><\/p>\n<\/div>\n<\/div>\n<\/div>\n<p>Carney reemplaz\u00f3 a Trudeau, quien anunci\u00f3 su renuncia en enero, pero permaneci\u00f3 en el poder hasta que el Partido Liberal eligi\u00f3 a un nuevo l\u00edder el 9 de marzo despu\u00e9s de una carrera de liderazgo por parte del partido gobernante.<\/p>\n<p>Los conservadores de la oposici\u00f3n esperaban hacer las elecciones sobre Trudeau, cuya popularidad disminuy\u00f3 a medida que aumentaban los precios de los alimentos y la vivienda y aumentaron la inmigraci\u00f3n. Pero despu\u00e9s de d\u00e9cadas de estabilidad bilateral, ahora se espera que el voto se centre en qui\u00e9n est\u00e1 mejor equipado para tratar con Trump.<\/p>\n<p>Trump puso aranceles del 25% sobre el acero y el aluminio de Canad\u00e1 y amenaza los aranceles radicales en todos los productos canadienses, as\u00ed como a todos los socios comerciales de Estados Unidos, el 2 de abril.<\/p>\n<p>Pierre Poilievre, el l\u00edder de los conservadores, es el principal retador de Carney. El partido y Poilievre se dirig\u00edan a una gran victoria en las elecciones federales de Canad\u00e1 este a\u00f1o hasta que las amenazas de comercio y anexi\u00f3n casi diariamente de Trump las descarrilaron.<\/p>\n<p><strong><u>El pol\u00edtico canadiense afirma que la ret\u00f3rica del \u00ab51\u00ba estado\u00bb de Trump Admin es un \u00abacto de guerra\u00bb<\/u><\/strong><\/p>\n<div class=\"image-ct inline\">\n<div class=\"m\"><picture><source media=\"(max-width: 767px)\" srcset=\"https:\/\/a57.foxnews.com\/static.foxnews.com\/foxnews.com\/content\/uploads\/2022\/08\/343\/192\/Trump-Color-Ad-1.jpg?ve=1&amp;tl=1, https:\/\/a57.foxnews.com\/static.foxnews.com\/foxnews.com\/content\/uploads\/2022\/08\/686\/384\/Trump-Color-Ad-1.jpg?ve=1&amp;tl=1 2x\" height=\"192\" width=\"343\"><source media=\"(min-width: 768px) and (max-width: 1023px)\" srcset=\"https:\/\/a57.foxnews.com\/static.foxnews.com\/foxnews.com\/content\/uploads\/2022\/08\/672\/378\/Trump-Color-Ad-1.jpg?ve=1&amp;tl=1, https:\/\/a57.foxnews.com\/static.foxnews.com\/foxnews.com\/content\/uploads\/2022\/08\/1344\/756\/Trump-Color-Ad-1.jpg?ve=1&amp;tl=1 2x\" height=\"378\" width=\"672\"><source media=\"(min-width: 1024px) and (max-width: 1279px)\" srcset=\"https:\/\/a57.foxnews.com\/static.foxnews.com\/foxnews.com\/content\/uploads\/2022\/08\/931\/523\/Trump-Color-Ad-1.jpg?ve=1&amp;tl=1, https:\/\/a57.foxnews.com\/static.foxnews.com\/foxnews.com\/content\/uploads\/2022\/08\/1862\/1046\/Trump-Color-Ad-1.jpg?ve=1&amp;tl=1 2x\" height=\"523\" width=\"931\"><source media=\"(min-width: 1280px)\" srcset=\"https:\/\/a57.foxnews.com\/static.foxnews.com\/foxnews.com\/content\/uploads\/2022\/08\/720\/405\/Trump-Color-Ad-1.jpg?ve=1&amp;tl=1, https:\/\/a57.foxnews.com\/static.foxnews.com\/foxnews.com\/content\/uploads\/2022\/08\/1440\/810\/Trump-Color-Ad-1.jpg?ve=1&amp;tl=1 2x\" height=\"405\" width=\"720\"><img loading=\"lazy\" decoding=\"async\" src=\"https:\/\/a57.foxnews.com\/static.foxnews.com\/foxnews.com\/content\/uploads\/2022\/08\/1200\/675\/Trump-Color-Ad-1.jpg?ve=1&amp;tl=1\" alt=\"Presidente electo Donald Trump\" width=\"1200\" height=\"675\"\/><\/source><\/source><\/source><\/source><\/picture><\/div>\n<div class=\"info\">\n<div class=\"caption\">\n<p><span>Los liberales de gobierno de Canad\u00e1 estaban listos para una derrota hist\u00f3rica de elecciones este a\u00f1o hasta que el presidente de los Estados Unidos, Donald Trump, anunci\u00f3 aranceles sobre bienes canadienses.<\/span> <span>(Donald Trump\/Truth Social)<\/span><\/p>\n<\/div>\n<\/div>\n<\/div>\n<p>Poilievre dijo que se enfrentar\u00e1 a Trump, pero el primer ministro de Alberta, Danielle Smith, una aliada conservadora, dijo en una entrevista Poilievre estar\u00eda \u00abmuy sincronizada\u00bb con la \u00abnueva direcci\u00f3n en Estados Unidos\u00bb.<\/p>\n<p>\u00abInsistir\u00e9 en que el Presidente reconoce la independencia y la soberan\u00eda de Canad\u00e1. Insistir\u00e9 en que deje de tarifarse con nuestra naci\u00f3n\u00bb, dijo Poilievre mientras lanzaba su campa\u00f1a.<\/p>\n<p>Poilievre dijo que no respeta \u00abel tratamiento que ha realizado a nuestro pa\u00eds\u00bb.<\/p>\n<p>\u00abS\u00e9 que mucha gente est\u00e1 preocupada, enojada y ansiosa. Y con una buena raz\u00f3n como resultado de las inaceptables amenazas del presidente contra nuestro pa\u00eds\u00bb, dijo.<\/p>\n<p>\u00abEst\u00e1s preocupado por tu trabajo y la soberan\u00eda de nuestra naci\u00f3n. Y est\u00e1s enojado por la sensaci\u00f3n de traici\u00f3n de que estas palabras y tarifas inaceptables nos han hecho experiencia a todos. Comparto tu ira y comparto la preocupaci\u00f3n por nuestro futuro\u00bb.<\/p>\n<p><strong><u>Haga clic aqu\u00ed para obtener la aplicaci\u00f3n Fox News<\/u><\/strong><\/p>\n<p>Carney todav\u00eda no ha recibido una llamada telef\u00f3nica con Trump y eso podr\u00eda no suceder ahora hasta despu\u00e9s de las elecciones. Trump se burl\u00f3 de Trudeau llam\u00e1ndolo gobernador, pero a\u00fan no ha mencionado el nombre de Carney.<\/p>\n<p>Carney, de 60 a\u00f1os, fue el jefe del Banco de Canad\u00e1 durante la crisis financiera de 2008. En 2013, se convirti\u00f3 en el primer no ciudadano del Reino Unido en dirigir el Banco de Inglaterra, ayudando a gestionar el impacto del Brexit.<\/p>\n<p>Poilievre, de 45 a\u00f1os, durante a\u00f1os el perro de ataque de la fiesta, es un pol\u00edtico de carrera y populista de marca de fuego que dice que pondr\u00e1 \u00abCanad\u00e1 primero\u00bb. Promete defundir la emisora \u200b\u200bp\u00fablica de Canad\u00e1 y no permitir\u00e1 que los medios de comunicaci\u00f3n a bordo de sus autobuses y aviones de campa\u00f1a.<\/p>\n<p> <!----> <!----><\/div>\n\n","protected":false},"excerpt":{"rendered":"<p>El nuevo primer ministro canadiense Mark Carney y su oponente conservador iniciaron sus campa\u00f1as electorales el domingo en el contexto de una guerra comercial y amenazas de anexi\u00f3n del presidente de los Estados Unidos, Donald Trump. Carney anunci\u00f3 que habr\u00e1 una campa\u00f1a electoral de cinco semanas antes de la votaci\u00f3n del 28 de abril. Los &hellip;<\/p>\n","protected":false},"author":1,"featured_media":19891,"comment_status":"open","ping_status":"open","sticky":false,"template":"","format":"standard","meta":{"fifu_image_url":"https:\/\/static.foxnews.com\/foxnews.com\/content\/uploads\/2025\/03\/mark-carney.jpg","fifu_image_alt":"","footnotes":""},"categories":[13],"tags":[],"class_list":["post-19889","post","type-post","status-publish","format-standard","has-post-thumbnail","","category-mundo"],"_links":{"self":[{"href":"https:\/\/noticiasveraces.com\/index.php?rest_route=\/wp\/v2\/posts\/19889","targetHints":{"allow":["GET"]}}],"collection":[{"href":"https:\/\/noticiasveraces.com\/index.php?rest_route=\/wp\/v2\/posts"}],"about":[{"href":"https:\/\/noticiasveraces.com\/index.php?rest_route=\/wp\/v2\/types\/post"}],"author":[{"embeddable":true,"href":"https:\/\/noticiasveraces.com\/index.php?rest_route=\/wp\/v2\/users\/1"}],"replies":[{"embeddable":true,"href":"https:\/\/noticiasveraces.com\/index.php?rest_route=%2Fwp%2Fv2%2Fcomments&post=19889"}],"version-history":[{"count":0,"href":"https:\/\/noticiasveraces.com\/index.php?rest_route=\/wp\/v2\/posts\/19889\/revisions"}],"wp:featuredmedia":[{"embeddable":true,"href":"https:\/\/noticiasveraces.com\/index.php?rest_route=\/wp\/v2\/media\/19891"}],"wp:attachment":[{"href":"https:\/\/noticiasveraces.com\/index.php?rest_route=%2Fwp%2Fv2%2Fmedia&parent=19889"}],"wp:term":[{"taxonomy":"category","embeddable":true,"href":"https:\/\/noticiasveraces.com\/index.php?rest_route=%2Fwp%2Fv2%2Fcategories&post=19889"},{"taxonomy":"post_tag","embeddable":true,"href":"https:\/\/noticiasveraces.com\/index.php?rest_route=%2Fwp%2Fv2%2Ftags&post=19889"}],"curies":[{"name":"wp","href":"https:\/\/api.w.org\/{rel}","templated":true}]}}