{"id":19883,"date":"2025-03-23T12:42:34","date_gmt":"2025-03-23T16:42:34","guid":{"rendered":"https:\/\/noticiasveraces.com\/?p=19883"},"modified":"2025-03-23T12:42:34","modified_gmt":"2025-03-23T16:42:34","slug":"el-ex-rehen-israeli-agam-berger-encontro-a-dios-como-hamas-cautivo","status":"publish","type":"post","link":"https:\/\/noticiasveraces.com\/?p=19883","title":{"rendered":"El ex reh\u00e9n israel\u00ed Agam Berger encontr\u00f3 a Dios como Hamas cautivo"},"content":{"rendered":"<p> \n<\/p>\n<div>\n<p class=\"speakable\">Despu\u00e9s de 482 d\u00edas en el cautiverio de Hamas, Agam Berger finalmente estuvo en casa. El mundo la vio por primera vez en las horribles im\u00e1genes del 7 de octubre de 2023, ensangrentada, aterrorizada, junto a otras cuatro soldadas j\u00f3venes secuestradas de la base de las FDI de Nahal Oz. Los terroristas los desfilaron por las calles de Gaza como trofeos.<\/p>\n<p class=\"speakable\">En una ceremonia reciente, celebrada en la sinagoga de Yehezkel en Tel Aviv en una comida tradicional de gratitud a Dios, Berger hizo una s\u00faplica emocional a Dios por los 59 rehenes que permanecen en Gaza.<\/p>\n<p>\u00abLos vivos y los muertos\u00bb, dijo con voz temblorosa en la sinagoga, \u00abno descansaremos hasta que todos regresen\u00bb.<\/p>\n<p><strong><u>El alto el fuego se ataca mientras Israel ataca a Gaza despu\u00e9s de que Hamas se neg\u00f3 a liberar rehenes, dicen las autoridades<\/u><\/strong><\/p>\n<div class=\"image-ct inline\">\n<div class=\"m\"><picture><source media=\"(max-width: 767px)\" srcset=\"https:\/\/a57.foxnews.com\/static.foxnews.com\/foxnews.com\/content\/uploads\/2025\/01\/343\/192\/agam-berger-in-tears-as-she-is-greeted-by-her-family-after-her-release-from-gaza.jpg?ve=1&amp;tl=1, https:\/\/a57.foxnews.com\/static.foxnews.com\/foxnews.com\/content\/uploads\/2025\/01\/686\/384\/agam-berger-in-tears-as-she-is-greeted-by-her-family-after-her-release-from-gaza.jpg?ve=1&amp;tl=1 2x\" height=\"192\" width=\"343\"><source media=\"(min-width: 768px) and (max-width: 1023px)\" srcset=\"https:\/\/a57.foxnews.com\/static.foxnews.com\/foxnews.com\/content\/uploads\/2025\/01\/672\/378\/agam-berger-in-tears-as-she-is-greeted-by-her-family-after-her-release-from-gaza.jpg?ve=1&amp;tl=1, https:\/\/a57.foxnews.com\/static.foxnews.com\/foxnews.com\/content\/uploads\/2025\/01\/1344\/756\/agam-berger-in-tears-as-she-is-greeted-by-her-family-after-her-release-from-gaza.jpg?ve=1&amp;tl=1 2x\" height=\"378\" width=\"672\"><source media=\"(min-width: 1024px) and (max-width: 1279px)\" srcset=\"https:\/\/a57.foxnews.com\/static.foxnews.com\/foxnews.com\/content\/uploads\/2025\/01\/931\/523\/agam-berger-in-tears-as-she-is-greeted-by-her-family-after-her-release-from-gaza.jpg?ve=1&amp;tl=1, https:\/\/a57.foxnews.com\/static.foxnews.com\/foxnews.com\/content\/uploads\/2025\/01\/1862\/1046\/agam-berger-in-tears-as-she-is-greeted-by-her-family-after-her-release-from-gaza.jpg?ve=1&amp;tl=1 2x\" height=\"523\" width=\"931\"><source media=\"(min-width: 1280px)\" srcset=\"https:\/\/a57.foxnews.com\/static.foxnews.com\/foxnews.com\/content\/uploads\/2025\/01\/720\/405\/agam-berger-in-tears-as-she-is-greeted-by-her-family-after-her-release-from-gaza.jpg?ve=1&amp;tl=1, https:\/\/a57.foxnews.com\/static.foxnews.com\/foxnews.com\/content\/uploads\/2025\/01\/1440\/810\/agam-berger-in-tears-as-she-is-greeted-by-her-family-after-her-release-from-gaza.jpg?ve=1&amp;tl=1 2x\" height=\"405\" width=\"720\"><img loading=\"lazy\" decoding=\"async\" src=\"https:\/\/a57.foxnews.com\/static.foxnews.com\/foxnews.com\/content\/uploads\/2025\/01\/1200\/675\/agam-berger-in-tears-as-she-is-greeted-by-her-family-after-her-release-from-gaza.jpg?ve=1&amp;tl=1\" alt=\"Agam Berger en l\u00e1grimas \" width=\"1200\" height=\"675\"\/><\/source><\/source><\/source><\/source><\/picture><\/div>\n<div class=\"info\">\n<div class=\"caption\">\n<p><span>Agam Berger llorando mientras se encuentra con su familia despu\u00e9s de su liberaci\u00f3n de Gaza como parte de los rehenes de Ceasefire Deal.<\/span> <span>(GPO)<\/span><\/p>\n<\/div>\n<\/div>\n<\/div>\n<p>Su madre, Merav Berger, le dijo a Fox News Digital: \u00abComenc\u00e9 a sentir a Dios sacudiendo mi mundo\u00bb. Comenz\u00f3 a mantener el s\u00e1bado en honor de su hija, mucho antes de saber si su hija estaba viva. \u00abCrecimos tradicionales, pero no religiosos. Agam no mantuvo a Shabat antes. Pero de alguna manera, encontr\u00f3 a Dios, en Gaza, de todos los lugares\u00bb.<\/p>\n<p>Ella dijo que lo que mantuvo a su hija fue la fe y la identidad. \u00abTomaron su cuerpo\u00bb, dijo a los medios israel\u00edes, \u00abpero no pod\u00edan tomar su alma e identidad\u00bb.<\/p>\n<p>Ella y su compa\u00f1era de rehenes Liri Albag recibieron una radio durante sus primeros d\u00edas en cautiverio, y se les cont\u00f3 en una entrevista a la estaci\u00f3n de radio p\u00fablica de Israel, \u00abescuchamos voces, israel\u00edes diciendo que val\u00eda la pena luchar. Eso nos dio fuerza\u00bb, dijo. \u00abPero despu\u00e9s del primer rescate de rehenes, tomaron la radio. Eran m\u00e1s paranoicos que nunca\u00bb.<\/p>\n<p>En enero de 2024, los Guardias de Hamas les trajeron una pila de art\u00edculos recuperados de un puesto de avanzada militar israel\u00ed abandonado: mapas, un peri\u00f3dico y un libro de oraciones jud\u00edo.<\/p>\n<div class=\"image-ct inline\">\n<div class=\"m\"><picture><source media=\"(max-width: 767px)\" srcset=\"https:\/\/a57.foxnews.com\/static.foxnews.com\/foxnews.com\/content\/uploads\/2025\/03\/343\/192\/agam-berger-at-synagogue.jpg?ve=1&amp;tl=1, https:\/\/a57.foxnews.com\/static.foxnews.com\/foxnews.com\/content\/uploads\/2025\/03\/686\/384\/agam-berger-at-synagogue.jpg?ve=1&amp;tl=1 2x\" height=\"192\" width=\"343\"><source media=\"(min-width: 768px) and (max-width: 1023px)\" srcset=\"https:\/\/a57.foxnews.com\/static.foxnews.com\/foxnews.com\/content\/uploads\/2025\/03\/672\/378\/agam-berger-at-synagogue.jpg?ve=1&amp;tl=1, https:\/\/a57.foxnews.com\/static.foxnews.com\/foxnews.com\/content\/uploads\/2025\/03\/1344\/756\/agam-berger-at-synagogue.jpg?ve=1&amp;tl=1 2x\" height=\"378\" width=\"672\"><source media=\"(min-width: 1024px) and (max-width: 1279px)\" srcset=\"https:\/\/a57.foxnews.com\/static.foxnews.com\/foxnews.com\/content\/uploads\/2025\/03\/931\/523\/agam-berger-at-synagogue.jpg?ve=1&amp;tl=1, https:\/\/a57.foxnews.com\/static.foxnews.com\/foxnews.com\/content\/uploads\/2025\/03\/1862\/1046\/agam-berger-at-synagogue.jpg?ve=1&amp;tl=1 2x\" height=\"523\" width=\"931\"><source media=\"(min-width: 1280px)\" srcset=\"https:\/\/a57.foxnews.com\/static.foxnews.com\/foxnews.com\/content\/uploads\/2025\/03\/720\/405\/agam-berger-at-synagogue.jpg?ve=1&amp;tl=1, https:\/\/a57.foxnews.com\/static.foxnews.com\/foxnews.com\/content\/uploads\/2025\/03\/1440\/810\/agam-berger-at-synagogue.jpg?ve=1&amp;tl=1 2x\" height=\"405\" width=\"720\"><img loading=\"lazy\" decoding=\"async\" src=\"https:\/\/a57.foxnews.com\/static.foxnews.com\/foxnews.com\/content\/uploads\/2025\/03\/1200\/675\/agam-berger-at-synagogue.jpg?ve=1&amp;tl=1\" alt=\"Agam Berger se encuentra con el rabino Arieh Levin, su esposa Rebbetzin Yocheged Levin y su madre, Merav en la sinagoga Yechezkel en Israel. (Foto: Nadav Katz.)\" width=\"1200\" height=\"675\"\/><\/source><\/source><\/source><\/source><\/picture><\/div>\n<div class=\"info\">\n<div class=\"caption\">\n<p><span>Agam Berger se encuentra con el rabino Arieh Levin, su esposa Rebbetzin Yocheged Levin y su madre, Merav en la sinagoga Yechezkel en Israel. (Foto: Nadav Katz.)<\/span> <!----><\/p>\n<\/div>\n<\/div>\n<\/div>\n<p>La madre de Agam m\u00e1s tarde revel\u00f3 que su hija hab\u00eda so\u00f1ado con un Siddur, un libro de oraciones jud\u00edo, solo unos d\u00edas antes. \u00abLuego lleg\u00f3\u00bb, dijo Merav. \u00ab\u00bfC\u00f3mo explicas eso? Eso no es casualidad. Esa es la fe\u00bb.<\/p>\n<p>Con ese libro, comenz\u00f3 a marcar el tiempo jud\u00edo. \u00abAl principio ten\u00edamos un reloj\u00bb, dijo a la radio p\u00fablica israel\u00ed. \u00abAs\u00ed sab\u00edamos cuando era Shabat, cuando era Yom Kippur. Ayud\u00e9. En Pascua, rechac\u00e9 el pan. Ped\u00ed la harina de ma\u00edz, y la trajeron. De una manera extra\u00f1a, respetaron mi religi\u00f3n\u00bb.<\/p>\n<p><strong><u>El reh\u00e9n israel\u00ed liberado habla por primera vez sobre sus 505 d\u00edas de sobreviviente Hamas Hell<\/u><\/strong><\/p>\n<p>A medida que avanzaban los meses, las condiciones empeoraron. Los guardias de Hamas giraban a menudo, dijo, y se\u00f1al\u00f3 que muchos eran crueles y otros indiferentes. Ella se relacion\u00f3 con los medios de comunicaci\u00f3n israel\u00edes de que \u00abdiscutieron con nosotros, nos rega\u00f1aron por cosas peque\u00f1as &#8230; No sab\u00edamos en qui\u00e9n podr\u00edamos confiar\u00bb.<\/p>\n<p>Trat\u00f3 de mantenerse esperanzada, dici\u00e9ndose a s\u00ed misma que estar\u00eda en casa ante el bar de su hermano menor Mitzvah. Pero el d\u00eda fue y se fue. \u00abEso me rompi\u00f3\u00bb, admiti\u00f3 en entrevistas. Ella dijo que lo que la mantuvo unida era su creencia de que terminar\u00eda de alguna manera.<\/p>\n<p>Incluso cuando los rumores de un acuerdo de rehenes comenzaron a circular a principios de 2025, no se permiti\u00f3 esperanza. \u00abEscuchamos a la gente hablar, pero no pensamos que suceder\u00eda para nosotros\u00bb, dijo.<\/p>\n<div class=\"image-ct inline\">\n<div class=\"m\"><picture><source media=\"(max-width: 767px)\" srcset=\"https:\/\/a57.foxnews.com\/static.foxnews.com\/foxnews.com\/content\/uploads\/2025\/02\/343\/192\/hamas-terrorists-in-gaza-parade-tps-il.jpg?ve=1&amp;tl=1, https:\/\/a57.foxnews.com\/static.foxnews.com\/foxnews.com\/content\/uploads\/2025\/02\/686\/384\/hamas-terrorists-in-gaza-parade-tps-il.jpg?ve=1&amp;tl=1 2x\" height=\"192\" width=\"343\"><source media=\"(min-width: 768px) and (max-width: 1023px)\" srcset=\"https:\/\/a57.foxnews.com\/static.foxnews.com\/foxnews.com\/content\/uploads\/2025\/02\/672\/378\/hamas-terrorists-in-gaza-parade-tps-il.jpg?ve=1&amp;tl=1, https:\/\/a57.foxnews.com\/static.foxnews.com\/foxnews.com\/content\/uploads\/2025\/02\/1344\/756\/hamas-terrorists-in-gaza-parade-tps-il.jpg?ve=1&amp;tl=1 2x\" height=\"378\" width=\"672\"><source media=\"(min-width: 1024px) and (max-width: 1279px)\" srcset=\"https:\/\/a57.foxnews.com\/static.foxnews.com\/foxnews.com\/content\/uploads\/2025\/02\/931\/523\/hamas-terrorists-in-gaza-parade-tps-il.jpg?ve=1&amp;tl=1, https:\/\/a57.foxnews.com\/static.foxnews.com\/foxnews.com\/content\/uploads\/2025\/02\/1862\/1046\/hamas-terrorists-in-gaza-parade-tps-il.jpg?ve=1&amp;tl=1 2x\" height=\"523\" width=\"931\"><source media=\"(min-width: 1280px)\" srcset=\"https:\/\/a57.foxnews.com\/static.foxnews.com\/foxnews.com\/content\/uploads\/2025\/02\/720\/405\/hamas-terrorists-in-gaza-parade-tps-il.jpg?ve=1&amp;tl=1, https:\/\/a57.foxnews.com\/static.foxnews.com\/foxnews.com\/content\/uploads\/2025\/02\/1440\/810\/hamas-terrorists-in-gaza-parade-tps-il.jpg?ve=1&amp;tl=1 2x\" height=\"405\" width=\"720\"><img loading=\"lazy\" decoding=\"async\" src=\"https:\/\/a57.foxnews.com\/static.foxnews.com\/foxnews.com\/content\/uploads\/2025\/02\/1200\/675\/hamas-terrorists-in-gaza-parade-tps-il.jpg?ve=1&amp;tl=1\" alt=\"Militantes de Hamas sosteniendo armas.\" width=\"1200\" height=\"675\"\/><\/source><\/source><\/source><\/source><\/picture><\/div>\n<div class=\"info\">\n<div class=\"caption\">\n<p><span>Un desfile militar de la organizaci\u00f3n terrorista de Hamas antes de la transferencia de cuatro rehenes israel\u00edes a la Cruz Roja el 25 de enero de 2025.<\/span> <span>(TPS IL)<\/span><\/p>\n<\/div>\n<\/div>\n<\/div>\n<p>El 24 de enero, Liri Elbag fue llevado para filmar un video de lanzamiento. \u00abLe dijeron que estaba filmando un video, pero no es que se fuera a casa\u00bb, dijo Agam. \u00abLa esper\u00e9. Hab\u00eda hecho sus tarjetas de cumplea\u00f1os. Entonces alguien me dijo: &#8216;Tus amigos ya est\u00e1n en casa'\u00bb.<\/p>\n<p>Al d\u00eda siguiente, los disparos resonaron en la distancia. Sus captores la vistieron con un hijab y la llevaron en c\u00edrculos durante dos horas. \u00abNo me dejaron tomar nada, no nuestros cuadernos, ni los dibujos, nada\u00bb, record\u00f3 en una entrevista con la radio p\u00fablica israel\u00ed.<\/p>\n<p>La ausencia de Agam dej\u00f3 un gran agujero en su familia, pero sus hermanos llevaban su fuerza. Su hermana gemela Liyam permaneci\u00f3 en el ej\u00e9rcito, incluso completando el entrenamiento de oficiales mientras Agam todav\u00eda estaba desaparecido. \u00abLo hizo por su hermana\u00bb, dijo su madre. <\/p>\n<div class=\"image-ct inline\">\n<div class=\"m\"><picture><source media=\"(max-width: 767px)\" srcset=\"https:\/\/a57.foxnews.com\/static.foxnews.com\/foxnews.com\/content\/uploads\/2025\/01\/343\/192\/agam-berger-reunion-2.jpg?ve=1&amp;tl=1, https:\/\/a57.foxnews.com\/static.foxnews.com\/foxnews.com\/content\/uploads\/2025\/01\/686\/384\/agam-berger-reunion-2.jpg?ve=1&amp;tl=1 2x\" height=\"192\" width=\"343\"><source media=\"(min-width: 768px) and (max-width: 1023px)\" srcset=\"https:\/\/a57.foxnews.com\/static.foxnews.com\/foxnews.com\/content\/uploads\/2025\/01\/672\/378\/agam-berger-reunion-2.jpg?ve=1&amp;tl=1, https:\/\/a57.foxnews.com\/static.foxnews.com\/foxnews.com\/content\/uploads\/2025\/01\/1344\/756\/agam-berger-reunion-2.jpg?ve=1&amp;tl=1 2x\" height=\"378\" width=\"672\"><source media=\"(min-width: 1024px) and (max-width: 1279px)\" srcset=\"https:\/\/a57.foxnews.com\/static.foxnews.com\/foxnews.com\/content\/uploads\/2025\/01\/931\/523\/agam-berger-reunion-2.jpg?ve=1&amp;tl=1, https:\/\/a57.foxnews.com\/static.foxnews.com\/foxnews.com\/content\/uploads\/2025\/01\/1862\/1046\/agam-berger-reunion-2.jpg?ve=1&amp;tl=1 2x\" height=\"523\" width=\"931\"><source media=\"(min-width: 1280px)\" srcset=\"https:\/\/a57.foxnews.com\/static.foxnews.com\/foxnews.com\/content\/uploads\/2025\/01\/720\/405\/agam-berger-reunion-2.jpg?ve=1&amp;tl=1, https:\/\/a57.foxnews.com\/static.foxnews.com\/foxnews.com\/content\/uploads\/2025\/01\/1440\/810\/agam-berger-reunion-2.jpg?ve=1&amp;tl=1 2x\" height=\"405\" width=\"720\"><img loading=\"lazy\" decoding=\"async\" src=\"https:\/\/a57.foxnews.com\/static.foxnews.com\/foxnews.com\/content\/uploads\/2025\/01\/1200\/675\/agam-berger-reunion-2.jpg?ve=1&amp;tl=1\" alt=\"El ex reh\u00e9n de Hamas, Agam Berger, se re\u00fane con su familia.\" width=\"1200\" height=\"675\"\/><\/source><\/source><\/source><\/source><\/picture><\/div>\n<div class=\"info\">\n<div class=\"caption\">\n<p><span>Agam Berger se re\u00fane con su familia.<\/span> <span>(Cortes\u00eda: FDI)<\/span><\/p>\n<\/div>\n<\/div>\n<\/div>\n<p>Bar, la hermana menor, hab\u00eda planeado no alistarse. Pero despu\u00e9s de escuchar que Agam le hab\u00eda prometido a sus compa\u00f1eros rehenes que regresar\u00eda a su base despu\u00e9s de su liberaci\u00f3n, Bar cambi\u00f3 de opini\u00f3n. \u00abTres d\u00edas despu\u00e9s de que Agam lleg\u00f3 a casa, se gradu\u00f3 de su unidad\u00bb, record\u00f3 la madre de los Bergers. \u00abElla quer\u00eda que ella lo llevara hacia adelante\u00bb.<\/p>\n<p>Ahora en casa, Agam est\u00e1 rodeado de amigos, visitantes y atenci\u00f3n sin fin. Pero ella no est\u00e1 en paz, no mientras otros permanecen en cautiverio.<\/p>\n<p>En la sinagoga esta semana, Agam hizo esa llamada en voz alta y p\u00fablica. \u00abNo descansaremos\u00bb, dijo, \u00abhasta que cada alma, viva o muerta, llega a casa\u00bb.<\/p>\n<p><strong><u>Haga clic aqu\u00ed para obtener la aplicaci\u00f3n Fox News<\/u><\/strong><\/p>\n<p>Como dijo su madre: \u00abEsta es la misi\u00f3n jud\u00eda. No hay nada m\u00e1s sagrado. Es nuestro derecho existir, y nuestro renacimiento como pueblo, depende de ello. <\/p>\n<p>\u00abDios trajo a Agam a casa\u00bb, dijo su madre. \u00abAhora tenemos el deber de traer a los dem\u00e1s de regreso tambi\u00e9n\u00bb.<\/p>\n<p> <!----> <\/p>\n<div class=\"article-meta\">\n<div class=\"author-bio\">\n<p>Efrat Lachter es un reportero de investigaci\u00f3n y corresponsal de guerra. Su trabajo la ha llevado a 40 pa\u00edses, incluidos Ucrania, Rusia, Irak, Siria, Sud\u00e1n y Afganist\u00e1n. Recibi\u00f3 la Comunidad para el Periodismo 2024 Knight-Wallace para periodismo. Lachter se puede seguir en x @efratlachter.<\/p>\n<\/div>\n<\/div>\n<\/div>\n\n","protected":false},"excerpt":{"rendered":"<p>Despu\u00e9s de 482 d\u00edas en el cautiverio de Hamas, Agam Berger finalmente estuvo en casa. El mundo la vio por primera vez en las horribles im\u00e1genes del 7 de octubre de 2023, ensangrentada, aterrorizada, junto a otras cuatro soldadas j\u00f3venes secuestradas de la base de las FDI de Nahal Oz. Los terroristas los desfilaron por &hellip;<\/p>\n","protected":false},"author":1,"featured_media":19885,"comment_status":"open","ping_status":"open","sticky":false,"template":"","format":"standard","meta":{"fifu_image_url":"https:\/\/static.foxnews.com\/foxnews.com\/content\/uploads\/2025\/01\/agam-berger-reunion-1.jpg","fifu_image_alt":"","footnotes":""},"categories":[13],"tags":[],"class_list":["post-19883","post","type-post","status-publish","format-standard","has-post-thumbnail","","category-mundo"],"_links":{"self":[{"href":"https:\/\/noticiasveraces.com\/index.php?rest_route=\/wp\/v2\/posts\/19883","targetHints":{"allow":["GET"]}}],"collection":[{"href":"https:\/\/noticiasveraces.com\/index.php?rest_route=\/wp\/v2\/posts"}],"about":[{"href":"https:\/\/noticiasveraces.com\/index.php?rest_route=\/wp\/v2\/types\/post"}],"author":[{"embeddable":true,"href":"https:\/\/noticiasveraces.com\/index.php?rest_route=\/wp\/v2\/users\/1"}],"replies":[{"embeddable":true,"href":"https:\/\/noticiasveraces.com\/index.php?rest_route=%2Fwp%2Fv2%2Fcomments&post=19883"}],"version-history":[{"count":0,"href":"https:\/\/noticiasveraces.com\/index.php?rest_route=\/wp\/v2\/posts\/19883\/revisions"}],"wp:featuredmedia":[{"embeddable":true,"href":"https:\/\/noticiasveraces.com\/index.php?rest_route=\/wp\/v2\/media\/19885"}],"wp:attachment":[{"href":"https:\/\/noticiasveraces.com\/index.php?rest_route=%2Fwp%2Fv2%2Fmedia&parent=19883"}],"wp:term":[{"taxonomy":"category","embeddable":true,"href":"https:\/\/noticiasveraces.com\/index.php?rest_route=%2Fwp%2Fv2%2Fcategories&post=19883"},{"taxonomy":"post_tag","embeddable":true,"href":"https:\/\/noticiasveraces.com\/index.php?rest_route=%2Fwp%2Fv2%2Ftags&post=19883"}],"curies":[{"name":"wp","href":"https:\/\/api.w.org\/{rel}","templated":true}]}}