{"id":19867,"date":"2025-03-23T11:57:53","date_gmt":"2025-03-23T15:57:53","guid":{"rendered":"https:\/\/noticiasveraces.com\/?p=19867"},"modified":"2025-03-23T11:57:53","modified_gmt":"2025-03-23T15:57:53","slug":"la-balanza-de-la-equidad-sociedad","status":"publish","type":"post","link":"https:\/\/noticiasveraces.com\/?p=19867","title":{"rendered":"La balanza de la equidad | Sociedad"},"content":{"rendered":"<p> \n<br \/><img decoding=\"async\" src=\"https:\/\/imagenes.elpais.com\/resizer\/v2\/52F5CPX2UZA4VLGB3HECJ5T6JU.jpg?auth=9414119f52595b02197d236377d9fe521ac29e5835618c9f86b0714a61c4a4de\" \/><\/p>\n<div data-dtm-region=\"articulo_cuerpo\">\n<p class=\"\">Desde 2018, el 23 de marzo se conmemora en Espa\u00f1a el D\u00eda Nacional de la Conciliaci\u00f3n y la Corresponsabilidad. Es este domingo. Usemos esta fecha para sensibilizar, tanto a las parejas que se inician en la convivencia como a las que ya llevan tiempo conviviendo, de la necesidad de que las parejas sean \u201cequitativas, de que formen un verdadero equipo, no solo en beneficio propio sino tambi\u00e9n en el del conjunto de la sociedad.<\/p>\n<p class=\"\">Llevo a\u00f1os investigando y los resultados de los an\u00e1lisis permiten concluir que hasta que las parejas sean \u201cequitativas\u201d las mujeres no tendr\u00e1n las mismas oportunidades en la vida que los hombres, por mucho que las leyes sean igualitarias y que las empresas tengan planes de igualdad. Y aunque todos los d\u00edas deber\u00edan ser el D\u00eda de la Conciliaci\u00f3n y la Corresponsabilidad, es importante darle visibilidad a esta fecha.<\/p>\n<p class=\"\">Porque afecta a demasiadas mujeres: seg\u00fan datos de mi \u00faltima investigaci\u00f3n, en Espa\u00f1a casi seis millones de mujeres viven agotadas mientras su pareja vive con m\u00e1s libertad. Estas mujeres est\u00e1n acarreando lo que hemos denominado la \u201closa de hormig\u00f3n\u201d porque ellas est\u00e1n soportando el 69% tanto de las tareas de la casa como de la crianza. En esta situaci\u00f3n se encuentran casi dos de cada tres mujeres que viven con un hombre.<\/p>\n<p class=\"\">Porque tiene demasiados costes: las relaciones de pareja en las que uno de los dos miembros carga con la \u201closa de hormig\u00f3n\u201d conllevan muchos costes, no solo para la persona que soporta el desequilibrio, sino tambi\u00e9n para su relaci\u00f3n de pareja, sus hijos o hijas, si los tienen, y para el conjunto de la sociedad (empresas, seguridad social, natalidad, divorcios\u2026).<\/p>\n<p class=\"\">Y porque falta demasiado tiempo: al ritmo al que se est\u00e1n reduciendo las parejas desequilibradas, ser\u00e1n necesarias de dos a tres generaciones para lograr la plena equidad en los hogares. Entre el 2016 y el 2023 el n\u00famero de mujeres que soportan el peso de la \u201closa de Hormig\u00f3n\u201d se ha reducido del 70% al 62%.<\/p>\n<p class=\"\">Tambi\u00e9n, en este d\u00eda, es importante entender qu\u00e9 es una pareja equitativa. Son aquellas en las que hay un reparto justo del tiempo que cada miembro de la pareja destina a las tareas que les afectan en su d\u00eda a d\u00eda: las de la casa, incluyendo tanto la realizaci\u00f3n como su organizaci\u00f3n, las de la crianza y el cuidado de personas adultas dependientes, incluyendo tanto la realizaci\u00f3n como su planificaci\u00f3n y las del trabajo remunerado.<\/p>\n<p class=\"\">Consideramos que una pareja es equitativa cuando la suma del tiempo que un miembro de la pareja destina al conjunto de estos tres tipos de tareas, incluida la carga mental, es igual a la suma del tiempo dedicado por el otro.<\/p>\n<p class=\"\">Y al hablar de parejas equitativas hay tres consideraciones que estamos asumiendo. La primera, que no es necesario que el reparto de tiempos sea equitativo a diario, sino que ha de serlo en el c\u00f3mputo global del horizonte temporal que cada pareja defina. La segunda, que no es necesario que sea siempre igual, sino que es l\u00f3gico que se desequilibre seg\u00fan las exigencias profesionales y personales de cada miembro de la pareja.<\/p>\n<p class=\"\">La tercera, que en las etapas realmente complicadas de la vida en lo que a la gesti\u00f3n del tiempo respecta (alg\u00fan familiar dependiente hospitalizado o un reci\u00e9n nacido en casa\u2026) es muy posible que el tiempo del que ambos miembros de la pareja dispongan para su ocio sea muy reducido o incluso inexistente.<\/p>\n<p class=\"\">En esta ecuaci\u00f3n no estamos considerando c\u00f3mo contribuye cada miembro de la pareja al pago de las facturas porque creemos que este es un tema independiente. El tiempo es fijo para ambos, el d\u00eda tiene siempre 24 horas. El hecho de que uno tenga ingresos superiores a los del otro no le exime de realizar la parte del trabajo que le corresponde.<\/p>\n<p class=\"\">Entender todo lo anterior reporta beneficios no solo para las parejas sino para la sociedad. En las relaciones mejorar\u00e1 la salud f\u00edsica y mental del miembro de la pareja que cargaba con la \u201closa\u201d, porque tendr\u00e1 m\u00e1s de tiempo para su ocio con lo que disminuir\u00e1 su estr\u00e9s y mejorar\u00e1 su estado de \u00e1nimo; mejorar\u00e1 el v\u00ednculo en la relaci\u00f3n de pareja, incluido el \u00e1mbito sexoafectivo; tambi\u00e9n la relaci\u00f3n de la madre con sus descendientes, porque estar\u00e1 menos agotada; la del padre con sus descendientes, porque estar\u00e1 m\u00e1s presente; y beneficiar\u00e1 la situaci\u00f3n econ\u00f3mica de la mujer, que no se ver\u00e1 obligada a poner frenos o a abandonar el mercado laboral por las dificultades que tiene para conciliar.<\/p>\n<p class=\"\">Para el conjunto de la sociedad porque habr\u00e1 menos absentismo laboral de mujeres, por lo que disminuir\u00e1n los costes para las empresas; disminuir\u00e1n los costes para la seguridad social, porque las mujeres tendr\u00e1n mejor salud f\u00edsica y mental; las nuevas generaciones tendr\u00e1n menos sesgos y estereotipos de g\u00e9nero por el ejemplo de equidad que habr\u00e1n visto en casa; disminuir\u00e1n las separaciones y divorcios; y puede ser un factor para el aumento de la natalidad.<\/p>\n<p class=\"\">Esta balanza solo estar\u00e1 equilibrada cuando los miembros de la pareja compartan de forma justa el peso de la \u201closa\u201d de las cargas diarias que les ata\u00f1en como pareja o como familia.<\/p>\n<\/div>\n\n","protected":false},"excerpt":{"rendered":"<p>Desde 2018, el 23 de marzo se conmemora en Espa\u00f1a el D\u00eda Nacional de la Conciliaci\u00f3n y la Corresponsabilidad. Es este domingo. Usemos esta fecha para sensibilizar, tanto a las parejas que se inician en la convivencia como a las que ya llevan tiempo conviviendo, de la necesidad de que las parejas sean \u201cequitativas, de &hellip;<\/p>\n","protected":false},"author":1,"featured_media":19869,"comment_status":"open","ping_status":"open","sticky":false,"template":"","format":"standard","meta":{"fifu_image_url":"https:\/\/imagenes.elpais.com\/resizer\/v2\/52F5CPX2UZA4VLGB3HECJ5T6JU.jpg?auth=9414119f52595b02197d236377d9fe521ac29e5835618c9f86b0714a61c4a4de&width=1200","fifu_image_alt":"","footnotes":""},"categories":[11],"tags":[],"class_list":["post-19867","post","type-post","status-publish","format-standard","has-post-thumbnail","","category-viaje"],"_links":{"self":[{"href":"https:\/\/noticiasveraces.com\/index.php?rest_route=\/wp\/v2\/posts\/19867","targetHints":{"allow":["GET"]}}],"collection":[{"href":"https:\/\/noticiasveraces.com\/index.php?rest_route=\/wp\/v2\/posts"}],"about":[{"href":"https:\/\/noticiasveraces.com\/index.php?rest_route=\/wp\/v2\/types\/post"}],"author":[{"embeddable":true,"href":"https:\/\/noticiasveraces.com\/index.php?rest_route=\/wp\/v2\/users\/1"}],"replies":[{"embeddable":true,"href":"https:\/\/noticiasveraces.com\/index.php?rest_route=%2Fwp%2Fv2%2Fcomments&post=19867"}],"version-history":[{"count":0,"href":"https:\/\/noticiasveraces.com\/index.php?rest_route=\/wp\/v2\/posts\/19867\/revisions"}],"wp:featuredmedia":[{"embeddable":true,"href":"https:\/\/noticiasveraces.com\/index.php?rest_route=\/wp\/v2\/media\/19869"}],"wp:attachment":[{"href":"https:\/\/noticiasveraces.com\/index.php?rest_route=%2Fwp%2Fv2%2Fmedia&parent=19867"}],"wp:term":[{"taxonomy":"category","embeddable":true,"href":"https:\/\/noticiasveraces.com\/index.php?rest_route=%2Fwp%2Fv2%2Fcategories&post=19867"},{"taxonomy":"post_tag","embeddable":true,"href":"https:\/\/noticiasveraces.com\/index.php?rest_route=%2Fwp%2Fv2%2Ftags&post=19867"}],"curies":[{"name":"wp","href":"https:\/\/api.w.org\/{rel}","templated":true}]}}