{"id":19851,"date":"2025-03-23T11:19:44","date_gmt":"2025-03-23T15:19:44","guid":{"rendered":"https:\/\/noticiasveraces.com\/?p=19851"},"modified":"2025-03-23T11:19:44","modified_gmt":"2025-03-23T15:19:44","slug":"a-tu-salud-entre-mujeres","status":"publish","type":"post","link":"https:\/\/noticiasveraces.com\/?p=19851","title":{"rendered":"A tu salud | Entre mujeres"},"content":{"rendered":"<p> \n<br \/><img decoding=\"async\" src=\"https:\/\/gdb.voanews.com\/887b9880-1cb3-4cea-3141-08dd5c897904_tv_w800_h450.jpg\" \/><\/p>\n<div id=\"article-content\">\n<p>\n<label data-for=\"more-less-8006552\" data-switcher-trigger=\"true\" class=\"switcher-trigger__label switcher-trigger__label--more\" title=\"Mostrar m\u00e1s\"><\/p>\n<p>Mostrar m\u00e1s<br \/>\n<span class=\"ico ico-chevron-down\"\/><br \/>\n<\/label><br \/>\n<label data-for=\"more-less-8006552\" data-switcher-trigger=\"true\" class=\"switcher-trigger__label switcher-trigger__label--less\" title=\"Mostrar menos\"><\/p>\n<p>Menos<br \/>\n<span class=\"ico ico-chevron-up\"\/><br \/>\n<\/label>\n<\/p>\n<div class=\"wsw switcher-target m-t-lg\" data-switch-target=\"more-less-8006552\">\n<p>Dedicamos este primer episodio del podcast A tu salud a la mujer. Desde ya les digo que no se trata de dar una mirada feminista o aislada de la energ\u00eda masculina que nos acompa\u00f1a en la vida, sino que nos unimos a la conmemoraci\u00f3n del D\u00eda Internacional de la Mujer, que tiene su origen en las luchas de las mujeres por el derecho al voto, mejores condiciones laborales e igualdad de g\u00e9nero. En una conversaci\u00f3n fresca con Christina Balinotti, psic\u00f3loga cl\u00ednica y experta en temas de familia y Klara Senior, nutricionista, m\u00e9dico y sex\u00f3loga cl\u00ednica, hablamos sobre la autovaloraci\u00f3n, el amor propio y c\u00f3mo cuidar de nuestra salud en tiempos demandantes. <\/p>\n<\/div>\n<\/div>\n\n","protected":false},"excerpt":{"rendered":"<p>Mostrar m\u00e1s Menos Dedicamos este primer episodio del podcast A tu salud a la mujer. Desde ya les digo que no se trata de dar una mirada feminista o aislada de la energ\u00eda masculina que nos acompa\u00f1a en la vida, sino que nos unimos a la conmemoraci\u00f3n del D\u00eda Internacional de la Mujer, que tiene &hellip;<\/p>\n","protected":false},"author":1,"featured_media":19853,"comment_status":"open","ping_status":"open","sticky":false,"template":"","format":"standard","meta":{"fifu_image_url":"https:\/\/gdb.voanews.com\/887b9880-1cb3-4cea-3141-08dd5c897904_tv_w800_h450.jpg","fifu_image_alt":"","footnotes":""},"categories":[8],"tags":[],"class_list":["post-19851","post","type-post","status-publish","format-standard","has-post-thumbnail","","category-salud"],"_links":{"self":[{"href":"https:\/\/noticiasveraces.com\/index.php?rest_route=\/wp\/v2\/posts\/19851","targetHints":{"allow":["GET"]}}],"collection":[{"href":"https:\/\/noticiasveraces.com\/index.php?rest_route=\/wp\/v2\/posts"}],"about":[{"href":"https:\/\/noticiasveraces.com\/index.php?rest_route=\/wp\/v2\/types\/post"}],"author":[{"embeddable":true,"href":"https:\/\/noticiasveraces.com\/index.php?rest_route=\/wp\/v2\/users\/1"}],"replies":[{"embeddable":true,"href":"https:\/\/noticiasveraces.com\/index.php?rest_route=%2Fwp%2Fv2%2Fcomments&post=19851"}],"version-history":[{"count":0,"href":"https:\/\/noticiasveraces.com\/index.php?rest_route=\/wp\/v2\/posts\/19851\/revisions"}],"wp:featuredmedia":[{"embeddable":true,"href":"https:\/\/noticiasveraces.com\/index.php?rest_route=\/wp\/v2\/media\/19853"}],"wp:attachment":[{"href":"https:\/\/noticiasveraces.com\/index.php?rest_route=%2Fwp%2Fv2%2Fmedia&parent=19851"}],"wp:term":[{"taxonomy":"category","embeddable":true,"href":"https:\/\/noticiasveraces.com\/index.php?rest_route=%2Fwp%2Fv2%2Fcategories&post=19851"},{"taxonomy":"post_tag","embeddable":true,"href":"https:\/\/noticiasveraces.com\/index.php?rest_route=%2Fwp%2Fv2%2Ftags&post=19851"}],"curies":[{"name":"wp","href":"https:\/\/api.w.org\/{rel}","templated":true}]}}